{"id":10297,"date":"2023-04-24T10:46:27","date_gmt":"2023-04-24T08:46:27","guid":{"rendered":"https:\/\/www.fundacionsancebrian.com\/portal\/?p=10297"},"modified":"2023-05-10T16:40:14","modified_gmt":"2023-05-10T14:40:14","slug":"el-proyecto-ahora-es-el-momento-de-fundacion-san-cebrian-recibe-apoyo-de-fundacion-la-caixa","status":"publish","type":"post","link":"https:\/\/www.fundacionsancebrian.com\/portal\/el-proyecto-ahora-es-el-momento-de-fundacion-san-cebrian-recibe-apoyo-de-fundacion-la-caixa\/","title":{"rendered":"El proyecto &#8216;Ahora es el momento&#8217; de Fundaci\u00f3n San Cebri\u00e1n recibe apoyo de Fundaci\u00f3n La Caixa"},"content":{"rendered":"<div id=\"pl-10297\"  class=\"panel-layout\" ><div id=\"pg-10297-0\"  class=\"panel-grid panel-has-style\" ><div class=\"panel-row-style panel-row-style-for-10297-0\" ><div id=\"pgc-10297-0-0\"  class=\"panel-grid-cell\" ><div id=\"panel-10297-0-0-0\" class=\"so-panel widget widget_sow-editor panel-first-child panel-last-child\" data-index=\"0\" ><div\n\t\t\t\n\t\t\tclass=\"so-widget-sow-editor so-widget-sow-editor-base\"\n\t\t\t\n\t\t>\n<div class=\"siteorigin-widget-tinymce textwidget\">\n\t<hr \/>\n<p>&nbsp;<\/p>\n<\/div>\n<\/div><\/div><\/div><\/div><\/div><div id=\"pg-10297-1\"  class=\"panel-grid panel-no-style\" ><div id=\"pgc-10297-1-0\"  class=\"panel-grid-cell panel-grid-cell-mobile-last\" ><div id=\"panel-10297-1-0-0\" class=\"so-panel widget widget_sow-image panel-first-child\" data-index=\"1\" ><div class=\"panel-widget-style panel-widget-style-for-10297-1-0-0\" ><div\n\t\t\t\n\t\t\tclass=\"so-widget-sow-image so-widget-sow-image-default-4e6925654b7a-10297\"\n\t\t\t\n\t\t>\n<div class=\"sow-image-container\">\n\t\t<img \n\tsrc=\"https:\/\/www.fundacionsancebrian.com\/portal\/wp-content\/uploads\/2019\/12\/EtR3-e1575535111209.png\" width=\"250\" height=\"50\" sizes=\"(max-width: 250px) 100vw, 250px\" title=\"EtR3\" alt=\"\" \t\tclass=\"so-widget-image\"\/>\n\t<\/div>\n\n<\/div><\/div><\/div><div id=\"panel-10297-1-0-1\" class=\"so-panel widget widget_sow-editor panel-last-child\" data-index=\"2\" ><div class=\"panel-widget-style panel-widget-style-for-10297-1-0-1\" ><div\n\t\t\t\n\t\t\tclass=\"so-widget-sow-editor so-widget-sow-editor-base\"\n\t\t\t\n\t\t>\n<div class=\"siteorigin-widget-tinymce textwidget\">\n\t<div style=\"font-size: 18px; line-height: 1.8em; font-family: Arial;\">\n<p><strong>El proyecto \u2018Ahora es el momento\u2019 de Fundaci\u00f3n San Cebri\u00e1n<br \/>\nrecibe apoyo de Fundaci\u00f3n La Caixa<\/strong><\/p>\n<p>La Fundaci\u00f3n La Caixa ha elegido el proyecto 'Ahora es el momento'<br \/>\nde la Fundaci\u00f3n San Cebri\u00e1n<br \/>\npara que reciba una ayuda social.<br \/>\nOtros 57 proyectos sociales de Castilla y Le\u00f3n<br \/>\ntambi\u00e9n han recibido esta ayuda.<\/p>\n<p>El proyecto 'Ahora es el momento' es para evitar<br \/>\nque las persona se sientan aisladas<br \/>\ny desconectadas de los dem\u00e1s.<br \/>\nTambi\u00e9n es para mejorar la independencia<br \/>\ny la capacidad de las personas para cuidar de s\u00ed mismas.<br \/>\nEste proyecto es para personas mayores<br \/>\ny personas con discapacidad intelectual<br \/>\nen zonas rurales.<br \/>\nAs\u00ed pueden para mantener su independencia<br \/>\ny vivir en sus hogares.<\/p>\n<p>Otro de los objetivos del proyecto<br \/>\nes renovar una casa en el pueblo de Fr\u00f3mista<br \/>\npara personas que necesiten un respiro<br \/>\no que quieran volver a vivir en su pueblo.<br \/>\nLa casa ser\u00e1 adaptada y accesible<br \/>\npara personas mayores de 65 a\u00f1os<br \/>\ny personas con discapacidad intelectual<br \/>\nque quieran vivir de solos pero con apoyo.<\/p>\n<\/div>\n<\/div>\n<\/div><\/div><\/div><\/div><div id=\"pgc-10297-1-1\"  class=\"panel-grid-cell panel-grid-cell-empty\" ><\/div><\/div><div id=\"pg-10297-2\"  class=\"panel-grid panel-no-style\" ><div id=\"pgc-10297-2-0\"  class=\"panel-grid-cell\" ><div id=\"panel-10297-2-0-0\" class=\"so-panel widget widget_sow-editor panel-first-child panel-last-child\" data-index=\"3\" ><div\n\t\t\t\n\t\t\tclass=\"so-widget-sow-editor so-widget-sow-editor-base\"\n\t\t\t\n\t\t><h3 class=\"widget-title\">El proyecto permitir\u00e1 que personas del entorno puedan tener una vida con sentido all\u00e1 donde quieran desarrollar su vida<\/h3>\n<div class=\"siteorigin-widget-tinymce textwidget\">\n\t<p>La Fundaci\u00f3n La Caixa ha seleccionado el proyecto de Fundaci\u00f3n San Cebri\u00e1n <em>'Ahora es el momento<\/em>' en su Convocatoria de ayudas sociales, de la que han resultado tambi\u00e9n beneficiarios un total de 57 proyectos sociales de Castilla y Le\u00f3n.\u00a0\u00a0El proyecto 'Ahora es el momento...' de la entidad est\u00e1 centrado en la prevenci\u00f3n en situaciones de soledad no deseada y en la promoci\u00f3n de la autonom\u00eda personal y prevenci\u00f3n de la fragilidad de las personas.<\/p>\n<p>Es un proyecto que est\u00e1 entre las l\u00edneas de actuaci\u00f3n dirigidas a personas mayores y personas con discapacidad intelectual que puedan demandar un servicio de atenci\u00f3n en red para conservar su autonom\u00eda y autodeterminaci\u00f3n, en medio rural. Supone un acercamiento de servicios al medio rural que les permita a las personas mayores y\/o discapacidad continuar viviendo en su domicilio.<\/p>\n<p><a href=\"https:\/\/www.fundacionsancebrian.com\/portal\/?attachment_id=10311#main\" rel=\"attachment wp-att-10311\"><img fetchpriority=\"high\" fetchpriority=\"high\" decoding=\"async\" class=\"size-large wp-image-10311 aligncenter\" src=\"https:\/\/www.fundacionsancebrian.com\/portal\/wp-content\/uploads\/2023\/05\/Resolucion-Convocatoria-Proyectos-Sociales-Castilla-y-Leon-1-1024x683.jpg\" alt=\"\" width=\"720\" height=\"480\" srcset=\"https:\/\/www.fundacionsancebrian.com\/portal\/wp-content\/uploads\/2023\/05\/Resolucion-Convocatoria-Proyectos-Sociales-Castilla-y-Leon-1-1024x683.jpg 1024w, https:\/\/www.fundacionsancebrian.com\/portal\/wp-content\/uploads\/2023\/05\/Resolucion-Convocatoria-Proyectos-Sociales-Castilla-y-Leon-1-300x200.jpg 300w, https:\/\/www.fundacionsancebrian.com\/portal\/wp-content\/uploads\/2023\/05\/Resolucion-Convocatoria-Proyectos-Sociales-Castilla-y-Leon-1-768x513.jpg 768w, https:\/\/www.fundacionsancebrian.com\/portal\/wp-content\/uploads\/2023\/05\/Resolucion-Convocatoria-Proyectos-Sociales-Castilla-y-Leon-1-600x400.jpg 600w, https:\/\/www.fundacionsancebrian.com\/portal\/wp-content\/uploads\/2023\/05\/Resolucion-Convocatoria-Proyectos-Sociales-Castilla-y-Leon-1-1536x1025.jpg 1536w, https:\/\/www.fundacionsancebrian.com\/portal\/wp-content\/uploads\/2023\/05\/Resolucion-Convocatoria-Proyectos-Sociales-Castilla-y-Leon-1-2048x1367.jpg 2048w, https:\/\/www.fundacionsancebrian.com\/portal\/wp-content\/uploads\/2023\/05\/Resolucion-Convocatoria-Proyectos-Sociales-Castilla-y-Leon-1-272x182.jpg 272w\" sizes=\"(max-width: 720px) 100vw, 720px\" \/><\/a><\/p>\n<p>Uno de los objetivos del Programa es rehabilitar una vivienda en el municipio de Fr\u00f3mista que de respuesta de vivienda a personas del entorno, ante una necesidad de respiro, o de vivienda habitual por que se vuelve a vivir al pueblo y no tiene ya una vivienda adaptada. Y equiparla de forma funcional y accesible con las ayudas t\u00e9cnicas que conocemos. Est\u00e1 dirigido principalmente a las personas mayores de 65 a\u00f1os y de las personas con discapacidad intelectual de los municipios descritos, que quieran permanecer en su entorno habitual viviendo deforma aut\u00f3noma, con apoyos.<\/p>\n<p><a href=\"http:\/\/fundacionlacaixa.org\">P\u00e1gina web de Fundaci\u00f3n La Caixa<\/a><\/p>\n<\/div>\n<\/div><\/div><\/div><\/div><\/div>","protected":false},"excerpt":{"rendered":"<p>&nbsp; El proyecto \u2018Ahora es el momento\u2019 de Fundaci\u00f3n San Cebri\u00e1n recibe apoyo de Fundaci\u00f3n La Caixa La Fundaci\u00f3n La Caixa ha elegido el proyecto &#8216;Ahora es el momento&#8217; de la Fundaci\u00f3n San Cebri\u00e1n para que reciba una ayuda social. Otros 57 proyectos sociales de Castilla y Le\u00f3n tambi\u00e9n han recibido esta ayuda. El proyecto [&hellip;]<\/p>\n","protected":false},"author":1,"featured_media":10311,"comment_status":"open","ping_status":"open","sticky":false,"template":"","format":"standard","meta":{"_seopress_robots_primary_cat":"","_seopress_titles_title":"","_seopress_titles_desc":"","_seopress_robots_index":"","_eb_attr":"","footnotes":""},"categories":[8],"tags":[],"class_list":["post-10297","post","type-post","status-publish","format-standard","has-post-thumbnail","hentry","category-noticias","post-with-thumbnail","post-with-thumbnail-icon"],"_links":{"self":[{"href":"https:\/\/www.fundacionsancebrian.com\/portal\/wp-json\/wp\/v2\/posts\/10297","targetHints":{"allow":["GET"]}}],"collection":[{"href":"https:\/\/www.fundacionsancebrian.com\/portal\/wp-json\/wp\/v2\/posts"}],"about":[{"href":"https:\/\/www.fundacionsancebrian.com\/portal\/wp-json\/wp\/v2\/types\/post"}],"author":[{"embeddable":true,"href":"https:\/\/www.fundacionsancebrian.com\/portal\/wp-json\/wp\/v2\/users\/1"}],"replies":[{"embeddable":true,"href":"https:\/\/www.fundacionsancebrian.com\/portal\/wp-json\/wp\/v2\/comments?post=10297"}],"version-history":[{"count":12,"href":"https:\/\/www.fundacionsancebrian.com\/portal\/wp-json\/wp\/v2\/posts\/10297\/revisions"}],"predecessor-version":[{"id":10323,"href":"https:\/\/www.fundacionsancebrian.com\/portal\/wp-json\/wp\/v2\/posts\/10297\/revisions\/10323"}],"wp:featuredmedia":[{"embeddable":true,"href":"https:\/\/www.fundacionsancebrian.com\/portal\/wp-json\/wp\/v2\/media\/10311"}],"wp:attachment":[{"href":"https:\/\/www.fundacionsancebrian.com\/portal\/wp-json\/wp\/v2\/media?parent=10297"}],"wp:term":[{"taxonomy":"category","embeddable":true,"href":"https:\/\/www.fundacionsancebrian.com\/portal\/wp-json\/wp\/v2\/categories?post=10297"},{"taxonomy":"post_tag","embeddable":true,"href":"https:\/\/www.fundacionsancebrian.com\/portal\/wp-json\/wp\/v2\/tags?post=10297"}],"curies":[{"name":"wp","href":"https:\/\/api.w.org\/{rel}","templated":true}]}}