{"id":10663,"date":"2023-07-10T14:46:40","date_gmt":"2023-07-10T12:46:40","guid":{"rendered":"https:\/\/www.fundacionsancebrian.com\/portal\/?p=10663"},"modified":"2023-07-14T13:46:22","modified_gmt":"2023-07-14T11:46:22","slug":"el-grupo-fundacion-san-cebrian-forma-a-30-jovenes-como-monitores-de-tiempo-libre-gracias-a-la-escuela-de-animacion","status":"publish","type":"post","link":"https:\/\/www.fundacionsancebrian.com\/portal\/el-grupo-fundacion-san-cebrian-forma-a-30-jovenes-como-monitores-de-tiempo-libre-gracias-a-la-escuela-de-animacion\/","title":{"rendered":"El Grupo Fundaci\u00f3n San Cebri\u00e1n forma a 30 j\u00f3venes como monitores de tiempo libre gracias a la Escuela de Animaci\u00f3n"},"content":{"rendered":"<div id=\"pl-10663\"  class=\"panel-layout\" ><div id=\"pg-10663-0\"  class=\"panel-grid panel-has-style\" ><div class=\"panel-row-style panel-row-style-for-10663-0\" ><div id=\"pgc-10663-0-0\"  class=\"panel-grid-cell\" ><div id=\"panel-10663-0-0-0\" class=\"so-panel widget widget_sow-editor panel-first-child panel-last-child\" data-index=\"0\" ><div\n\t\t\t\n\t\t\tclass=\"so-widget-sow-editor so-widget-sow-editor-base\"\n\t\t\t\n\t\t>\n<div class=\"siteorigin-widget-tinymce textwidget\">\n\t<hr \/>\n<p>&nbsp;<\/p>\n<\/div>\n<\/div><\/div><\/div><\/div><\/div><div id=\"pg-10663-1\"  class=\"panel-grid panel-no-style\" ><div id=\"pgc-10663-1-0\"  class=\"panel-grid-cell\" ><div id=\"panel-10663-1-0-0\" class=\"so-panel widget widget_sow-image panel-first-child\" data-index=\"1\" ><div class=\"panel-widget-style panel-widget-style-for-10663-1-0-0\" ><div\n\t\t\t\n\t\t\tclass=\"so-widget-sow-image so-widget-sow-image-default-4e6925654b7a-10663\"\n\t\t\t\n\t\t>\n<div class=\"sow-image-container\">\n\t\t<img \n\tsrc=\"https:\/\/www.fundacionsancebrian.com\/portal\/wp-content\/uploads\/2019\/12\/EtR3-e1575535111209.png\" width=\"250\" height=\"50\" sizes=\"(max-width: 250px) 100vw, 250px\" title=\"EtR3\" alt=\"\" \t\tclass=\"so-widget-image\"\/>\n\t<\/div>\n\n<\/div><\/div><\/div><div id=\"panel-10663-1-0-1\" class=\"so-panel widget widget_sow-editor panel-last-child\" data-index=\"2\" ><div class=\"panel-widget-style panel-widget-style-for-10663-1-0-1\" ><div\n\t\t\t\n\t\t\tclass=\"so-widget-sow-editor so-widget-sow-editor-base\"\n\t\t\t\n\t\t>\n<div class=\"siteorigin-widget-tinymce textwidget\">\n\t<div style=\"font-size: 18px; line-height: 1.8em; font-family: Arial;\">\n<p><strong>Curso de monitor de tiempo libre<\/strong><\/p>\n<p>La Escuela de Animaci\u00f3n Puntos Suspensivos<br \/>\ndel Grupo Fundaci\u00f3n San Cebri\u00e1n esta ha organizado<br \/>\nun curso de Monitor de Tiempo Libre.<\/p>\n<p>El curso es en el centro Cultural Lecr\u00e1c<br \/>\ny el Ayuntamiento presta la Sala de Juventud.<br \/>\nEn total hay 30 j\u00f3venes haciendo este curso.<\/p>\n<p>El curso acaba el 21 de julio.<\/p>\n<p>La Escuela de Animaci\u00f3n Puntos Suspensivos<br \/>\norganiza estos cursos de monitor de tiempo libre<br \/>\ny coordinador de tiempo libre<br \/>\ny tambi\u00e9n ense\u00f1a a los alumnos<br \/>\nlas ideas de la Fundaci\u00f3n.<\/p>\n<p>Tambi\u00e9n hay alumnos con discapacidad intelectual<br \/>\ny ahora est\u00e1n haciendo pr\u00e1cticas en otros cursos.<\/p>\n<p>El objetivo es que estas personas<br \/>\ntrabajen como <strong>auxiliares<\/strong> en los cursos<br \/>\ny aporten su experiencia y valores.<\/p>\n<\/div>\n<\/div>\n<\/div><\/div><\/div><\/div><div id=\"pgc-10663-1-1\"  class=\"panel-grid-cell\" ><div id=\"panel-10663-1-1-0\" class=\"so-panel widget widget_sow-editor panel-first-child panel-last-child\" data-index=\"3\" ><div class=\"panel-widget-style panel-widget-style-for-10663-1-1-0\" ><div\n\t\t\t\n\t\t\tclass=\"so-widget-sow-editor so-widget-sow-editor-base\"\n\t\t\t\n\t\t>\n<div class=\"siteorigin-widget-tinymce textwidget\">\n\t<div style=\"font-size: 18px; line-height: 1.8em; font-family: Arial;\">\n<p><strong>Auxiliar<\/strong>: Un auxiliar es una persona<br \/>\nque apoya en una actividad.<br \/>\nPor ejemplo alguien que colabora<br \/>\ncon el monitor principal<br \/>\nayudando en las actividades<br \/>\ny trabajando para que todo funcione bien.<\/p>\n<\/div>\n<\/div>\n<\/div><\/div><\/div><\/div><\/div><div id=\"pg-10663-2\"  class=\"panel-grid panel-no-style\" ><div id=\"pgc-10663-2-0\"  class=\"panel-grid-cell\" ><div id=\"panel-10663-2-0-0\" class=\"so-panel widget widget_sow-editor panel-first-child panel-last-child\" data-index=\"4\" ><div\n\t\t\t\n\t\t\tclass=\"so-widget-sow-editor so-widget-sow-editor-base\"\n\t\t\t\n\t\t>\n<div class=\"siteorigin-widget-tinymce textwidget\">\n\t<p>El Grupo Fundaci\u00f3n San Cebri\u00e1n ha arrancado un nuevo curso de Monitor de Tiempo Libre, gracias a la Escuela de Animaci\u00f3n Puntos Suspensivos de la entidad. En el curso, que se est\u00e1 celebrando en una de las salas del centro Cultural Lecr\u00e1c, gracias a la cesi\u00f3n del Ayuntamiento de una de las Sala de Juventud de este espacio social, se est\u00e1n formando 30 j\u00f3venes.<\/p>\n<p>El curso finalizar\u00e1 el pr\u00f3ximo d\u00eda 21 de julio.<\/p>\n<p>La Escuela de Animaci\u00f3n Puntos Suspensivos organiza cursos de monitor de tiempo libre y coordinador aportando adem\u00e1s un plus a esa formaci\u00f3n trasladando los valores de la entidad social y adem\u00e1s, apostando por el empleo de las personas con discapacidad. Recientemente un grupo de personas con discapacidad recib\u00edan formaci\u00f3n como auxliares de monitor de tiempo libre y actualmente est\u00e1 realizando sus pr\u00e1cticas en los cursos que imparte la Escuela o cursos contratados por entidades p\u00fablicas. El objetivo es que estas personas trabajen en los cursos como auxiliares y aporten as\u00ed su experiencia y valores.<\/p>\n\n\t\t<style type=\"text\/css\">\n\t\t\t#gallery-1 {\n\t\t\t\tmargin: auto;\n\t\t\t}\n\t\t\t#gallery-1 .gallery-item {\n\t\t\t\tfloat: left;\n\t\t\t\tmargin-top: 10px;\n\t\t\t\ttext-align: center;\n\t\t\t\twidth: 33%;\n\t\t\t}\n\t\t\t#gallery-1 img {\n\t\t\t\tborder: 2px solid #cfcfcf;\n\t\t\t}\n\t\t\t#gallery-1 .gallery-caption {\n\t\t\t\tmargin-left: 0;\n\t\t\t}\n\t\t\t\/* see gallery_shortcode() in wp-includes\/media.php *\/\n\t\t<\/style>\n\t\t<div id='gallery-1' class='gallery galleryid-10663 gallery-columns-3 gallery-size-thumbnail'><dl class='gallery-item'>\n\t\t\t<dt class='gallery-icon portrait'>\n\t\t\t\t<a href='https:\/\/www.fundacionsancebrian.com\/portal\/el-grupo-fundacion-san-cebrian-forma-a-30-jovenes-como-monitores-de-tiempo-libre-gracias-a-la-escuela-de-animacion\/whatsapp-image-2023-07-10-at-13-16-16-4-copia\/#main'><img decoding=\"async\" width=\"150\" height=\"150\" src=\"https:\/\/www.fundacionsancebrian.com\/portal\/wp-content\/uploads\/2023\/07\/WhatsApp-Image-2023-07-10-at-13.16.16-4-copia-150x150.jpeg\" class=\"attachment-thumbnail size-thumbnail\" alt=\"\" srcset=\"https:\/\/www.fundacionsancebrian.com\/portal\/wp-content\/uploads\/2023\/07\/WhatsApp-Image-2023-07-10-at-13.16.16-4-copia-150x150.jpeg 150w, https:\/\/www.fundacionsancebrian.com\/portal\/wp-content\/uploads\/2023\/07\/WhatsApp-Image-2023-07-10-at-13.16.16-4-copia-300x300.jpeg 300w, https:\/\/www.fundacionsancebrian.com\/portal\/wp-content\/uploads\/2023\/07\/WhatsApp-Image-2023-07-10-at-13.16.16-4-copia-100x100.jpeg 100w, https:\/\/www.fundacionsancebrian.com\/portal\/wp-content\/uploads\/2023\/07\/WhatsApp-Image-2023-07-10-at-13.16.16-4-copia-375x375.jpeg 375w\" sizes=\"(max-width: 150px) 100vw, 150px\" \/><\/a>\n\t\t\t<\/dt><\/dl><dl class='gallery-item'>\n\t\t\t<dt class='gallery-icon portrait'>\n\t\t\t\t<a href='https:\/\/www.fundacionsancebrian.com\/portal\/el-grupo-fundacion-san-cebrian-forma-a-30-jovenes-como-monitores-de-tiempo-libre-gracias-a-la-escuela-de-animacion\/whatsapp-image-2023-07-10-at-13-16-16-2-copia\/#main'><img decoding=\"async\" width=\"150\" height=\"150\" src=\"https:\/\/www.fundacionsancebrian.com\/portal\/wp-content\/uploads\/2023\/07\/WhatsApp-Image-2023-07-10-at-13.16.16-2-copia-150x150.jpeg\" class=\"attachment-thumbnail size-thumbnail\" alt=\"\" srcset=\"https:\/\/www.fundacionsancebrian.com\/portal\/wp-content\/uploads\/2023\/07\/WhatsApp-Image-2023-07-10-at-13.16.16-2-copia-150x150.jpeg 150w, https:\/\/www.fundacionsancebrian.com\/portal\/wp-content\/uploads\/2023\/07\/WhatsApp-Image-2023-07-10-at-13.16.16-2-copia-300x300.jpeg 300w, https:\/\/www.fundacionsancebrian.com\/portal\/wp-content\/uploads\/2023\/07\/WhatsApp-Image-2023-07-10-at-13.16.16-2-copia-100x100.jpeg 100w, https:\/\/www.fundacionsancebrian.com\/portal\/wp-content\/uploads\/2023\/07\/WhatsApp-Image-2023-07-10-at-13.16.16-2-copia-375x375.jpeg 375w\" sizes=\"(max-width: 150px) 100vw, 150px\" \/><\/a>\n\t\t\t<\/dt><\/dl><dl class='gallery-item'>\n\t\t\t<dt class='gallery-icon portrait'>\n\t\t\t\t<a href='https:\/\/www.fundacionsancebrian.com\/portal\/el-grupo-fundacion-san-cebrian-forma-a-30-jovenes-como-monitores-de-tiempo-libre-gracias-a-la-escuela-de-animacion\/whatsapp-image-2023-07-10-at-13-16-16-1\/#main'><img loading=\"lazy\" decoding=\"async\" width=\"150\" height=\"150\" src=\"https:\/\/www.fundacionsancebrian.com\/portal\/wp-content\/uploads\/2023\/07\/WhatsApp-Image-2023-07-10-at-13.16.16-1-150x150.jpeg\" class=\"attachment-thumbnail size-thumbnail\" alt=\"\" srcset=\"https:\/\/www.fundacionsancebrian.com\/portal\/wp-content\/uploads\/2023\/07\/WhatsApp-Image-2023-07-10-at-13.16.16-1-150x150.jpeg 150w, https:\/\/www.fundacionsancebrian.com\/portal\/wp-content\/uploads\/2023\/07\/WhatsApp-Image-2023-07-10-at-13.16.16-1-300x300.jpeg 300w, https:\/\/www.fundacionsancebrian.com\/portal\/wp-content\/uploads\/2023\/07\/WhatsApp-Image-2023-07-10-at-13.16.16-1-100x100.jpeg 100w, https:\/\/www.fundacionsancebrian.com\/portal\/wp-content\/uploads\/2023\/07\/WhatsApp-Image-2023-07-10-at-13.16.16-1-375x375.jpeg 375w\" sizes=\"(max-width: 150px) 100vw, 150px\" \/><\/a>\n\t\t\t<\/dt><\/dl><br style=\"clear: both\" \/><dl class='gallery-item'>\n\t\t\t<dt class='gallery-icon landscape'>\n\t\t\t\t<a href='https:\/\/www.fundacionsancebrian.com\/portal\/el-grupo-fundacion-san-cebrian-forma-a-30-jovenes-como-monitores-de-tiempo-libre-gracias-a-la-escuela-de-animacion\/whatsapp-image-2023-07-10-at-13-15-22-copia\/#main'><img loading=\"lazy\" decoding=\"async\" width=\"150\" height=\"150\" src=\"https:\/\/www.fundacionsancebrian.com\/portal\/wp-content\/uploads\/2023\/07\/WhatsApp-Image-2023-07-10-at-13.15.22-copia-150x150.jpeg\" class=\"attachment-thumbnail size-thumbnail\" alt=\"\" srcset=\"https:\/\/www.fundacionsancebrian.com\/portal\/wp-content\/uploads\/2023\/07\/WhatsApp-Image-2023-07-10-at-13.15.22-copia-150x150.jpeg 150w, https:\/\/www.fundacionsancebrian.com\/portal\/wp-content\/uploads\/2023\/07\/WhatsApp-Image-2023-07-10-at-13.15.22-copia-300x300.jpeg 300w, https:\/\/www.fundacionsancebrian.com\/portal\/wp-content\/uploads\/2023\/07\/WhatsApp-Image-2023-07-10-at-13.15.22-copia-100x100.jpeg 100w, https:\/\/www.fundacionsancebrian.com\/portal\/wp-content\/uploads\/2023\/07\/WhatsApp-Image-2023-07-10-at-13.15.22-copia-375x375.jpeg 375w\" sizes=\"(max-width: 150px) 100vw, 150px\" \/><\/a>\n\t\t\t<\/dt><\/dl><dl class='gallery-item'>\n\t\t\t<dt class='gallery-icon landscape'>\n\t\t\t\t<a href='https:\/\/www.fundacionsancebrian.com\/portal\/el-grupo-fundacion-san-cebrian-forma-a-30-jovenes-como-monitores-de-tiempo-libre-gracias-a-la-escuela-de-animacion\/whatsapp-image-2023-07-10-at-13-15-21-copia-2\/#main'><img loading=\"lazy\" decoding=\"async\" width=\"150\" height=\"150\" src=\"https:\/\/www.fundacionsancebrian.com\/portal\/wp-content\/uploads\/2023\/07\/WhatsApp-Image-2023-07-10-at-13.15.21-copia-2-150x150.jpeg\" class=\"attachment-thumbnail size-thumbnail\" alt=\"\" srcset=\"https:\/\/www.fundacionsancebrian.com\/portal\/wp-content\/uploads\/2023\/07\/WhatsApp-Image-2023-07-10-at-13.15.21-copia-2-150x150.jpeg 150w, https:\/\/www.fundacionsancebrian.com\/portal\/wp-content\/uploads\/2023\/07\/WhatsApp-Image-2023-07-10-at-13.15.21-copia-2-300x300.jpeg 300w, https:\/\/www.fundacionsancebrian.com\/portal\/wp-content\/uploads\/2023\/07\/WhatsApp-Image-2023-07-10-at-13.15.21-copia-2-100x100.jpeg 100w, https:\/\/www.fundacionsancebrian.com\/portal\/wp-content\/uploads\/2023\/07\/WhatsApp-Image-2023-07-10-at-13.15.21-copia-2-375x375.jpeg 375w\" sizes=\"(max-width: 150px) 100vw, 150px\" \/><\/a>\n\t\t\t<\/dt><\/dl><dl class='gallery-item'>\n\t\t\t<dt class='gallery-icon portrait'>\n\t\t\t\t<a href='https:\/\/www.fundacionsancebrian.com\/portal\/el-grupo-fundacion-san-cebrian-forma-a-30-jovenes-como-monitores-de-tiempo-libre-gracias-a-la-escuela-de-animacion\/whatsapp-image-2023-07-10-at-13-16-16-3-copia\/#main'><img loading=\"lazy\" decoding=\"async\" width=\"150\" height=\"150\" src=\"https:\/\/www.fundacionsancebrian.com\/portal\/wp-content\/uploads\/2023\/07\/WhatsApp-Image-2023-07-10-at-13.16.16-3-copia-150x150.jpeg\" class=\"attachment-thumbnail size-thumbnail\" alt=\"\" srcset=\"https:\/\/www.fundacionsancebrian.com\/portal\/wp-content\/uploads\/2023\/07\/WhatsApp-Image-2023-07-10-at-13.16.16-3-copia-150x150.jpeg 150w, https:\/\/www.fundacionsancebrian.com\/portal\/wp-content\/uploads\/2023\/07\/WhatsApp-Image-2023-07-10-at-13.16.16-3-copia-300x300.jpeg 300w, https:\/\/www.fundacionsancebrian.com\/portal\/wp-content\/uploads\/2023\/07\/WhatsApp-Image-2023-07-10-at-13.16.16-3-copia-100x100.jpeg 100w, https:\/\/www.fundacionsancebrian.com\/portal\/wp-content\/uploads\/2023\/07\/WhatsApp-Image-2023-07-10-at-13.16.16-3-copia-375x375.jpeg 375w\" sizes=\"(max-width: 150px) 100vw, 150px\" \/><\/a>\n\t\t\t<\/dt><\/dl><br style=\"clear: both\" \/>\n\t\t<\/div>\n\n<\/div>\n<\/div><\/div><\/div><\/div><\/div>","protected":false},"excerpt":{"rendered":"<p>El Grupo Fundaci\u00f3n San Cebri\u00e1n ha arrancado un nuevo curso de Monitor de Tiempo Libre.<\/p>\n","protected":false},"author":1,"featured_media":10670,"comment_status":"open","ping_status":"open","sticky":false,"template":"","format":"standard","meta":{"_seopress_robots_primary_cat":"","_seopress_titles_title":"","_seopress_titles_desc":"","_seopress_robots_index":"","_eb_attr":"","footnotes":""},"categories":[8],"tags":[],"class_list":["post-10663","post","type-post","status-publish","format-standard","has-post-thumbnail","hentry","category-noticias","post-with-thumbnail","post-with-thumbnail-icon"],"_links":{"self":[{"href":"https:\/\/www.fundacionsancebrian.com\/portal\/wp-json\/wp\/v2\/posts\/10663","targetHints":{"allow":["GET"]}}],"collection":[{"href":"https:\/\/www.fundacionsancebrian.com\/portal\/wp-json\/wp\/v2\/posts"}],"about":[{"href":"https:\/\/www.fundacionsancebrian.com\/portal\/wp-json\/wp\/v2\/types\/post"}],"author":[{"embeddable":true,"href":"https:\/\/www.fundacionsancebrian.com\/portal\/wp-json\/wp\/v2\/users\/1"}],"replies":[{"embeddable":true,"href":"https:\/\/www.fundacionsancebrian.com\/portal\/wp-json\/wp\/v2\/comments?post=10663"}],"version-history":[{"count":13,"href":"https:\/\/www.fundacionsancebrian.com\/portal\/wp-json\/wp\/v2\/posts\/10663\/revisions"}],"predecessor-version":[{"id":10999,"href":"https:\/\/www.fundacionsancebrian.com\/portal\/wp-json\/wp\/v2\/posts\/10663\/revisions\/10999"}],"wp:featuredmedia":[{"embeddable":true,"href":"https:\/\/www.fundacionsancebrian.com\/portal\/wp-json\/wp\/v2\/media\/10670"}],"wp:attachment":[{"href":"https:\/\/www.fundacionsancebrian.com\/portal\/wp-json\/wp\/v2\/media?parent=10663"}],"wp:term":[{"taxonomy":"category","embeddable":true,"href":"https:\/\/www.fundacionsancebrian.com\/portal\/wp-json\/wp\/v2\/categories?post=10663"},{"taxonomy":"post_tag","embeddable":true,"href":"https:\/\/www.fundacionsancebrian.com\/portal\/wp-json\/wp\/v2\/tags?post=10663"}],"curies":[{"name":"wp","href":"https:\/\/api.w.org\/{rel}","templated":true}]}}