{"id":11246,"date":"2023-08-21T14:48:28","date_gmt":"2023-08-21T12:48:28","guid":{"rendered":"https:\/\/www.fundacionsancebrian.com\/portal\/?p=11246"},"modified":"2023-08-21T14:48:28","modified_gmt":"2023-08-21T12:48:28","slug":"la-fundacion-san-cebrian-organiza-un-curso-de-asistencia-personal-en-paredes-de-nava","status":"publish","type":"post","link":"https:\/\/www.fundacionsancebrian.com\/portal\/la-fundacion-san-cebrian-organiza-un-curso-de-asistencia-personal-en-paredes-de-nava\/","title":{"rendered":"La Fundaci\u00f3n San Cebri\u00e1n organiza un curso de Asistencia personal en Paredes de Nava"},"content":{"rendered":"<div id=\"pl-11246\"  class=\"panel-layout\" ><div id=\"pg-11246-0\"  class=\"panel-grid panel-no-style\" ><div id=\"pgc-11246-0-0\"  class=\"panel-grid-cell\" ><div id=\"panel-11246-0-0-0\" class=\"so-panel widget widget_sow-editor panel-first-child panel-last-child\" data-index=\"0\" ><div\n\t\t\t\n\t\t\tclass=\"so-widget-sow-editor so-widget-sow-editor-base\"\n\t\t\t\n\t\t><h3 class=\"widget-title\">El curso se impartir\u00e1 del 18 de septiembre al 6 de octubre en Paredes de Nava<\/h3>\n<div class=\"siteorigin-widget-tinymce textwidget\">\n\t<p>La Fundaci\u00f3n San Cebri\u00e1n, en colaboraci\u00f3n con el Ayuntamiento de Paredes de Nava y la Gerencia de Servicios Sociales de la Junta de Castilla y Le\u00f3n impartir\u00e1 desde el 18 de septiembre al 6 de octubre el curso 'Asistencia Personal' en la localidad de Paredes de Nava.<\/p>\n<p><a href=\"https:\/\/www.fundacionsancebrian.com\/portal\/wp-content\/uploads\/2023\/08\/cartel-Curso-asistencia-personal-PAREDES-DE-NAVA-2023.jpg\"><img fetchpriority=\"high\" fetchpriority=\"high\" decoding=\"async\" class=\"size-large wp-image-11247 alignright\" src=\"https:\/\/www.fundacionsancebrian.com\/portal\/wp-content\/uploads\/2023\/08\/cartel-Curso-asistencia-personal-PAREDES-DE-NAVA-2023-724x1024.jpg\" alt=\"\" width=\"720\" height=\"1018\" srcset=\"https:\/\/www.fundacionsancebrian.com\/portal\/wp-content\/uploads\/2023\/08\/cartel-Curso-asistencia-personal-PAREDES-DE-NAVA-2023-724x1024.jpg 724w, https:\/\/www.fundacionsancebrian.com\/portal\/wp-content\/uploads\/2023\/08\/cartel-Curso-asistencia-personal-PAREDES-DE-NAVA-2023-212x300.jpg 212w, https:\/\/www.fundacionsancebrian.com\/portal\/wp-content\/uploads\/2023\/08\/cartel-Curso-asistencia-personal-PAREDES-DE-NAVA-2023-768x1086.jpg 768w, https:\/\/www.fundacionsancebrian.com\/portal\/wp-content\/uploads\/2023\/08\/cartel-Curso-asistencia-personal-PAREDES-DE-NAVA-2023-1086x1536.jpg 1086w, https:\/\/www.fundacionsancebrian.com\/portal\/wp-content\/uploads\/2023\/08\/cartel-Curso-asistencia-personal-PAREDES-DE-NAVA-2023-600x849.jpg 600w, https:\/\/www.fundacionsancebrian.com\/portal\/wp-content\/uploads\/2023\/08\/cartel-Curso-asistencia-personal-PAREDES-DE-NAVA-2023.jpg 1240w\" sizes=\"(max-width: 720px) 100vw, 720px\" \/><\/a><\/p>\n<p>El horario del curso de 10 horas a 14 horas y el plazo de inscripci\u00f3n e informaci\u00f3n ya est\u00e1 abierto. Para inscribirse hay que llamar al 979706954.<\/p>\n<p>Entre los <strong>contenidos<\/strong> a impartir:<\/p>\n<p>-Fundamentos Vida independiente<\/p>\n<p>-Asistencia personal<\/p>\n<p>-Personas dependientes: discapacidad y personas mayores.<\/p>\n<p>-Aspectos \u00e9ticos y confidencialidad.<\/p>\n<p>-Aspectos legales y jur\u00eddicos de la asistencia personal.<\/p>\n<p>-Introducci\u00f3n a los productos de apoyo y herramientas para la prevenci\u00f3n<\/p>\n<p>-Primeros auxilios.<\/p>\n<\/div>\n<\/div><\/div><\/div><\/div><\/div>","protected":false},"excerpt":{"rendered":"<p>La Fundaci\u00f3n San Cebri\u00e1n, en colaboraci\u00f3n con el Ayuntamiento de Paredes de Nava y la Gerencia de Servicios Sociales de la Junta de Castilla y Le\u00f3n impartir\u00e1 desde el 18 de septiembre al 6 de octubre el curso &#8216;Asistencia Personal&#8217; en la localidad de Paredes de Nava. El horario del curso de 10 horas a [&hellip;]<\/p>\n","protected":false},"author":1,"featured_media":7527,"comment_status":"open","ping_status":"open","sticky":false,"template":"","format":"standard","meta":{"_seopress_robots_primary_cat":"","_seopress_titles_title":"","_seopress_titles_desc":"","_seopress_robots_index":"","_eb_attr":"","footnotes":""},"categories":[8],"tags":[],"class_list":["post-11246","post","type-post","status-publish","format-standard","has-post-thumbnail","hentry","category-noticias","post-with-thumbnail","post-with-thumbnail-icon"],"_links":{"self":[{"href":"https:\/\/www.fundacionsancebrian.com\/portal\/wp-json\/wp\/v2\/posts\/11246","targetHints":{"allow":["GET"]}}],"collection":[{"href":"https:\/\/www.fundacionsancebrian.com\/portal\/wp-json\/wp\/v2\/posts"}],"about":[{"href":"https:\/\/www.fundacionsancebrian.com\/portal\/wp-json\/wp\/v2\/types\/post"}],"author":[{"embeddable":true,"href":"https:\/\/www.fundacionsancebrian.com\/portal\/wp-json\/wp\/v2\/users\/1"}],"replies":[{"embeddable":true,"href":"https:\/\/www.fundacionsancebrian.com\/portal\/wp-json\/wp\/v2\/comments?post=11246"}],"version-history":[{"count":2,"href":"https:\/\/www.fundacionsancebrian.com\/portal\/wp-json\/wp\/v2\/posts\/11246\/revisions"}],"predecessor-version":[{"id":11249,"href":"https:\/\/www.fundacionsancebrian.com\/portal\/wp-json\/wp\/v2\/posts\/11246\/revisions\/11249"}],"wp:featuredmedia":[{"embeddable":true,"href":"https:\/\/www.fundacionsancebrian.com\/portal\/wp-json\/wp\/v2\/media\/7527"}],"wp:attachment":[{"href":"https:\/\/www.fundacionsancebrian.com\/portal\/wp-json\/wp\/v2\/media?parent=11246"}],"wp:term":[{"taxonomy":"category","embeddable":true,"href":"https:\/\/www.fundacionsancebrian.com\/portal\/wp-json\/wp\/v2\/categories?post=11246"},{"taxonomy":"post_tag","embeddable":true,"href":"https:\/\/www.fundacionsancebrian.com\/portal\/wp-json\/wp\/v2\/tags?post=11246"}],"curies":[{"name":"wp","href":"https:\/\/api.w.org\/{rel}","templated":true}]}}