{"id":11250,"date":"2023-08-22T13:20:02","date_gmt":"2023-08-22T11:20:02","guid":{"rendered":"https:\/\/www.fundacionsancebrian.com\/portal\/?p=11250"},"modified":"2023-08-22T13:55:00","modified_gmt":"2023-08-22T11:55:00","slug":"arranca-la-segunda-edicion-del-curso-del-programa-mixto-vidas-con-sentido-con-9-alumnos","status":"publish","type":"post","link":"https:\/\/www.fundacionsancebrian.com\/portal\/arranca-la-segunda-edicion-del-curso-del-programa-mixto-vidas-con-sentido-con-9-alumnos\/","title":{"rendered":"Arranca la segunda edici\u00f3n del curso del Programa Mixto &#8216;Vidas con Sentido&#8217; con 9 alumnos"},"content":{"rendered":"<div id=\"pl-11250\"  class=\"panel-layout\" ><div id=\"pg-11250-0\"  class=\"panel-grid panel-has-style\" ><div class=\"panel-row-style panel-row-style-for-11250-0\" ><div id=\"pgc-11250-0-0\"  class=\"panel-grid-cell\" ><div id=\"panel-11250-0-0-0\" class=\"so-panel widget widget_sow-editor panel-first-child panel-last-child\" data-index=\"0\" ><div\n\t\t\t\n\t\t\tclass=\"so-widget-sow-editor so-widget-sow-editor-base\"\n\t\t\t\n\t\t>\n<div class=\"siteorigin-widget-tinymce textwidget\">\n\t<hr \/>\n<p>&nbsp;<\/p>\n<\/div>\n<\/div><\/div><\/div><\/div><\/div><div id=\"pg-11250-1\"  class=\"panel-grid panel-no-style\" ><div id=\"pgc-11250-1-0\"  class=\"panel-grid-cell panel-grid-cell-mobile-last\" ><div id=\"panel-11250-1-0-0\" class=\"so-panel widget widget_sow-image panel-first-child\" data-index=\"1\" ><div class=\"panel-widget-style panel-widget-style-for-11250-1-0-0\" ><div\n\t\t\t\n\t\t\tclass=\"so-widget-sow-image so-widget-sow-image-default-4e6925654b7a-11250\"\n\t\t\t\n\t\t>\n<div class=\"sow-image-container\">\n\t\t<img \n\tsrc=\"https:\/\/www.fundacionsancebrian.com\/portal\/wp-content\/uploads\/2019\/12\/EtR3-e1575535111209.png\" width=\"250\" height=\"50\" sizes=\"(max-width: 250px) 100vw, 250px\" title=\"EtR3\" alt=\"\" \t\tclass=\"so-widget-image\"\/>\n\t<\/div>\n\n<\/div><\/div><\/div><div id=\"panel-11250-1-0-1\" class=\"so-panel widget widget_sow-editor panel-last-child\" data-index=\"2\" ><div class=\"panel-widget-style panel-widget-style-for-11250-1-0-1\" ><div\n\t\t\t\n\t\t\tclass=\"so-widget-sow-editor so-widget-sow-editor-base\"\n\t\t\t\n\t\t>\n<div class=\"siteorigin-widget-tinymce textwidget\">\n\t<div style=\"font-size: 18px; line-height: 1.8em; font-family: Arial;\">\n<p><strong>Programa Mixto llamado 'Vidas con Sentido'<\/strong><\/p>\n<p>La Fundaci\u00f3n San Cebri\u00e1n con el apoyo de la Junta de Castilla y Le\u00f3n<br \/>\nha comenzado el segundo curso<br \/>\ndel Programa Mixto llamado 'Vidas con Sentido'.<\/p>\n<p>El primer curso termin\u00f3 el 18 de agosto.<br \/>\nEl segundo curso comenz\u00f3 el lunes 21 de agosto<br \/>\ny se acabar\u00e1 el 19 de febrero de 2024.<br \/>\nEs decir, el curso dura 6 meses.<\/p>\n<p>9 personas participar\u00e1n en el curso.<br \/>\n7 son mujeres y 2 son hombres.<br \/>\nLa mayor\u00eda son de la provincia de Palencia.<\/p>\n<p>El curso trata del cuidado de personas dependientes<br \/>\nen los centros donde est\u00e1n.<br \/>\nAl final del curso los alumnos obtienen un certificado<br \/>\npara trabajar de cuidadores.<\/p>\n<p>La Fundaci\u00f3n San Cebri\u00e1n quiere crear puestos de trabajo<br \/>\nen la provincia de Palencia.<br \/>\nSe necesitan cuidadores y su trabajo es muy importante.<\/p>\n<p>La curso y las pr\u00e1cticas se hacen<br \/>\nen el centro San Cebri\u00e1n de Campos.<br \/>\nEste centro es del Grupo Fundaci\u00f3n San Cebri\u00e1n<br \/>\ny esta en el pueblo de San Cebri\u00e1n de Campos de Palencia.<\/p>\n<\/div>\n<\/div>\n<\/div><\/div><\/div><\/div><div id=\"pgc-11250-1-1\"  class=\"panel-grid-cell panel-grid-cell-empty\" ><\/div><\/div><div id=\"pg-11250-2\"  class=\"panel-grid panel-no-style\" ><div id=\"pgc-11250-2-0\"  class=\"panel-grid-cell\" ><div id=\"panel-11250-2-0-0\" class=\"so-panel widget widget_sow-editor panel-first-child panel-last-child\" data-index=\"3\" ><div\n\t\t\t\n\t\t\tclass=\"so-widget-sow-editor so-widget-sow-editor-base\"\n\t\t\t\n\t\t><h3 class=\"widget-title\">El curso finalizar\u00e1 el pr\u00f3ximo 19 de febrero de 2024<\/h3>\n<div class=\"siteorigin-widget-tinymce textwidget\">\n\t<p>La Fundaci\u00f3n San Cebri\u00e1n gracias a la Junta de Castilla y Le\u00f3n ha puesto en marcha una nueva edici\u00f3n, la segunda, del Programa Mixto 'Vidas con Sentido' que gracias al Programa DUPLO de este a\u00f1o cuenta con dos ediciones. La primera de ella finaliz\u00f3 el pasado 18 de agosto y \u00e9sta segunda ha arrancando en la jornada del lunes, 21 de agosto y finalizar\u00e1 el 19 de febrero de 2024 con un total de 6 meses de formaci\u00f3n.<\/p>\n<p>&nbsp;<\/p>\n<p><a href=\"https:\/\/www.fundacionsancebrian.com\/portal\/wp-content\/uploads\/2023\/08\/MicrosoftTeams-image-219-scaled.jpg\"><img fetchpriority=\"high\" fetchpriority=\"high\" decoding=\"async\" class=\"size-large wp-image-11251 alignright\" src=\"https:\/\/www.fundacionsancebrian.com\/portal\/wp-content\/uploads\/2023\/08\/MicrosoftTeams-image-219-1024x768.jpg\" alt=\"\" width=\"720\" height=\"540\" srcset=\"https:\/\/www.fundacionsancebrian.com\/portal\/wp-content\/uploads\/2023\/08\/MicrosoftTeams-image-219-1024x768.jpg 1024w, https:\/\/www.fundacionsancebrian.com\/portal\/wp-content\/uploads\/2023\/08\/MicrosoftTeams-image-219-300x225.jpg 300w, https:\/\/www.fundacionsancebrian.com\/portal\/wp-content\/uploads\/2023\/08\/MicrosoftTeams-image-219-768x576.jpg 768w, https:\/\/www.fundacionsancebrian.com\/portal\/wp-content\/uploads\/2023\/08\/MicrosoftTeams-image-219-1536x1152.jpg 1536w, https:\/\/www.fundacionsancebrian.com\/portal\/wp-content\/uploads\/2023\/08\/MicrosoftTeams-image-219-2048x1536.jpg 2048w, https:\/\/www.fundacionsancebrian.com\/portal\/wp-content\/uploads\/2023\/08\/MicrosoftTeams-image-219-600x450.jpg 600w\" sizes=\"(max-width: 720px) 100vw, 720px\" \/><\/a><\/p>\n<p>En total 9 personas- 7 mujeres y dos hombres procedentes en su mayor\u00eda de la Provincia de Palencia- se formar\u00e1n durante estos pr\u00f3ximos meses en atenci\u00f3n sociosanitaria a personas dependientes en instituciones y recibir\u00e1n la titulaci\u00f3n que les acreditar\u00e1 para trabajar en este sector. De esta manera, la entidad social apuesta por el empleo en la Provincia de Palencia y por generar nuevos puestos de trabajo en un sector cada vez m\u00e1s demandado y necesario.<\/p>\n<p>La formaci\u00f3n y la pr\u00e1ctica se realizar\u00e1n en el servicio de San Cebri\u00e1n de Campos del Grupo Fundaci\u00f3n San Cebri\u00e1n en esta localidad palentina.<\/p>\n<\/div>\n<\/div><\/div><\/div><\/div><\/div>","protected":false},"excerpt":{"rendered":"<p>&nbsp; Programa Mixto llamado &#8216;Vidas con Sentido&#8217; La Fundaci\u00f3n San Cebri\u00e1n con el apoyo de la Junta de Castilla y Le\u00f3n ha comenzado el segundo curso del Programa Mixto llamado &#8216;Vidas con Sentido&#8217;. El primer curso termin\u00f3 el 18 de agosto. El segundo curso comenz\u00f3 el lunes 21 de agosto y se acabar\u00e1 el 19 [&hellip;]<\/p>\n","protected":false},"author":1,"featured_media":11251,"comment_status":"open","ping_status":"open","sticky":false,"template":"","format":"standard","meta":{"_seopress_robots_primary_cat":"","_seopress_titles_title":"","_seopress_titles_desc":"","_seopress_robots_index":"","_eb_attr":"","footnotes":""},"categories":[8],"tags":[],"class_list":["post-11250","post","type-post","status-publish","format-standard","has-post-thumbnail","hentry","category-noticias","post-with-thumbnail","post-with-thumbnail-icon"],"_links":{"self":[{"href":"https:\/\/www.fundacionsancebrian.com\/portal\/wp-json\/wp\/v2\/posts\/11250","targetHints":{"allow":["GET"]}}],"collection":[{"href":"https:\/\/www.fundacionsancebrian.com\/portal\/wp-json\/wp\/v2\/posts"}],"about":[{"href":"https:\/\/www.fundacionsancebrian.com\/portal\/wp-json\/wp\/v2\/types\/post"}],"author":[{"embeddable":true,"href":"https:\/\/www.fundacionsancebrian.com\/portal\/wp-json\/wp\/v2\/users\/1"}],"replies":[{"embeddable":true,"href":"https:\/\/www.fundacionsancebrian.com\/portal\/wp-json\/wp\/v2\/comments?post=11250"}],"version-history":[{"count":5,"href":"https:\/\/www.fundacionsancebrian.com\/portal\/wp-json\/wp\/v2\/posts\/11250\/revisions"}],"predecessor-version":[{"id":11260,"href":"https:\/\/www.fundacionsancebrian.com\/portal\/wp-json\/wp\/v2\/posts\/11250\/revisions\/11260"}],"wp:featuredmedia":[{"embeddable":true,"href":"https:\/\/www.fundacionsancebrian.com\/portal\/wp-json\/wp\/v2\/media\/11251"}],"wp:attachment":[{"href":"https:\/\/www.fundacionsancebrian.com\/portal\/wp-json\/wp\/v2\/media?parent=11250"}],"wp:term":[{"taxonomy":"category","embeddable":true,"href":"https:\/\/www.fundacionsancebrian.com\/portal\/wp-json\/wp\/v2\/categories?post=11250"},{"taxonomy":"post_tag","embeddable":true,"href":"https:\/\/www.fundacionsancebrian.com\/portal\/wp-json\/wp\/v2\/tags?post=11250"}],"curies":[{"name":"wp","href":"https:\/\/api.w.org\/{rel}","templated":true}]}}