{"id":11282,"date":"2023-09-05T15:21:12","date_gmt":"2023-09-05T13:21:12","guid":{"rendered":"https:\/\/www.fundacionsancebrian.com\/portal\/?p=11282"},"modified":"2023-09-05T15:21:12","modified_gmt":"2023-09-05T13:21:12","slug":"el-grupo-fundacion-san-cebrian-participa-en-el-proyecto-erasmus-de-plena-inclusion-castilla-y-leon-let-me-do-it","status":"publish","type":"post","link":"https:\/\/www.fundacionsancebrian.com\/portal\/el-grupo-fundacion-san-cebrian-participa-en-el-proyecto-erasmus-de-plena-inclusion-castilla-y-leon-let-me-do-it\/","title":{"rendered":"El Grupo Fundaci\u00f3n San Cebri\u00e1n participa en el Proyecto Erasmus + de Plena Inclusi\u00f3n Castilla y Le\u00f3n &#8216;Let me do it&#8217;"},"content":{"rendered":"<div id=\"pl-11282\"  class=\"panel-layout\" ><div id=\"pg-11282-0\"  class=\"panel-grid panel-no-style\" ><div id=\"pgc-11282-0-0\"  class=\"panel-grid-cell\" ><div id=\"panel-11282-0-0-0\" class=\"so-panel widget widget_sow-editor panel-first-child panel-last-child\" data-index=\"0\" ><div\n\t\t\t\n\t\t\tclass=\"so-widget-sow-editor so-widget-sow-editor-base\"\n\t\t\t\n\t\t><h3 class=\"widget-title\">El viaje de organizaci\u00f3n comenz\u00f3 el 3 de septiembre y finaliza el 5 septiembre<\/h3>\n<div class=\"siteorigin-widget-tinymce textwidget\">\n\t<p>\"Un d\u00eda inolvidable\", \"Viaje en tres d\u00edas por Europa\" o \"La ba\u00f1ista del B\u00e1tico en Liepaja\" podr\u00edan ser los t\u00edtulos de la cr\u00f3nica del viaje a Lituania como participantes del proyecto cultural inclusivo dirigido a j\u00f3venes denominado \u201cLet me do it\u201d (D\u00e9jame hacer) que se enmarca en los proyectos Erasmus+ y es cofinanciado por la Uni\u00f3n Europa.<\/p>\n<div id=\"attachment_11283\" style=\"width: 310px\" class=\"wp-caption alignright\"><a href=\"https:\/\/www.fundacionsancebrian.com\/portal\/wp-content\/uploads\/2023\/09\/6.jpg\"><img fetchpriority=\"high\" aria-describedby=\"caption-attachment-11283\" fetchpriority=\"high\" decoding=\"async\" class=\"wp-image-11283 size-medium\" src=\"https:\/\/www.fundacionsancebrian.com\/portal\/wp-content\/uploads\/2023\/09\/6-300x225.jpg\" alt=\"\" width=\"300\" height=\"225\" srcset=\"https:\/\/www.fundacionsancebrian.com\/portal\/wp-content\/uploads\/2023\/09\/6-300x225.jpg 300w, https:\/\/www.fundacionsancebrian.com\/portal\/wp-content\/uploads\/2023\/09\/6-1024x768.jpg 1024w, https:\/\/www.fundacionsancebrian.com\/portal\/wp-content\/uploads\/2023\/09\/6-768x576.jpg 768w, https:\/\/www.fundacionsancebrian.com\/portal\/wp-content\/uploads\/2023\/09\/6-1536x1152.jpg 1536w, https:\/\/www.fundacionsancebrian.com\/portal\/wp-content\/uploads\/2023\/09\/6-600x450.jpg 600w, https:\/\/www.fundacionsancebrian.com\/portal\/wp-content\/uploads\/2023\/09\/6.jpg 2048w\" sizes=\"(max-width: 300px) 100vw, 300px\" \/><\/a><p id=\"caption-attachment-11283\" class=\"wp-caption-text\">Aliona Benito junto a Eduardo Esteban en Letonia<\/p><\/div>\n<p>En este proyecto, que participa la Federaci\u00f3n, ha estado liderado en este primer contacto por Aliona Benito, del Grupo Fundaci\u00f3n San Cebri\u00e1n y Eduardo Esteban, t\u00e9cnico de la Federaci\u00f3n, que junto a sus hom\u00f3logos de Letonia, Lituania y Bulgaria han puesto en com\u00fan las principales l\u00edneas de trabajo del gran encuentro europeo para j\u00f3venes con y sin discapacidad que se celebrar\u00e1 en octubre. En este sentido, el Grupo Fundaci\u00f3n San Cebri\u00e1n est\u00e1 ya valorando qu\u00e9 personas participar\u00e1n en este encuentro, todas ellas menores de 30 a\u00f1os.<\/p>\n<p>Aliona y Eduardo, en un tiempo r\u00e9cord, han viajado a Liepaja despu\u00e9s de realizar varias escalas y utilizar diferentes medios de transporte, para organizar \"in situ\" el encuentro europeo \"Let me do it\" que prev\u00e9 reunir a medio centenar de j\u00f3venes con y sin discapacidad en torno a la cultura con actividades 100% inclusivas dise\u00f1adas por ellos.\"Ponernos cara y trabajar cara a cara es maravilloso\", afirman Aliona y Eduardo, casi al un\u00edsono, al hacer balance del trabajo en Liepaja que se ha caracterizado por: supervisar los lugares de celebraci\u00f3n actividades inclusivas; conocer la oferta cultura de la ciudad; disfrutar de la gastronom\u00eda; indagar sobre los espacios naturales que podr\u00edan servir de escenario para el encuentro y, sobretodo, unir intereses entre los y las j\u00f3venes de las diferentes nacionales.<\/p>\n<p>Fuente: Plena Inclusi\u00f3n Castilla y Le\u00f3n.<\/p>\n<\/div>\n<\/div><\/div><\/div><\/div><\/div>","protected":false},"excerpt":{"rendered":"<p>\u00abUn d\u00eda inolvidable\u00bb, \u00abViaje en tres d\u00edas por Europa\u00bb o \u00abLa ba\u00f1ista del B\u00e1tico en Liepaja\u00bb podr\u00edan ser los t\u00edtulos de la cr\u00f3nica del viaje a Lituania como participantes del proyecto cultural inclusivo dirigido a j\u00f3venes denominado \u201cLet me do it\u201d (D\u00e9jame hacer) que se enmarca en los proyectos Erasmus+ y es cofinanciado por la [&hellip;]<\/p>\n","protected":false},"author":1,"featured_media":11284,"comment_status":"open","ping_status":"open","sticky":false,"template":"","format":"standard","meta":{"_seopress_robots_primary_cat":"","_seopress_titles_title":"","_seopress_titles_desc":"","_seopress_robots_index":"","_eb_attr":"","footnotes":""},"categories":[8],"tags":[],"class_list":["post-11282","post","type-post","status-publish","format-standard","has-post-thumbnail","hentry","category-noticias","post-with-thumbnail","post-with-thumbnail-icon"],"_links":{"self":[{"href":"https:\/\/www.fundacionsancebrian.com\/portal\/wp-json\/wp\/v2\/posts\/11282","targetHints":{"allow":["GET"]}}],"collection":[{"href":"https:\/\/www.fundacionsancebrian.com\/portal\/wp-json\/wp\/v2\/posts"}],"about":[{"href":"https:\/\/www.fundacionsancebrian.com\/portal\/wp-json\/wp\/v2\/types\/post"}],"author":[{"embeddable":true,"href":"https:\/\/www.fundacionsancebrian.com\/portal\/wp-json\/wp\/v2\/users\/1"}],"replies":[{"embeddable":true,"href":"https:\/\/www.fundacionsancebrian.com\/portal\/wp-json\/wp\/v2\/comments?post=11282"}],"version-history":[{"count":2,"href":"https:\/\/www.fundacionsancebrian.com\/portal\/wp-json\/wp\/v2\/posts\/11282\/revisions"}],"predecessor-version":[{"id":11286,"href":"https:\/\/www.fundacionsancebrian.com\/portal\/wp-json\/wp\/v2\/posts\/11282\/revisions\/11286"}],"wp:featuredmedia":[{"embeddable":true,"href":"https:\/\/www.fundacionsancebrian.com\/portal\/wp-json\/wp\/v2\/media\/11284"}],"wp:attachment":[{"href":"https:\/\/www.fundacionsancebrian.com\/portal\/wp-json\/wp\/v2\/media?parent=11282"}],"wp:term":[{"taxonomy":"category","embeddable":true,"href":"https:\/\/www.fundacionsancebrian.com\/portal\/wp-json\/wp\/v2\/categories?post=11282"},{"taxonomy":"post_tag","embeddable":true,"href":"https:\/\/www.fundacionsancebrian.com\/portal\/wp-json\/wp\/v2\/tags?post=11282"}],"curies":[{"name":"wp","href":"https:\/\/api.w.org\/{rel}","templated":true}]}}