{"id":11293,"date":"2023-09-12T13:31:56","date_gmt":"2023-09-12T11:31:56","guid":{"rendered":"https:\/\/www.fundacionsancebrian.com\/portal\/?p=11293"},"modified":"2023-09-12T16:18:58","modified_gmt":"2023-09-12T14:18:58","slug":"el-grupo-fundacion-san-cebrian-pondra-el-sabado-30-de-septiembre-la-nota-musical-a-su-xiv-marcha-inclusiva-con-el-festival-palencia-sonora-como-padrino","status":"publish","type":"post","link":"https:\/\/www.fundacionsancebrian.com\/portal\/el-grupo-fundacion-san-cebrian-pondra-el-sabado-30-de-septiembre-la-nota-musical-a-su-xiv-marcha-inclusiva-con-el-festival-palencia-sonora-como-padrino\/","title":{"rendered":"El Grupo Fundaci\u00f3n San Cebri\u00e1n pondr\u00e1 el s\u00e1bado, 30 de septiembre, la nota musical a su XIV Marcha Inclusiva con el Festival Palencia Sonora como padrino"},"content":{"rendered":"<div id=\"pl-11293\"  class=\"panel-layout\" ><div id=\"pg-11293-0\"  class=\"panel-grid panel-has-style\" ><div class=\"panel-row-style panel-row-style-for-11293-0\" ><div id=\"pgc-11293-0-0\"  class=\"panel-grid-cell\" ><div id=\"panel-11293-0-0-0\" class=\"so-panel widget widget_sow-editor panel-first-child panel-last-child\" data-index=\"0\" ><div\n\t\t\t\n\t\t\tclass=\"so-widget-sow-editor so-widget-sow-editor-base\"\n\t\t\t\n\t\t>\n<div class=\"siteorigin-widget-tinymce textwidget\">\n\t<hr \/>\n<p>&nbsp;<\/p>\n<\/div>\n<\/div><\/div><\/div><\/div><\/div><div id=\"pg-11293-1\"  class=\"panel-grid panel-no-style\" ><div id=\"pgc-11293-1-0\"  class=\"panel-grid-cell panel-grid-cell-mobile-last\" ><div id=\"panel-11293-1-0-0\" class=\"so-panel widget widget_sow-image panel-first-child\" data-index=\"1\" ><div class=\"panel-widget-style panel-widget-style-for-11293-1-0-0\" ><div\n\t\t\t\n\t\t\tclass=\"so-widget-sow-image so-widget-sow-image-default-4e6925654b7a-11293\"\n\t\t\t\n\t\t>\n<div class=\"sow-image-container\">\n\t\t<img \n\tsrc=\"https:\/\/www.fundacionsancebrian.com\/portal\/wp-content\/uploads\/2019\/12\/EtR3-e1575535111209.png\" width=\"250\" height=\"50\" sizes=\"(max-width: 250px) 100vw, 250px\" title=\"EtR3\" alt=\"\" \t\tclass=\"so-widget-image\"\/>\n\t<\/div>\n\n<\/div><\/div><\/div><div id=\"panel-11293-1-0-1\" class=\"so-panel widget widget_sow-editor panel-last-child\" data-index=\"2\" ><div class=\"panel-widget-style panel-widget-style-for-11293-1-0-1\" ><div\n\t\t\t\n\t\t\tclass=\"so-widget-sow-editor so-widget-sow-editor-base\"\n\t\t\t\n\t\t>\n<div class=\"siteorigin-widget-tinymce textwidget\">\n\t<div style=\"font-size: 18px; line-height: 1.8em; font-family: Arial;\">\n<p><strong>Marcha del Grupo Fundaci\u00f3n San Cebri\u00e1n.<\/strong><\/p>\n<p>El s\u00e1bado 30 de septiembre el Grupo Fundaci\u00f3n San Cebri\u00e1n<br \/>\norganizar\u00e1 como todos los a\u00f1os su Marcha Inclusiva.<br \/>\nEste a\u00f1o es la marcha numero 14.<br \/>\nAdem\u00e1s este a\u00f1o se llama Marcha Sonora<br \/>\nporque est\u00e1 asociada con el festival de musical Palencia Sonora.<br \/>\nLos organizadores del festival contratan a personas con discapacidad<br \/>\npara trabajar en informaci\u00f3n al p\u00fablico<br \/>\ny en la distribuci\u00f3n de pulseras durante el festival.<\/p>\n<p>La marcha ser\u00e1 el s\u00e1bado 30 de septiembre<br \/>\ny el recorrido es de 12 kil\u00f3metros<br \/>\nentre Becerril de Campos y Paredes de Nava por el Canal de Castilla.<br \/>\nLa salida ser\u00e1 a las 10 y media<br \/>\ny la llegara ser\u00e1 sobre las 12 y media.<\/p>\n<p>Al final de la marcha habr\u00e1 m\u00fasica con DJs<br \/>\ny actividades relacionadas con el festival.<br \/>\nTambi\u00e9n un concurso de fotograf\u00eda.<\/p>\n<p>Adem\u00e1s, los participantes tendr\u00e1n una pulsera de regalo<br \/>\ndecorada a mano por las personas con discapacidad de la Fundaci\u00f3n.<\/p>\n<p>La comida ser\u00e1 en Paredes de Nava.<br \/>\nEl chef Roberto Espeso<br \/>\ncon la ayuda de personas con discapacidad intelectual<br \/>\npreparar\u00e1n una fideu\u00e1.<\/p>\n<p>Tambi\u00e9n se entregar\u00e1n mochilas con comida y agua<br \/>\ny se har\u00e1n sorteos de regalos<br \/>\ncon productos donados.<\/p>\n<p>Esta es una marcha para todo el p\u00fablico.<\/p>\n<p>El precio de la inscripci\u00f3n es de 8 euros<br \/>\nque incluye la mochila con agua y comida para la marcha,<br \/>\nla comida de fideu\u00e1 despu\u00e9s de la marcha,<br \/>\nla participaci\u00f3n en el sorteo de regalos y el transporte.<\/p>\n<p>Este a\u00f1o participar\u00e1n unas 600 personas.<\/p>\n<p>Puedes apuntarte en la p\u00e1gina web: fundacionsancebrian.com\/marcha<br \/>\nO en las oficinas de la Fundacion San Cebri\u00e1n:<\/p>\n<ul>\n<li>Sede Social Palencia: Plaza Juan XXIII n\u00ba5. Tel\u00e9fono: 979 70 69 54<\/li>\n<li>Centro Fidel Ramos: Paseo del Otero esquina c\/Miguel Benavides. Tel\u00e9fono: 979 74 06 99.<\/li>\n<li>Centro Ocupacional de Carri\u00f3n de los Condes. Tel\u00e9fono: 979 88 09 27.<\/li>\n<li>Sede San Cebri\u00e1n de Campos. Tel\u00e9fono: 979 15 40 50<\/li>\n<li>Centro Ocupacional de Fr\u00f3mista. Tel\u00e9fono: 979 81 07 07.<\/li>\n<\/ul>\n<\/div>\n<p>&nbsp;<\/p>\n<\/div>\n<\/div><\/div><\/div><\/div><div id=\"pgc-11293-1-1\"  class=\"panel-grid-cell panel-grid-cell-empty\" ><\/div><\/div><div id=\"pg-11293-2\"  class=\"panel-grid panel-no-style\" ><div id=\"pgc-11293-2-0\"  class=\"panel-grid-cell\" ><div id=\"panel-11293-2-0-0\" class=\"so-panel widget widget_sow-editor panel-first-child panel-last-child\" data-index=\"3\" ><div\n\t\t\t\n\t\t\tclass=\"so-widget-sow-editor so-widget-sow-editor-base\"\n\t\t\t\n\t\t>\n<div class=\"siteorigin-widget-tinymce textwidget\">\n\t<p>El s\u00e1bado 30 de septiembre el Grupo Fundaci\u00f3n San Cebri\u00e1n celebrar\u00e1 su tradicional Marcha Inclusiva, que este a\u00f1o cumple 14 a\u00f1os y que adem\u00e1s, cambia de nombre, en esta edici\u00f3n ser\u00e1 Marcha Sonora, ya que el padrino de la Marcha es el <em>Festival Palencia Sonora<\/em>. Un Festival de reconocido prestigio que adem\u00e1s de cumplir en este 2023, 20 a\u00f1os apuesta siempre, en cada edici\u00f3n, por dar oportunidades laborales a personas con discapacidad contratando a personas en labores de informaci\u00f3n y colocaci\u00f3n de pulseras durante los d\u00edas del concierto.<\/p>\n<p>&nbsp;<\/p>\n<p><a href=\"https:\/\/www.fundacionsancebrian.com\/portal\/wp-content\/uploads\/2023\/09\/Presentacion-2-Marcha-Sonora-scaled.jpg\"><img fetchpriority=\"high\" fetchpriority=\"high\" decoding=\"async\" class=\"alignright wp-image-11294 size-large\" src=\"https:\/\/www.fundacionsancebrian.com\/portal\/wp-content\/uploads\/2023\/09\/Presentacion-2-Marcha-Sonora-1024x681.jpg\" alt=\"\" width=\"720\" height=\"479\" srcset=\"https:\/\/www.fundacionsancebrian.com\/portal\/wp-content\/uploads\/2023\/09\/Presentacion-2-Marcha-Sonora-1024x681.jpg 1024w, https:\/\/www.fundacionsancebrian.com\/portal\/wp-content\/uploads\/2023\/09\/Presentacion-2-Marcha-Sonora-300x199.jpg 300w, https:\/\/www.fundacionsancebrian.com\/portal\/wp-content\/uploads\/2023\/09\/Presentacion-2-Marcha-Sonora-768x511.jpg 768w, https:\/\/www.fundacionsancebrian.com\/portal\/wp-content\/uploads\/2023\/09\/Presentacion-2-Marcha-Sonora-600x399.jpg 600w, https:\/\/www.fundacionsancebrian.com\/portal\/wp-content\/uploads\/2023\/09\/Presentacion-2-Marcha-Sonora-1536x1021.jpg 1536w, https:\/\/www.fundacionsancebrian.com\/portal\/wp-content\/uploads\/2023\/09\/Presentacion-2-Marcha-Sonora-2048x1362.jpg 2048w, https:\/\/www.fundacionsancebrian.com\/portal\/wp-content\/uploads\/2023\/09\/Presentacion-2-Marcha-Sonora-272x182.jpg 272w, https:\/\/www.fundacionsancebrian.com\/portal\/wp-content\/uploads\/2023\/09\/Presentacion-2-Marcha-Sonora-720x480.jpg 720w\" sizes=\"(max-width: 720px) 100vw, 720px\" \/><\/a>Esta ma\u00f1ana se han presentado los datos de la XIV Marcha Sonora con la presencia de la gerente de la entidad, Eva del R\u00edo; acompa\u00f1ada de Miriam Frechilla, miembro del equipo organizador de la Marcha; y los organizadores de Festival Palencia Sonora, David Frechilla y Juan Cruz Pascual junto a representante de los ayuntamientos de Paredes de Nava \u2013 acudi\u00f3 el alcalde, Luis Calder\u00f3n y la concejala Yolanda D\u00edez- \u00a0y de \u00a0Becerril de Campos \u2013 acudi\u00f3 tambi\u00e9n el alcalde, Francisco P\u00e9rez.<\/p>\n<p>La marcha tendr\u00e1 lugar el s\u00e1bado 30 de septiembre y recorrer\u00e1 12 kil\u00f3metros entre Becerril de Campos y Paredes de Nava por el Canal de Castilla. Partir\u00e1 a las 10,30 de los entornos de la Iglesia de San Pedro Cultural y recorrer\u00e1 12 km por el Canal de Castilla hasta llegar a Paredes de Nava. Los primeros andarines llegar\u00e1n en torno a las 12,30 horas.<\/p>\n<p>La organizaci\u00f3n tiene prevista a la llegada varios actos musicales con la actuaci\u00f3n de DJs y momentos relacionados con un Festival, es por este motivo que se organizar\u00e1 un concurso fotogr\u00e1fico con im\u00e1genes festivaleras. Los participantes podr\u00e1n hacerse fotos durante el recorrido, con algo festivalero o con una pose festivalera para luego subirla a las RRSS con el #MarchaSonora y poder ganar un detalle.<\/p>\n<p>Adem\u00e1s, se entregar\u00e1 a los participantes una pulsera, similar a la que se entrega en los Festivales, pero decorada por cada uno de los servicios de la entidad. Las personas con discapacidad de los servicios de d\u00eda y ocupacional pintar\u00e1 a mano las pulseras.<\/p>\n<p>En los entornos de la Plaza de Espa\u00f1a de Paredes de Nava se entregar\u00e1 la comida, que ser\u00e1 elaborada por el cocinero Roberto Espeso, que contar\u00e1 con la ayuda de varios pinches de cocina, personas con discapacidad intelectual, formadas en cocina. Se cocinar\u00e1 una fideu\u00e1, con productos donados por empresas palentinas.<\/p>\n<p>Adem\u00e1s, se entregar\u00e1 una mochila, habr\u00e1 avituallamiento y sorteo de regalos con todos los productos donados de forma altruista por numerosos proveedores.<\/p>\n<p><strong>Participantes e inscripciones<\/strong>. Esta es una marcha universal, para todo el p\u00fablico: personas con discapacidad, familias, profesionales, voluntarios, vecinos del mundo rural y de la ciudad, simpatizantes y colaboradores del Grupo Fundaci\u00f3n San Cebri\u00e1n, autoridades locales, representantes de grupos de inter\u00e9s, y que ofrecemos a todos aquellos que nos quieran acompa\u00f1ar.<\/p>\n<p>El precio de la inscripci\u00f3n es simb\u00f3lico, 8 \u00a0euros, que incluye el servicio de avituallamiento, la comida , la mochila y la participaci\u00f3n en el sorteo de regalos, adem\u00e1s del transporte. Este a\u00f1o la organizaci\u00f3n ha tenido que incrementar el precio de la inscripci\u00f3n para poder cubrir los gastos que se generan en la organizaci\u00f3n de una marcha que moviliza a cerca de 600 personas.<\/p>\n<p>Tambi\u00e9n se ha establecido un n\u00famero de cuenta para que quien lo desee haga una donaci\u00f3n: Fila Cero: ES05 2103 4532 5100 3206 7061 y el n\u00famero de BIZUM con el c\u00f3digo 00927<\/p>\n<p>La inscripci\u00f3n podr\u00e1 hacerse:<\/p>\n<ul>\n<li><strong>Online<\/strong>: <a href=\"http:\/\/www.fundacionsancebrian.com\/marcha\">fundacionsancebrian.com\/marcha<\/a><\/li>\n<\/ul>\n<ul>\n<li><strong>Presencial<\/strong>:<\/li>\n<li>Sede Social Palencia: Plaza Juan XXIII n\u00ba5. 979 706954 (en horario de lunes a viernes de 9:00 a 17:00 h.)<\/li>\n<li>Centro V.I. Fidel Ramos (Palencia): Paseo del Otero esquina c\/Miguel Benavides. Telf. 979 740699.<\/li>\n<li>Centro Ocupacional: Pol. ind. de Carri\u00f3n de los Condes. Telf. 979 880927.<\/li>\n<li>Sede San Cebri\u00e1n de Campos. Telf. 979 154050<\/li>\n<li>Centro Ocupacional Caminal, c\/Francesa s\/n. Fr\u00f3mista. Telf. 979 810707.<\/li>\n<\/ul>\n<p>&nbsp;<\/p>\n<p><a href=\"https:\/\/www.fundacionsancebrian.com\/portal\/wp-content\/uploads\/2023\/09\/Cartel_V2_web-1.jpg\"><img decoding=\"async\" class=\"size-full wp-image-11296 aligncenter\" src=\"https:\/\/www.fundacionsancebrian.com\/portal\/wp-content\/uploads\/2023\/09\/Cartel_V2_web-1.jpg\" alt=\"\" width=\"593\" height=\"831\" srcset=\"https:\/\/www.fundacionsancebrian.com\/portal\/wp-content\/uploads\/2023\/09\/Cartel_V2_web-1.jpg 593w, https:\/\/www.fundacionsancebrian.com\/portal\/wp-content\/uploads\/2023\/09\/Cartel_V2_web-1-214x300.jpg 214w\" sizes=\"(max-width: 593px) 100vw, 593px\" \/><\/a><\/p>\n<\/div>\n<\/div><\/div><\/div><\/div><\/div>","protected":false},"excerpt":{"rendered":"<p>&nbsp; Marcha del Grupo Fundaci\u00f3n San Cebri\u00e1n. El s\u00e1bado 30 de septiembre el Grupo Fundaci\u00f3n San Cebri\u00e1n organizar\u00e1 como todos los a\u00f1os su Marcha Inclusiva. Este a\u00f1o es la marcha numero 14. Adem\u00e1s este a\u00f1o se llama Marcha Sonora porque est\u00e1 asociada con el festival de musical Palencia Sonora. Los organizadores del festival contratan a [&hellip;]<\/p>\n","protected":false},"author":1,"featured_media":11295,"comment_status":"open","ping_status":"open","sticky":false,"template":"","format":"standard","meta":{"_seopress_robots_primary_cat":"","_seopress_titles_title":"","_seopress_titles_desc":"","_seopress_robots_index":"","_eb_attr":"","footnotes":""},"categories":[8],"tags":[],"class_list":["post-11293","post","type-post","status-publish","format-standard","has-post-thumbnail","hentry","category-noticias","post-with-thumbnail","post-with-thumbnail-icon"],"_links":{"self":[{"href":"https:\/\/www.fundacionsancebrian.com\/portal\/wp-json\/wp\/v2\/posts\/11293","targetHints":{"allow":["GET"]}}],"collection":[{"href":"https:\/\/www.fundacionsancebrian.com\/portal\/wp-json\/wp\/v2\/posts"}],"about":[{"href":"https:\/\/www.fundacionsancebrian.com\/portal\/wp-json\/wp\/v2\/types\/post"}],"author":[{"embeddable":true,"href":"https:\/\/www.fundacionsancebrian.com\/portal\/wp-json\/wp\/v2\/users\/1"}],"replies":[{"embeddable":true,"href":"https:\/\/www.fundacionsancebrian.com\/portal\/wp-json\/wp\/v2\/comments?post=11293"}],"version-history":[{"count":7,"href":"https:\/\/www.fundacionsancebrian.com\/portal\/wp-json\/wp\/v2\/posts\/11293\/revisions"}],"predecessor-version":[{"id":11303,"href":"https:\/\/www.fundacionsancebrian.com\/portal\/wp-json\/wp\/v2\/posts\/11293\/revisions\/11303"}],"wp:featuredmedia":[{"embeddable":true,"href":"https:\/\/www.fundacionsancebrian.com\/portal\/wp-json\/wp\/v2\/media\/11295"}],"wp:attachment":[{"href":"https:\/\/www.fundacionsancebrian.com\/portal\/wp-json\/wp\/v2\/media?parent=11293"}],"wp:term":[{"taxonomy":"category","embeddable":true,"href":"https:\/\/www.fundacionsancebrian.com\/portal\/wp-json\/wp\/v2\/categories?post=11293"},{"taxonomy":"post_tag","embeddable":true,"href":"https:\/\/www.fundacionsancebrian.com\/portal\/wp-json\/wp\/v2\/tags?post=11293"}],"curies":[{"name":"wp","href":"https:\/\/api.w.org\/{rel}","templated":true}]}}