{"id":11442,"date":"2023-10-25T14:17:20","date_gmt":"2023-10-25T12:17:20","guid":{"rendered":"https:\/\/www.fundacionsancebrian.com\/portal\/?p=11442"},"modified":"2023-12-11T16:23:37","modified_gmt":"2023-12-11T15:23:37","slug":"palencia-acoge-la-jornada-de-la-redoikos-apoyos-a-la-vida-independiente-en-comunidad","status":"publish","type":"post","link":"https:\/\/www.fundacionsancebrian.com\/portal\/palencia-acoge-la-jornada-de-la-redoikos-apoyos-a-la-vida-independiente-en-comunidad\/","title":{"rendered":"Palencia acoge la Jornada de la RedOikos, apoyos a la vida independiente en Comunidad"},"content":{"rendered":"<div id=\"pl-11442\"  class=\"panel-layout\" ><div id=\"pg-11442-0\"  class=\"panel-grid panel-has-style\" ><div class=\"panel-row-style panel-row-style-for-11442-0\" ><div id=\"pgc-11442-0-0\"  class=\"panel-grid-cell\" ><div id=\"panel-11442-0-0-0\" class=\"so-panel widget widget_sow-editor panel-first-child panel-last-child\" data-index=\"0\" ><div\n\t\t\t\n\t\t\tclass=\"so-widget-sow-editor so-widget-sow-editor-base\"\n\t\t\t\n\t\t>\n<div class=\"siteorigin-widget-tinymce textwidget\">\n\t<hr \/>\n<p>&nbsp;<\/p>\n<\/div>\n<\/div><\/div><\/div><\/div><\/div><div id=\"pg-11442-1\"  class=\"panel-grid panel-no-style\" ><div id=\"pgc-11442-1-0\"  class=\"panel-grid-cell panel-grid-cell-mobile-last\" ><div id=\"panel-11442-1-0-0\" class=\"so-panel widget widget_sow-image panel-first-child\" data-index=\"1\" ><div class=\"panel-widget-style panel-widget-style-for-11442-1-0-0\" ><div\n\t\t\t\n\t\t\tclass=\"so-widget-sow-image so-widget-sow-image-default-4e6925654b7a-11442\"\n\t\t\t\n\t\t>\n<div class=\"sow-image-container\">\n\t\t<img \n\tsrc=\"https:\/\/www.fundacionsancebrian.com\/portal\/wp-content\/uploads\/2019\/12\/EtR3-e1575535111209.png\" width=\"250\" height=\"50\" sizes=\"(max-width: 250px) 100vw, 250px\" title=\"EtR3\" alt=\"\" \t\tclass=\"so-widget-image\"\/>\n\t<\/div>\n\n<\/div><\/div><\/div><div id=\"panel-11442-1-0-1\" class=\"so-panel widget widget_sow-editor panel-last-child\" data-index=\"2\" ><div class=\"panel-widget-style panel-widget-style-for-11442-1-0-1\" ><div\n\t\t\t\n\t\t\tclass=\"so-widget-sow-editor so-widget-sow-editor-base\"\n\t\t\t\n\t\t>\n<div class=\"siteorigin-widget-tinymce textwidget\">\n\t<div style=\"font-size: 18px; line-height: 1.8em; font-family: Arial;\">\n<p><strong>La jornada de apoyos a la vida independiente se celebr\u00f3 en Palencia.<\/strong><\/p>\n<p>La jornada sobre la vida independiente en comunidad<br \/>\norganizada por la Red OIKOS<br \/>\nfu\u00e9 el 25 de octubre en Palencia.<\/p>\n<p>La Red OIKOS est\u00e1 formada por 6 entidades:<\/p>\n<ul>\n<li>Ayuntamiento de Salamanca<\/li>\n<li>Fundaci\u00f3n Asprodes.<\/li>\n<li>Grupo Fundaci\u00f3n San Cebri\u00e1n.<\/li>\n<li>Gerencia de Servicios Sociales de Castilla y Le\u00f3n.<\/li>\n<li>Asociaci\u00f3n Atadi.<\/li>\n<li>Asociaci\u00f3n Alba.<\/li>\n<\/ul>\n<p>La entrada a la jornada era libre<br \/>\ny participaron cerca de 60 personas.<\/p>\n<p>Durante la jornada hubo 4 exposiciones de experiencias<br \/>\nen las que se compartieron buenas pr\u00e1cticas<br \/>\nde apoyos a personas con discapacidad<br \/>\no en situaci\u00f3n de dependencia.<\/p>\n<p>Tambi\u00e9n se participaron Eduardo Garc\u00eda Brea<br \/>\nque es el Director General de atenci\u00f3n a personas mayores y discapacidad<br \/>\nde la Consejer\u00eda de Familia e Igualdad de Oportunidades<br \/>\ny\u00a0 alcaldesa de Palencia Miriam Andr\u00e9s.<\/p>\n<p>El objetivo de la jornada fue reflexionar<br \/>\nsobre la importancia de la vida independiente en comunidad<br \/>\ny compartir experiencias y buenas pr\u00e1cticas.<\/p>\n<\/div>\n<\/div>\n<\/div><\/div><\/div><\/div><div id=\"pgc-11442-1-1\"  class=\"panel-grid-cell panel-grid-cell-empty\" ><\/div><\/div><div id=\"pg-11442-2\"  class=\"panel-grid panel-no-style\" ><div id=\"pgc-11442-2-0\"  class=\"panel-grid-cell\" ><div id=\"panel-11442-2-0-0\" class=\"so-panel widget widget_sow-editor panel-first-child panel-last-child\" data-index=\"3\" ><div\n\t\t\t\n\t\t\tclass=\"so-widget-sow-editor so-widget-sow-editor-base\"\n\t\t\t\n\t\t><h3 class=\"widget-title\">La Red est\u00e1 formada por Ayuntamiento de Salamanca, Fundaci\u00f3n Asprodes, Grupo Fundaci\u00f3n San Cebrian,  Gerencia de Servicios Sociales CyL, la  Asociaci\u00f3n Atadi y la  Associaci\u00f3 Alba<\/h3>\n<div class=\"siteorigin-widget-tinymce textwidget\">\n\t<p>Palencia acogi\u00f3 ayer la Jornada de trabajo de la Red OIKOS, una red de econom\u00eda social de entidades de apoyo a la vida independiente en comunidad. La jornada de trabajo, abierta a la sociedad y en la que participaron entidades procedentes de la comunidad y vinculadas al tercer sector con proyectos innovadores en materia de apoyos a personas, cont\u00f3 con la participaci\u00f3n inicial del Director General de atenci\u00f3n a personas mayores y discapacidad de la Consejer\u00eda de Familia e Igualdad de Oportunidades, Eduardo Garc\u00eda Brea y con la clausura de la alcaldesa de Palencia, Miriam Andr\u00e9s.<\/p>\n<p>Adem\u00e1s, durante la jornada en la que participaron cerca de 60 personas particip\u00f3 el Director General de FRESNO, the right link, Jos\u00e9 Manuel Fresno con su ponencia ?estrategia de desinstitucionalizaci\u00f3n' y se celebraron un total de 4 mesas de experiencias:<\/p>\n<p>-Nuevos perfiles profesionales desde la experiencia:<a href=\"https:\/\/www.fundacionsancebrian.com\/portal\/wp-content\/uploads\/2023\/10\/53283266807_cca11857a6_k.jpg\"><img fetchpriority=\"high\" fetchpriority=\"high\" decoding=\"async\" class=\"alignright wp-image-11449 size-medium\" title=\"P\u00fablico asistente\" src=\"https:\/\/www.fundacionsancebrian.com\/portal\/wp-content\/uploads\/2023\/10\/53283266807_cca11857a6_k-300x225.jpg\" alt=\"P\u00fablico asistente\" width=\"300\" height=\"225\" srcset=\"https:\/\/www.fundacionsancebrian.com\/portal\/wp-content\/uploads\/2023\/10\/53283266807_cca11857a6_k-300x225.jpg 300w, https:\/\/www.fundacionsancebrian.com\/portal\/wp-content\/uploads\/2023\/10\/53283266807_cca11857a6_k-1024x768.jpg 1024w, https:\/\/www.fundacionsancebrian.com\/portal\/wp-content\/uploads\/2023\/10\/53283266807_cca11857a6_k-768x576.jpg 768w, https:\/\/www.fundacionsancebrian.com\/portal\/wp-content\/uploads\/2023\/10\/53283266807_cca11857a6_k-1536x1152.jpg 1536w, https:\/\/www.fundacionsancebrian.com\/portal\/wp-content\/uploads\/2023\/10\/53283266807_cca11857a6_k-600x450.jpg 600w, https:\/\/www.fundacionsancebrian.com\/portal\/wp-content\/uploads\/2023\/10\/53283266807_cca11857a6_k.jpg 2048w\" sizes=\"(max-width: 300px) 100vw, 300px\" \/><\/a><\/p>\n<ul>\n<li>Gestora de caso INTECUM Fundaci\u00f3n San Cebri\u00e1n, Susana Mart\u00ednez.<\/li>\n<li>Gestora de caso 'A gusto en casa' Asprodes Marta Romero<\/li>\n<li>Asistente personal Fundaci\u00f3n San Cebri\u00e1n. MOntserrat Aguado.<\/li>\n<\/ul>\n<p>-Tecnolog\u00eda aplicada a los cuidados:<\/p>\n<ul>\n<li>Proceso de cocreaci\u00f3n de Asprodes. Leticia Pedraz.<\/li>\n<li>Valoraci\u00f3n del hogar. Fundaci\u00f3n San Cebri\u00e1n. Abigail Azpeleta.<\/li>\n<li>Respuestas tecnol\u00f3gicas. CARTIF Pablo Vi\u00f1as<\/li>\n<\/ul>\n<p>-Vidas conectadas en comunidad:<\/p>\n<ul>\n<li>La Inclusiva. Asprodes. Emilio Mi\u00f1ambres.<\/li>\n<li>Asociaci\u00f3n Garaje (Madrid). Javier Taboada.<\/li>\n<\/ul>\n<p>-Experiencias de entidades locales:<\/p>\n<ul>\n<li>Responsable del Proyecto Salamanca Acompa\u00f1a. Marta Aparicio. Ayuntamiento de Salamanca.<\/li>\n<li>Responsable del Proyecto Cuenta con nosotros. Cristina Alves y Charo Garc\u00eda. Ayuntamiento de Palencia.<\/li>\n<\/ul>\n<p>La jornada finaliz\u00f3 con 'Nuevos retos de vida independiente' a cargo del coordinador de RED Oikos, Juan Recio de Asprodes Salamanca.<\/p>\n<p>&nbsp;<\/p>\n<p>El proyecto RED OIKOS trata de impulsar la Cartera de Servicios, a trav\u00e9s del Servicio de Vida Independiente y el modelo de apoyos en Comunidad, en \u00c1reas Urbanas de Salamanca y Palencia (Castilla y Le\u00f3n) y zonas rurales de Teruel (Arag\u00f3n) y Lleida (Catalu\u00f1a). El proyecto RED OIKOS ve una oportunidad en el PERTE (Plan Estrat\u00e9gico de Recuperaci\u00f3n y Transformaci\u00f3n Econ\u00f3mica) de la \u201cEconom\u00eda Social y de los Cuidados\u201d, impulsado por el Ministerio de Trabajo y Econom\u00eda Social (MITES). El enfoque del proyecto se basa en 3 pilares: prospecci\u00f3n de nuevas econom\u00edas e innovaci\u00f3n social, gesti\u00f3n y transferencia de conocimiento y gobernanza p\u00fablico-privada en el desarrollo de nuevos servicios sociales.<\/p>\n<p>&nbsp;<\/p>\n\n\t\t<style type=\"text\/css\">\n\t\t\t#gallery-1 {\n\t\t\t\tmargin: auto;\n\t\t\t}\n\t\t\t#gallery-1 .gallery-item {\n\t\t\t\tfloat: left;\n\t\t\t\tmargin-top: 10px;\n\t\t\t\ttext-align: center;\n\t\t\t\twidth: 33%;\n\t\t\t}\n\t\t\t#gallery-1 img {\n\t\t\t\tborder: 2px solid #cfcfcf;\n\t\t\t}\n\t\t\t#gallery-1 .gallery-caption {\n\t\t\t\tmargin-left: 0;\n\t\t\t}\n\t\t\t\/* see gallery_shortcode() in wp-includes\/media.php *\/\n\t\t<\/style>\n\t\t<div id='gallery-1' class='gallery galleryid-11442 gallery-columns-3 gallery-size-thumbnail'><dl class='gallery-item'>\n\t\t\t<dt class='gallery-icon landscape'>\n\t\t\t\t<a href='https:\/\/www.fundacionsancebrian.com\/portal\/palencia-acoge-la-jornada-de-la-redoikos-apoyos-a-la-vida-independiente-en-comunidad\/53283265827_70f8e1986d_k\/#main'><img decoding=\"async\" width=\"150\" height=\"150\" src=\"https:\/\/www.fundacionsancebrian.com\/portal\/wp-content\/uploads\/2023\/10\/53283265827_70f8e1986d_k-150x150.jpg\" class=\"attachment-thumbnail size-thumbnail\" alt=\"\" aria-describedby=\"gallery-1-11450\" srcset=\"https:\/\/www.fundacionsancebrian.com\/portal\/wp-content\/uploads\/2023\/10\/53283265827_70f8e1986d_k-150x150.jpg 150w, https:\/\/www.fundacionsancebrian.com\/portal\/wp-content\/uploads\/2023\/10\/53283265827_70f8e1986d_k-300x300.jpg 300w, https:\/\/www.fundacionsancebrian.com\/portal\/wp-content\/uploads\/2023\/10\/53283265827_70f8e1986d_k-100x100.jpg 100w, https:\/\/www.fundacionsancebrian.com\/portal\/wp-content\/uploads\/2023\/10\/53283265827_70f8e1986d_k-375x375.jpg 375w\" sizes=\"(max-width: 150px) 100vw, 150px\" \/><\/a>\n\t\t\t<\/dt>\n\t\t\t\t<dd class='wp-caption-text gallery-caption' id='gallery-1-11450'>\n\t\t\t\tLa alcaldesa Miriam Andr\u00e9s en la clausura de la jornada\n\t\t\t\t<\/dd><\/dl><dl class='gallery-item'>\n\t\t\t<dt class='gallery-icon landscape'>\n\t\t\t\t<a href='https:\/\/www.fundacionsancebrian.com\/portal\/palencia-acoge-la-jornada-de-la-redoikos-apoyos-a-la-vida-independiente-en-comunidad\/53284412678_0968a8b3ff_k\/#main'><img loading=\"lazy\" decoding=\"async\" width=\"150\" height=\"150\" src=\"https:\/\/www.fundacionsancebrian.com\/portal\/wp-content\/uploads\/2023\/10\/53284412678_0968a8b3ff_k-150x150.jpg\" class=\"attachment-thumbnail size-thumbnail\" alt=\"\" aria-describedby=\"gallery-1-11451\" srcset=\"https:\/\/www.fundacionsancebrian.com\/portal\/wp-content\/uploads\/2023\/10\/53284412678_0968a8b3ff_k-150x150.jpg 150w, https:\/\/www.fundacionsancebrian.com\/portal\/wp-content\/uploads\/2023\/10\/53284412678_0968a8b3ff_k-300x300.jpg 300w, https:\/\/www.fundacionsancebrian.com\/portal\/wp-content\/uploads\/2023\/10\/53284412678_0968a8b3ff_k-100x100.jpg 100w, https:\/\/www.fundacionsancebrian.com\/portal\/wp-content\/uploads\/2023\/10\/53284412678_0968a8b3ff_k-375x375.jpg 375w\" sizes=\"(max-width: 150px) 100vw, 150px\" \/><\/a>\n\t\t\t<\/dt>\n\t\t\t\t<dd class='wp-caption-text gallery-caption' id='gallery-1-11451'>\n\t\t\t\tExperiencias de entidades locales \n\t\t\t\t<\/dd><\/dl><dl class='gallery-item'>\n\t\t\t<dt class='gallery-icon landscape'>\n\t\t\t\t<a href='https:\/\/www.fundacionsancebrian.com\/portal\/palencia-acoge-la-jornada-de-la-redoikos-apoyos-a-la-vida-independiente-en-comunidad\/53283267017_f681ac8593_k\/#main'><img loading=\"lazy\" decoding=\"async\" width=\"150\" height=\"150\" src=\"https:\/\/www.fundacionsancebrian.com\/portal\/wp-content\/uploads\/2023\/10\/53283267017_f681ac8593_k-150x150.jpg\" class=\"attachment-thumbnail size-thumbnail\" alt=\"\" aria-describedby=\"gallery-1-11452\" srcset=\"https:\/\/www.fundacionsancebrian.com\/portal\/wp-content\/uploads\/2023\/10\/53283267017_f681ac8593_k-150x150.jpg 150w, https:\/\/www.fundacionsancebrian.com\/portal\/wp-content\/uploads\/2023\/10\/53283267017_f681ac8593_k-300x300.jpg 300w, https:\/\/www.fundacionsancebrian.com\/portal\/wp-content\/uploads\/2023\/10\/53283267017_f681ac8593_k-100x100.jpg 100w, https:\/\/www.fundacionsancebrian.com\/portal\/wp-content\/uploads\/2023\/10\/53283267017_f681ac8593_k-375x375.jpg 375w\" sizes=\"(max-width: 150px) 100vw, 150px\" \/><\/a>\n\t\t\t<\/dt>\n\t\t\t\t<dd class='wp-caption-text gallery-caption' id='gallery-1-11452'>\n\t\t\t\tVidas conectadas en comunidad\n\t\t\t\t<\/dd><\/dl><br style=\"clear: both\" \/><dl class='gallery-item'>\n\t\t\t<dt class='gallery-icon landscape'>\n\t\t\t\t<a href='https:\/\/www.fundacionsancebrian.com\/portal\/palencia-acoge-la-jornada-de-la-redoikos-apoyos-a-la-vida-independiente-en-comunidad\/53283581252_835d158d00_k\/#main'><img loading=\"lazy\" decoding=\"async\" width=\"150\" height=\"150\" src=\"https:\/\/www.fundacionsancebrian.com\/portal\/wp-content\/uploads\/2023\/10\/53283581252_835d158d00_k-150x150.jpg\" class=\"attachment-thumbnail size-thumbnail\" alt=\"\" aria-describedby=\"gallery-1-11453\" srcset=\"https:\/\/www.fundacionsancebrian.com\/portal\/wp-content\/uploads\/2023\/10\/53283581252_835d158d00_k-150x150.jpg 150w, https:\/\/www.fundacionsancebrian.com\/portal\/wp-content\/uploads\/2023\/10\/53283581252_835d158d00_k-300x300.jpg 300w, https:\/\/www.fundacionsancebrian.com\/portal\/wp-content\/uploads\/2023\/10\/53283581252_835d158d00_k-100x100.jpg 100w, https:\/\/www.fundacionsancebrian.com\/portal\/wp-content\/uploads\/2023\/10\/53283581252_835d158d00_k-375x375.jpg 375w\" sizes=\"(max-width: 150px) 100vw, 150px\" \/><\/a>\n\t\t\t<\/dt>\n\t\t\t\t<dd class='wp-caption-text gallery-caption' id='gallery-1-11453'>\n\t\t\t\tEstrategia de desinstitucionalizaci\u00f3n.  Jos\u00e9 Manuel Fresno\n\t\t\t\t<\/dd><\/dl><dl class='gallery-item'>\n\t\t\t<dt class='gallery-icon landscape'>\n\t\t\t\t<a href='https:\/\/www.fundacionsancebrian.com\/portal\/palencia-acoge-la-jornada-de-la-redoikos-apoyos-a-la-vida-independiente-en-comunidad\/53283581697_34d6e22284_k\/#main'><img loading=\"lazy\" decoding=\"async\" width=\"150\" height=\"150\" src=\"https:\/\/www.fundacionsancebrian.com\/portal\/wp-content\/uploads\/2023\/10\/53283581697_34d6e22284_k-150x150.jpg\" class=\"attachment-thumbnail size-thumbnail\" alt=\"\" aria-describedby=\"gallery-1-11454\" srcset=\"https:\/\/www.fundacionsancebrian.com\/portal\/wp-content\/uploads\/2023\/10\/53283581697_34d6e22284_k-150x150.jpg 150w, https:\/\/www.fundacionsancebrian.com\/portal\/wp-content\/uploads\/2023\/10\/53283581697_34d6e22284_k-300x300.jpg 300w, https:\/\/www.fundacionsancebrian.com\/portal\/wp-content\/uploads\/2023\/10\/53283581697_34d6e22284_k-100x100.jpg 100w, https:\/\/www.fundacionsancebrian.com\/portal\/wp-content\/uploads\/2023\/10\/53283581697_34d6e22284_k-375x375.jpg 375w\" sizes=\"(max-width: 150px) 100vw, 150px\" \/><\/a>\n\t\t\t<\/dt>\n\t\t\t\t<dd class='wp-caption-text gallery-caption' id='gallery-1-11454'>\n\t\t\t\tEstrategia de mayores. Proyectos innovadores de la Junta de CyL.  Eduardo Garc\u00eda Brea\n\t\t\t\t<\/dd><\/dl><dl class='gallery-item'>\n\t\t\t<dt class='gallery-icon landscape'>\n\t\t\t\t<a href='https:\/\/www.fundacionsancebrian.com\/portal\/palencia-acoge-la-jornada-de-la-redoikos-apoyos-a-la-vida-independiente-en-comunidad\/53284729353_9a18faa80c_k\/#main'><img loading=\"lazy\" decoding=\"async\" width=\"150\" height=\"150\" src=\"https:\/\/www.fundacionsancebrian.com\/portal\/wp-content\/uploads\/2023\/10\/53284729353_9a18faa80c_k-150x150.jpg\" class=\"attachment-thumbnail size-thumbnail\" alt=\"\" aria-describedby=\"gallery-1-11455\" srcset=\"https:\/\/www.fundacionsancebrian.com\/portal\/wp-content\/uploads\/2023\/10\/53284729353_9a18faa80c_k-150x150.jpg 150w, https:\/\/www.fundacionsancebrian.com\/portal\/wp-content\/uploads\/2023\/10\/53284729353_9a18faa80c_k-300x300.jpg 300w, https:\/\/www.fundacionsancebrian.com\/portal\/wp-content\/uploads\/2023\/10\/53284729353_9a18faa80c_k-100x100.jpg 100w, https:\/\/www.fundacionsancebrian.com\/portal\/wp-content\/uploads\/2023\/10\/53284729353_9a18faa80c_k-375x375.jpg 375w\" sizes=\"(max-width: 150px) 100vw, 150px\" \/><\/a>\n\t\t\t<\/dt>\n\t\t\t\t<dd class='wp-caption-text gallery-caption' id='gallery-1-11455'>\n\t\t\t\tNuevos perfiles profesionales desde la experiencia\n\t\t\t\t<\/dd><\/dl><br style=\"clear: both\" \/><dl class='gallery-item'>\n\t\t\t<dt class='gallery-icon landscape'>\n\t\t\t\t<a href='https:\/\/www.fundacionsancebrian.com\/portal\/palencia-acoge-la-jornada-de-la-redoikos-apoyos-a-la-vida-independiente-en-comunidad\/53284737398_4c946c5b46_k\/#main'><img loading=\"lazy\" decoding=\"async\" width=\"150\" height=\"150\" src=\"https:\/\/www.fundacionsancebrian.com\/portal\/wp-content\/uploads\/2023\/10\/53284737398_4c946c5b46_k-150x150.jpg\" class=\"attachment-thumbnail size-thumbnail\" alt=\"\" aria-describedby=\"gallery-1-11456\" srcset=\"https:\/\/www.fundacionsancebrian.com\/portal\/wp-content\/uploads\/2023\/10\/53284737398_4c946c5b46_k-150x150.jpg 150w, https:\/\/www.fundacionsancebrian.com\/portal\/wp-content\/uploads\/2023\/10\/53284737398_4c946c5b46_k-300x300.jpg 300w, https:\/\/www.fundacionsancebrian.com\/portal\/wp-content\/uploads\/2023\/10\/53284737398_4c946c5b46_k-100x100.jpg 100w, https:\/\/www.fundacionsancebrian.com\/portal\/wp-content\/uploads\/2023\/10\/53284737398_4c946c5b46_k-375x375.jpg 375w\" sizes=\"(max-width: 150px) 100vw, 150px\" \/><\/a>\n\t\t\t<\/dt>\n\t\t\t\t<dd class='wp-caption-text gallery-caption' id='gallery-1-11456'>\n\t\t\t\tNuevos perfiles profesionales desde la experiencia\n\t\t\t\t<\/dd><\/dl><dl class='gallery-item'>\n\t\t\t<dt class='gallery-icon landscape'>\n\t\t\t\t<a href='https:\/\/www.fundacionsancebrian.com\/portal\/palencia-acoge-la-jornada-de-la-redoikos-apoyos-a-la-vida-independiente-en-comunidad\/53283266807_cca11857a6_k-2\/#main'><img loading=\"lazy\" decoding=\"async\" width=\"150\" height=\"150\" src=\"https:\/\/www.fundacionsancebrian.com\/portal\/wp-content\/uploads\/2023\/10\/53283266807_cca11857a6_k-1-150x150.jpg\" class=\"attachment-thumbnail size-thumbnail\" alt=\"\" aria-describedby=\"gallery-1-11458\" srcset=\"https:\/\/www.fundacionsancebrian.com\/portal\/wp-content\/uploads\/2023\/10\/53283266807_cca11857a6_k-1-150x150.jpg 150w, https:\/\/www.fundacionsancebrian.com\/portal\/wp-content\/uploads\/2023\/10\/53283266807_cca11857a6_k-1-300x300.jpg 300w, https:\/\/www.fundacionsancebrian.com\/portal\/wp-content\/uploads\/2023\/10\/53283266807_cca11857a6_k-1-100x100.jpg 100w, https:\/\/www.fundacionsancebrian.com\/portal\/wp-content\/uploads\/2023\/10\/53283266807_cca11857a6_k-1-375x375.jpg 375w\" sizes=\"(max-width: 150px) 100vw, 150px\" \/><\/a>\n\t\t\t<\/dt>\n\t\t\t\t<dd class='wp-caption-text gallery-caption' id='gallery-1-11458'>\n\t\t\t\tP\u00fablico asistente\n\t\t\t\t<\/dd><\/dl>\n\t\t\t<br style='clear: both' \/>\n\t\t<\/div>\n\n<\/div>\n<\/div><\/div><\/div><\/div><\/div>","protected":false},"excerpt":{"rendered":"<p>&nbsp; La jornada de apoyos a la vida independiente se celebr\u00f3 en Palencia. La jornada sobre la vida independiente en comunidad organizada por la Red OIKOS fu\u00e9 el 25 de octubre en Palencia. La Red OIKOS est\u00e1 formada por 6 entidades: Ayuntamiento de Salamanca Fundaci\u00f3n Asprodes. Grupo Fundaci\u00f3n San Cebri\u00e1n. Gerencia de Servicios Sociales de [&hellip;]<\/p>\n","protected":false},"author":1,"featured_media":11455,"comment_status":"open","ping_status":"open","sticky":false,"template":"","format":"standard","meta":{"_seopress_robots_primary_cat":"","_seopress_titles_title":"","_seopress_titles_desc":"","_seopress_robots_index":"","_eb_attr":"","footnotes":""},"categories":[8],"tags":[],"class_list":["post-11442","post","type-post","status-publish","format-standard","has-post-thumbnail","hentry","category-noticias","post-with-thumbnail","post-with-thumbnail-icon"],"_links":{"self":[{"href":"https:\/\/www.fundacionsancebrian.com\/portal\/wp-json\/wp\/v2\/posts\/11442","targetHints":{"allow":["GET"]}}],"collection":[{"href":"https:\/\/www.fundacionsancebrian.com\/portal\/wp-json\/wp\/v2\/posts"}],"about":[{"href":"https:\/\/www.fundacionsancebrian.com\/portal\/wp-json\/wp\/v2\/types\/post"}],"author":[{"embeddable":true,"href":"https:\/\/www.fundacionsancebrian.com\/portal\/wp-json\/wp\/v2\/users\/1"}],"replies":[{"embeddable":true,"href":"https:\/\/www.fundacionsancebrian.com\/portal\/wp-json\/wp\/v2\/comments?post=11442"}],"version-history":[{"count":10,"href":"https:\/\/www.fundacionsancebrian.com\/portal\/wp-json\/wp\/v2\/posts\/11442\/revisions"}],"predecessor-version":[{"id":11855,"href":"https:\/\/www.fundacionsancebrian.com\/portal\/wp-json\/wp\/v2\/posts\/11442\/revisions\/11855"}],"wp:featuredmedia":[{"embeddable":true,"href":"https:\/\/www.fundacionsancebrian.com\/portal\/wp-json\/wp\/v2\/media\/11455"}],"wp:attachment":[{"href":"https:\/\/www.fundacionsancebrian.com\/portal\/wp-json\/wp\/v2\/media?parent=11442"}],"wp:term":[{"taxonomy":"category","embeddable":true,"href":"https:\/\/www.fundacionsancebrian.com\/portal\/wp-json\/wp\/v2\/categories?post=11442"},{"taxonomy":"post_tag","embeddable":true,"href":"https:\/\/www.fundacionsancebrian.com\/portal\/wp-json\/wp\/v2\/tags?post=11442"}],"curies":[{"name":"wp","href":"https:\/\/api.w.org\/{rel}","templated":true}]}}