{"id":11554,"date":"2023-11-07T14:56:07","date_gmt":"2023-11-07T13:56:07","guid":{"rendered":"https:\/\/www.fundacionsancebrian.com\/portal\/?p=11554"},"modified":"2023-11-10T16:39:02","modified_gmt":"2023-11-10T15:39:02","slug":"el-grupo-fundacion-san-cebrian-lanza-a-la-sociedad-educativa-el-x-certamen-de-relatos-de-navidad-2023","status":"publish","type":"post","link":"https:\/\/www.fundacionsancebrian.com\/portal\/el-grupo-fundacion-san-cebrian-lanza-a-la-sociedad-educativa-el-x-certamen-de-relatos-de-navidad-2023\/","title":{"rendered":"El Grupo Fundaci\u00f3n San Cebri\u00e1n lanza a la sociedad educativa el X Certamen de Relatos de Navidad 2023"},"content":{"rendered":"<div id=\"pl-11554\"  class=\"panel-layout\" ><div id=\"pg-11554-0\"  class=\"panel-grid panel-has-style\" ><div class=\"panel-row-style panel-row-style-for-11554-0\" ><div id=\"pgc-11554-0-0\"  class=\"panel-grid-cell\" ><div id=\"panel-11554-0-0-0\" class=\"so-panel widget widget_sow-editor panel-first-child panel-last-child\" data-index=\"0\" ><div\n\t\t\t\n\t\t\tclass=\"so-widget-sow-editor so-widget-sow-editor-base\"\n\t\t\t\n\t\t>\n<div class=\"siteorigin-widget-tinymce textwidget\">\n\t<hr \/>\n<p>&nbsp;<\/p>\n<\/div>\n<\/div><\/div><\/div><\/div><\/div><div id=\"pg-11554-1\"  class=\"panel-grid panel-no-style\" ><div id=\"pgc-11554-1-0\"  class=\"panel-grid-cell panel-grid-cell-mobile-last\" ><div id=\"panel-11554-1-0-0\" class=\"so-panel widget widget_sow-image panel-first-child\" data-index=\"1\" ><div class=\"panel-widget-style panel-widget-style-for-11554-1-0-0\" ><div\n\t\t\t\n\t\t\tclass=\"so-widget-sow-image so-widget-sow-image-default-4e6925654b7a-11554\"\n\t\t\t\n\t\t>\n<div class=\"sow-image-container\">\n\t\t<img \n\tsrc=\"https:\/\/www.fundacionsancebrian.com\/portal\/wp-content\/uploads\/2019\/12\/EtR3-e1575535111209.png\" width=\"250\" height=\"50\" sizes=\"(max-width: 250px) 100vw, 250px\" title=\"EtR3\" alt=\"\" \t\tclass=\"so-widget-image\"\/>\n\t<\/div>\n\n<\/div><\/div><\/div><div id=\"panel-11554-1-0-1\" class=\"so-panel widget widget_sow-editor panel-last-child\" data-index=\"2\" ><div class=\"panel-widget-style panel-widget-style-for-11554-1-0-1\" ><div\n\t\t\t\n\t\t\tclass=\"so-widget-sow-editor so-widget-sow-editor-base\"\n\t\t\t\n\t\t>\n<div class=\"siteorigin-widget-tinymce textwidget\">\n\t<div style=\"font-size: 18px; line-height: 1.8em; font-family: Arial;\">\n<p><strong>Concurso de cuentos de navidad 2023.<\/strong><\/p>\n<p>El Grupo Fundaci\u00f3n San Cebri\u00e1n<br \/>\norganiza un concurso de cuentos de Navidad<br \/>\npara personas con discapacidad intelectual y sus familias.<\/p>\n<p>Hay 5 categor\u00edas:<\/p>\n<ul>\n<li>Categor\u00eda 1: Personas que pueden escribir el cuento solas.<\/li>\n<li>Categor\u00eda 2: Personas que necesitan ayuda de alguien de la entidad.<\/li>\n<li>Categor\u00eda 3: Personas que necesitan ayuda de su familia.<\/li>\n<li>Categor\u00eda 4: Familiares y socios de la entidad.<\/li>\n<li>Categor\u00eda 5: Alumnos de 3\u00ba y 4\u00ba de Primaria.<\/li>\n<\/ul>\n<p>Los cuentos deben ser nuevos<br \/>\ny tener entre 10 l\u00edneas y 2 folios.<\/p>\n<p>El cuento debe tener estas palabras clave:<\/p>\n<ul>\n<li>Igualdad.<\/li>\n<li>Familia.<\/li>\n<li>Participaci\u00f3n.<\/li>\n<li>Apoyos.<\/li>\n<li>Reno.<\/li>\n<\/ul>\n<p>Las palabras clave deben estar negrita.<br \/>\nEl t\u00edtulo del cuento es obligatorio<br \/>\ny debe ir al principio del cuento.<br \/>\nLa firma del cuento debe incluir las 3 iniciales del autor<br \/>\nlos dos \u00faltimos n\u00fameros de su a\u00f1o de nacimiento<br \/>\ny la categor\u00eda en la que participa.<\/p>\n<p>Por ejemplo:<br \/>\nSi me llamo Arturo Mart\u00ednez Fern\u00e1ndez<br \/>\nhe nacido en el a\u00f1o 1987<br \/>\ny participo en la categor\u00eda 2,<br \/>\nla firma ser\u00eda AMF87C2<\/p>\n<p>El plazo para enviar los cuentos es hasta el 13 de diciembre de 2023.<\/p>\n<\/div>\n<\/div>\n<\/div><\/div><\/div><\/div><div id=\"pgc-11554-1-1\"  class=\"panel-grid-cell panel-grid-cell-empty\" ><\/div><\/div><div id=\"pg-11554-2\"  class=\"panel-grid panel-no-style\" ><div id=\"pgc-11554-2-0\"  class=\"panel-grid-cell\" ><div id=\"panel-11554-2-0-0\" class=\"so-panel widget widget_sow-editor panel-first-child panel-last-child\" data-index=\"3\" ><div\n\t\t\t\n\t\t\tclass=\"so-widget-sow-editor so-widget-sow-editor-base\"\n\t\t\t\n\t\t><h3 class=\"widget-title\">El Certamen de relatos incluye 5 categor\u00edas de participaci\u00f3n. El plazo de presentaci\u00f3n de relatos finaliza el 13 diciembre. <\/h3>\n<div class=\"siteorigin-widget-tinymce textwidget\">\n\t<p>El Grupo Fundaci\u00f3n San Cebri\u00e1n por d\u00e9cimo a\u00f1o consecutivo ha lanzado las bases del X Certamen de Relatos de Navidad 2023. Un certamen que comenz\u00f3 siendo un concurso interno, en el que participaban s\u00f3lo personas de la organizaci\u00f3n, hasta pasar hace ya 3 a\u00f1os a ser un certamen con esencia en la comunidad, y es que se invita a participar a todos los centros educativos de la capital y de la provincia que as\u00ed lo consideren.<\/p>\n<p><a href=\"https:\/\/www.fundacionsancebrian.com\/portal\/wp-content\/uploads\/2023\/11\/noticia-x-certamen-relatos-navidad-2023.jpg\"><img fetchpriority=\"high\" fetchpriority=\"high\" decoding=\"async\" class=\"alignright wp-image-11555 size-medium\" src=\"https:\/\/www.fundacionsancebrian.com\/portal\/wp-content\/uploads\/2023\/11\/noticia-x-certamen-relatos-navidad-2023-300x213.jpg\" alt=\"\" width=\"300\" height=\"213\" srcset=\"https:\/\/www.fundacionsancebrian.com\/portal\/wp-content\/uploads\/2023\/11\/noticia-x-certamen-relatos-navidad-2023-300x213.jpg 300w, https:\/\/www.fundacionsancebrian.com\/portal\/wp-content\/uploads\/2023\/11\/noticia-x-certamen-relatos-navidad-2023-1024x726.jpg 1024w, https:\/\/www.fundacionsancebrian.com\/portal\/wp-content\/uploads\/2023\/11\/noticia-x-certamen-relatos-navidad-2023-768x545.jpg 768w, https:\/\/www.fundacionsancebrian.com\/portal\/wp-content\/uploads\/2023\/11\/noticia-x-certamen-relatos-navidad-2023-1536x1090.jpg 1536w, https:\/\/www.fundacionsancebrian.com\/portal\/wp-content\/uploads\/2023\/11\/noticia-x-certamen-relatos-navidad-2023-600x426.jpg 600w, https:\/\/www.fundacionsancebrian.com\/portal\/wp-content\/uploads\/2023\/11\/noticia-x-certamen-relatos-navidad-2023.jpg 1748w\" sizes=\"(max-width: 300px) 100vw, 300px\" \/><\/a><\/p>\n<p>Este certamen pretende contribuir a la inclusi\u00f3n de las personas con discapacidad intelectual en la sociedad fomentando la participaci\u00f3n del \u00e1mbito educativo para lograr conseguir esa doble educaci\u00f3n y contribuir al conocimiento del mundo de la discapacidad en los centros educativos. Adem\u00e1s, gracias a este certamen se pretende buscar la participaci\u00f3n de todas las personas que formamos parte del Grupo Fundaci\u00f3n San Cebri\u00e1n, cada una con los apoyos que requiera.<\/p>\n<p>El Certamen incluye 5 categor\u00edas:<\/p>\n<p>Categor\u00eda I\u00a0 Persona sin necesidad de apoyos en la redacci\u00f3n del relato.<\/p>\n<p>Categor\u00eda II Persona con ayuda de una persona de apoyo (profesional de la entidad) que cada uno elija.<\/p>\n<p>Categor\u00eda III Persona con apoyo de su familia<\/p>\n<p>Categor\u00eda IV\u00a0 Familiares y socios<\/p>\n<p>Categor\u00eda V\u00a0 Alumnos\/as de 3\u00ba y 4\u00ba de Primaria.<\/p>\n<p>El relato tendr\u00e1 una extensi\u00f3n m\u00ednima de 10 l\u00edneas y m\u00e1xima de dos folios por una sola cara, presentados en tipo de letra Arial, tama\u00f1o 12 y con interlineado de 1,5. El relato deber\u00e1 contener obligatoriamente las siguientes 5 palabras clave o su plural en letra negrita: igualdad, familia, participaci\u00f3n, apoyos y reno. <strong>El relato debe encabezarse con un t\u00edtulo<\/strong>. Como firma del relato aparecer\u00e1n las tres iniciales del nombre del autor\/a m\u00e1s las dos \u00faltimas de su a\u00f1o de nacimiento y la categor\u00eda en la que se presenta (CI, CII, CIII, CIV o CV -esta solo para colegios-). Ejemplo (Arturo Mart\u00ednez Fern\u00e1ndez del a\u00f1o 1987 en categor\u00eda II) aparecer\u00e1 al final del texto a la derecha AMF87CII.<\/p>\n<p>El plazo de entrega es hasta el d\u00eda 13 de diciembre de 2023.<\/p>\n<p>Puedes ver las bases del certamen aqui:<\/p>\n<div class=\"su-service\"><div class=\"su-service-title\" style=\"padding-left:62px;min-height:48px;line-height:48px\"><img decoding=\"async\" src=\"https:\/\/www.fundacionsancebrian.com\/portal\/wp-content\/uploads\/2021\/11\/docs.png\" width=\"48\" height=\"48\" alt=\"Bases del certamen\" style=\"width:48px;height:48px\" \/> Bases del certamen<\/div><div class=\"su-service-content su-u-clearfix su-u-trim\" style=\"padding-left:62px\"><\/div><\/div>\n<\/div>\n<\/div><\/div><\/div><\/div><\/div>","protected":false},"excerpt":{"rendered":"<p>&nbsp; Concurso de cuentos de navidad 2023. El Grupo Fundaci\u00f3n San Cebri\u00e1n organiza un concurso de cuentos de Navidad para personas con discapacidad intelectual y sus familias. Hay 5 categor\u00edas: Categor\u00eda 1: Personas que pueden escribir el cuento solas. Categor\u00eda 2: Personas que necesitan ayuda de alguien de la entidad. Categor\u00eda 3: Personas que necesitan [&hellip;]<\/p>\n","protected":false},"author":1,"featured_media":11555,"comment_status":"open","ping_status":"open","sticky":false,"template":"","format":"standard","meta":{"_seopress_robots_primary_cat":"","_seopress_titles_title":"","_seopress_titles_desc":"","_seopress_robots_index":"","_eb_attr":"","footnotes":""},"categories":[8],"tags":[],"class_list":["post-11554","post","type-post","status-publish","format-standard","has-post-thumbnail","hentry","category-noticias","post-with-thumbnail","post-with-thumbnail-icon"],"_links":{"self":[{"href":"https:\/\/www.fundacionsancebrian.com\/portal\/wp-json\/wp\/v2\/posts\/11554","targetHints":{"allow":["GET"]}}],"collection":[{"href":"https:\/\/www.fundacionsancebrian.com\/portal\/wp-json\/wp\/v2\/posts"}],"about":[{"href":"https:\/\/www.fundacionsancebrian.com\/portal\/wp-json\/wp\/v2\/types\/post"}],"author":[{"embeddable":true,"href":"https:\/\/www.fundacionsancebrian.com\/portal\/wp-json\/wp\/v2\/users\/1"}],"replies":[{"embeddable":true,"href":"https:\/\/www.fundacionsancebrian.com\/portal\/wp-json\/wp\/v2\/comments?post=11554"}],"version-history":[{"count":5,"href":"https:\/\/www.fundacionsancebrian.com\/portal\/wp-json\/wp\/v2\/posts\/11554\/revisions"}],"predecessor-version":[{"id":11588,"href":"https:\/\/www.fundacionsancebrian.com\/portal\/wp-json\/wp\/v2\/posts\/11554\/revisions\/11588"}],"wp:featuredmedia":[{"embeddable":true,"href":"https:\/\/www.fundacionsancebrian.com\/portal\/wp-json\/wp\/v2\/media\/11555"}],"wp:attachment":[{"href":"https:\/\/www.fundacionsancebrian.com\/portal\/wp-json\/wp\/v2\/media?parent=11554"}],"wp:term":[{"taxonomy":"category","embeddable":true,"href":"https:\/\/www.fundacionsancebrian.com\/portal\/wp-json\/wp\/v2\/categories?post=11554"},{"taxonomy":"post_tag","embeddable":true,"href":"https:\/\/www.fundacionsancebrian.com\/portal\/wp-json\/wp\/v2\/tags?post=11554"}],"curies":[{"name":"wp","href":"https:\/\/api.w.org\/{rel}","templated":true}]}}