{"id":11782,"date":"2023-12-01T15:06:47","date_gmt":"2023-12-01T14:06:47","guid":{"rendered":"https:\/\/www.fundacionsancebrian.com\/portal\/?p=11782"},"modified":"2023-12-01T15:51:14","modified_gmt":"2023-12-01T14:51:14","slug":"cartas-para-ti-nuevo-espectaculo-de-includanza-la-compania-de-danza-del-grupo-fundacion-san-cebrian","status":"publish","type":"post","link":"https:\/\/www.fundacionsancebrian.com\/portal\/cartas-para-ti-nuevo-espectaculo-de-includanza-la-compania-de-danza-del-grupo-fundacion-san-cebrian\/","title":{"rendered":"&#8216;Cartas para ti&#8217;, nuevo espect\u00e1culo de Includanza, la compa\u00f1\u00eda de danza del Grupo Fundaci\u00f3n San Cebri\u00e1n"},"content":{"rendered":"<div id=\"pl-11782\"  class=\"panel-layout\" ><div id=\"pg-11782-0\"  class=\"panel-grid panel-has-style\" ><div class=\"panel-row-style panel-row-style-for-11782-0\" ><div id=\"pgc-11782-0-0\"  class=\"panel-grid-cell\" ><div id=\"panel-11782-0-0-0\" class=\"so-panel widget widget_sow-editor panel-first-child panel-last-child\" data-index=\"0\" ><div\n\t\t\t\n\t\t\tclass=\"so-widget-sow-editor so-widget-sow-editor-base\"\n\t\t\t\n\t\t>\n<div class=\"siteorigin-widget-tinymce textwidget\">\n\t<hr \/>\n<p>&nbsp;<\/p>\n<\/div>\n<\/div><\/div><\/div><\/div><\/div><div id=\"pg-11782-1\"  class=\"panel-grid panel-no-style\" ><div id=\"pgc-11782-1-0\"  class=\"panel-grid-cell panel-grid-cell-mobile-last\" ><div id=\"panel-11782-1-0-0\" class=\"so-panel widget widget_sow-image panel-first-child\" data-index=\"1\" ><div class=\"panel-widget-style panel-widget-style-for-11782-1-0-0\" ><div\n\t\t\t\n\t\t\tclass=\"so-widget-sow-image so-widget-sow-image-default-4e6925654b7a-11782\"\n\t\t\t\n\t\t>\n<div class=\"sow-image-container\">\n\t\t<img \n\tsrc=\"https:\/\/www.fundacionsancebrian.com\/portal\/wp-content\/uploads\/2019\/12\/EtR3-e1575535111209.png\" width=\"250\" height=\"50\" sizes=\"(max-width: 250px) 100vw, 250px\" title=\"EtR3\" alt=\"\" \t\tclass=\"so-widget-image\"\/>\n\t<\/div>\n\n<\/div><\/div><\/div><div id=\"panel-11782-1-0-1\" class=\"so-panel widget widget_sow-editor panel-last-child\" data-index=\"2\" ><div class=\"panel-widget-style panel-widget-style-for-11782-1-0-1\" ><div\n\t\t\t\n\t\t\tclass=\"so-widget-sow-editor so-widget-sow-editor-base\"\n\t\t\t\n\t\t>\n<div class=\"siteorigin-widget-tinymce textwidget\">\n\t<div style=\"font-size: 18px; line-height: 1.8em; font-family: Arial;\">\n<p><span style=\"font-family: Arial;\"><span style=\"font-size: 18px;\"><b>Espect\u00e1culo<\/b><\/span><\/span><strong style=\"font-family: Arial; font-size: 18px;\"> de danza Cartas para t\u00ed.<\/strong><\/p>\n<p style=\"font-family: Arial; font-size: 18px;\">La compa\u00f1\u00eda de danza Includanza<br \/>\nest\u00e1 formada por personas con discapacidad intelectual<br \/>\ny ha estrenado un nuevo espect\u00e1culo llamado \"Cartas para ti\".<br \/>\nEl espect\u00e1culo se estren\u00f3 en San Pedro Cultural de Becerril de Campos<br \/>\ny fueron de m\u00e1s de 150 personas a verlo.<\/p>\n<p style=\"font-family: Arial; font-size: 18px;\">El espect\u00e1culo trata sobre la importancia de las cartas<br \/>\ncomo forma de comunicaci\u00f3n.<\/p>\n<p>Los bailarines representan diferentes emociones y sentimientos<br \/>\ncon la danza.<\/p>\n<p>Includanza esta formada por 5 bailarines:<\/p>\n<ul>\n<li style=\"font-family: Arial; font-size: 18px;\">Raquel Redondo.<\/li>\n<li style=\"font-family: Arial; font-size: 18px;\">Raquel Bravo.<\/li>\n<li style=\"font-family: Arial; font-size: 18px;\">Jos\u00e9 Jim\u00e9nez.<\/li>\n<li style=\"font-family: Arial; font-size: 18px;\">Jorge de Prado.<\/li>\n<li style=\"font-family: Arial; font-size: 18px;\">Pilar Andr\u00e9s.<\/li>\n<\/ul>\n<p>Este a\u00f1o se ha unido al grupo Juan Carlos Aramburu.<br \/>\nY la directora del grupo es la profesional Natal\u00ed Camolez.<\/p>\n<p>La gente que vio el espect\u00e1culo qued\u00f3 impresionada.<br \/>\nDijeron que el espect\u00e1culo era muy bonito<br \/>\ny que transmit\u00eda un mensaje muy importante.<\/p>\n<\/div>\n<\/div>\n<\/div><\/div><\/div><\/div><div id=\"pgc-11782-1-1\"  class=\"panel-grid-cell panel-grid-cell-empty\" ><\/div><\/div><div id=\"pg-11782-2\"  class=\"panel-grid panel-no-style\" ><div id=\"pgc-11782-2-0\"  class=\"panel-grid-cell\" ><div id=\"panel-11782-2-0-0\" class=\"so-panel widget widget_sow-editor panel-first-child panel-last-child\" data-index=\"3\" ><div\n\t\t\t\n\t\t\tclass=\"so-widget-sow-editor so-widget-sow-editor-base\"\n\t\t\t\n\t\t>\n<div class=\"siteorigin-widget-tinymce textwidget\">\n\t<h1 class=\"x_elementToProof\"><strong>'Cartas para ti', nuevo espect\u00e1culo de Includanza, la compa\u00f1\u00eda de danza del Grupo Fundaci\u00f3n San Cebri\u00e1n<\/strong><\/h1>\n<hr \/>\n<h2><strong>Al estreno, celebrado en San Pedro Cultural de Becerril de Campos acudieron 150 personas<\/strong><\/h2>\n<div>\n<p><a href=\"https:\/\/www.fundacionsancebrian.com\/portal\/wp-content\/uploads\/2023\/12\/Includanza-San-Pedro-Cultural-4.jpg\"><img fetchpriority=\"high\" fetchpriority=\"high\" decoding=\"async\" class=\"alignright wp-image-11837\" src=\"https:\/\/www.fundacionsancebrian.com\/portal\/wp-content\/uploads\/2023\/12\/Includanza-San-Pedro-Cultural-4.jpg\" alt=\"\" width=\"467\" height=\"350\" srcset=\"https:\/\/www.fundacionsancebrian.com\/portal\/wp-content\/uploads\/2023\/12\/Includanza-San-Pedro-Cultural-4.jpg 1440w, https:\/\/www.fundacionsancebrian.com\/portal\/wp-content\/uploads\/2023\/12\/Includanza-San-Pedro-Cultural-4-300x225.jpg 300w, https:\/\/www.fundacionsancebrian.com\/portal\/wp-content\/uploads\/2023\/12\/Includanza-San-Pedro-Cultural-4-1024x768.jpg 1024w, https:\/\/www.fundacionsancebrian.com\/portal\/wp-content\/uploads\/2023\/12\/Includanza-San-Pedro-Cultural-4-768x576.jpg 768w, https:\/\/www.fundacionsancebrian.com\/portal\/wp-content\/uploads\/2023\/12\/Includanza-San-Pedro-Cultural-4-600x450.jpg 600w\" sizes=\"(max-width: 467px) 100vw, 467px\" \/><\/a><\/p>\n<p>Tras el \u00e9xito de su primer espect\u00e1culo \u00bfJugamos?, que ha llegado a colegios y espacios culturales de varias localidades palentinas y ciudades de la Comunidad, la Compa\u00f1\u00eda de Danza Inclusiva del Grupo Fundaci\u00f3n San Cebri\u00e1n, Includanza, ha estrenado su nuevo espect\u00e1culo bajo el t\u00edtulo 'Cartas para ti'. M\u00e1s de 150 personas asistieron al evento, celebrado en San Pedro Cultural de Becerril de Campos.<\/p>\n<p>Includanza naci\u00f3 en noviembre de 2022 con el espect\u00e1culo \u00bfJugamos? y en un primer momento con 5 bailarines (Raquel Redondo, Raquel Bravo, Jos\u00e9 Jim\u00e9nez, Jorge de Prado y Pilar Andr\u00e9s) dirigidos por la profesional, Natal\u00ed Camolez. Ahora, un a\u00f1o despu\u00e9s Includanza ha incorporado un nuevo bailar\u00edn Juan Carlos Aramburu.<\/p>\n<p>Palabras, recuerdos, emociones compartidas\u2026 CARTAS PARA TI es un espect\u00e1culo pensado para exaltar la importancia del mensaje escrito a trav\u00e9s de las cartas, una de las v\u00edas de comunicaci\u00f3n que se va perdiendo con el paso del tiempo. Un recorrido entre el cuerpo po\u00e9tico, el movimiento y el mensaje (propio y colectivo) que intentar\u00e1 tocar el coraz\u00f3n de todas las personas que acudan a ver el espect\u00e1culo.<\/p>\n<p>Al evento asistieron gestores culturales, directores y profesores de centros educativos donde Includanza ha actuado; representantes municipales; profesionales del Grupo Fundaci\u00f3n San Cebri\u00e1n y la sociedad en general.<\/p>\n<p>&nbsp;<\/p>\n<hr \/>\n<\/div>\n<div><\/div>\n<div><a href=\"https:\/\/www.flickr.com\/photos\/136135221@N07\/albums\/72177720313029417\"><div class=\"su-service\"><div class=\"su-service-title\" style=\"padding-left:86px;min-height:72px;line-height:72px\"><i class=\"sui sui-photo\" style=\"font-size:72px;color:#000000\"><\/i> Haz clic para ver la galer\u00eda de fotos completa<\/div><div class=\"su-service-content su-u-clearfix su-u-trim\" style=\"padding-left:86px\"><\/div><\/div><\/a><\/div>\n<div>\n<hr \/>\n<\/div>\n<p>&nbsp;<\/p>\n<div>\n\n\t\t<style type=\"text\/css\">\n\t\t\t#gallery-1 {\n\t\t\t\tmargin: auto;\n\t\t\t}\n\t\t\t#gallery-1 .gallery-item {\n\t\t\t\tfloat: left;\n\t\t\t\tmargin-top: 10px;\n\t\t\t\ttext-align: center;\n\t\t\t\twidth: 50%;\n\t\t\t}\n\t\t\t#gallery-1 img {\n\t\t\t\tborder: 2px solid #cfcfcf;\n\t\t\t}\n\t\t\t#gallery-1 .gallery-caption {\n\t\t\t\tmargin-left: 0;\n\t\t\t}\n\t\t\t\/* see gallery_shortcode() in wp-includes\/media.php *\/\n\t\t<\/style>\n\t\t<div id='gallery-1' class='gallery galleryid-11782 gallery-columns-2 gallery-size-medium'><dl class='gallery-item'>\n\t\t\t<dt class='gallery-icon landscape'>\n\t\t\t\t<a href='https:\/\/www.fundacionsancebrian.com\/portal\/includanza-san-pedro-cultural-5\/'><img decoding=\"async\" width=\"300\" height=\"225\" src=\"https:\/\/www.fundacionsancebrian.com\/portal\/wp-content\/uploads\/2023\/12\/Includanza-San-Pedro-Cultural-5-300x225.jpg\" class=\"attachment-medium size-medium\" alt=\"\" aria-describedby=\"gallery-1-11838\" srcset=\"https:\/\/www.fundacionsancebrian.com\/portal\/wp-content\/uploads\/2023\/12\/Includanza-San-Pedro-Cultural-5-300x225.jpg 300w, https:\/\/www.fundacionsancebrian.com\/portal\/wp-content\/uploads\/2023\/12\/Includanza-San-Pedro-Cultural-5-1024x768.jpg 1024w, https:\/\/www.fundacionsancebrian.com\/portal\/wp-content\/uploads\/2023\/12\/Includanza-San-Pedro-Cultural-5-768x576.jpg 768w, https:\/\/www.fundacionsancebrian.com\/portal\/wp-content\/uploads\/2023\/12\/Includanza-San-Pedro-Cultural-5-600x450.jpg 600w, https:\/\/www.fundacionsancebrian.com\/portal\/wp-content\/uploads\/2023\/12\/Includanza-San-Pedro-Cultural-5.jpg 1440w\" sizes=\"(max-width: 300px) 100vw, 300px\" \/><\/a>\n\t\t\t<\/dt>\n\t\t\t\t<dd class='wp-caption-text gallery-caption' id='gallery-1-11838'>\n\t\t\t\tActuaci\u00f3n Includanza\n\t\t\t\t<\/dd><\/dl><dl class='gallery-item'>\n\t\t\t<dt class='gallery-icon landscape'>\n\t\t\t\t<a href='https:\/\/www.fundacionsancebrian.com\/portal\/cartas-para-ti-nuevo-espectaculo-de-includanza-la-compania-de-danza-del-grupo-fundacion-san-cebrian\/includanza-san-pedro-cultural-4\/#main'><img loading=\"lazy\" decoding=\"async\" width=\"300\" height=\"225\" src=\"https:\/\/www.fundacionsancebrian.com\/portal\/wp-content\/uploads\/2023\/12\/Includanza-San-Pedro-Cultural-4-300x225.jpg\" class=\"attachment-medium size-medium\" alt=\"\" aria-describedby=\"gallery-1-11837\" srcset=\"https:\/\/www.fundacionsancebrian.com\/portal\/wp-content\/uploads\/2023\/12\/Includanza-San-Pedro-Cultural-4-300x225.jpg 300w, https:\/\/www.fundacionsancebrian.com\/portal\/wp-content\/uploads\/2023\/12\/Includanza-San-Pedro-Cultural-4-1024x768.jpg 1024w, https:\/\/www.fundacionsancebrian.com\/portal\/wp-content\/uploads\/2023\/12\/Includanza-San-Pedro-Cultural-4-768x576.jpg 768w, https:\/\/www.fundacionsancebrian.com\/portal\/wp-content\/uploads\/2023\/12\/Includanza-San-Pedro-Cultural-4-600x450.jpg 600w, https:\/\/www.fundacionsancebrian.com\/portal\/wp-content\/uploads\/2023\/12\/Includanza-San-Pedro-Cultural-4.jpg 1440w\" sizes=\"(max-width: 300px) 100vw, 300px\" \/><\/a>\n\t\t\t<\/dt>\n\t\t\t\t<dd class='wp-caption-text gallery-caption' id='gallery-1-11837'>\n\t\t\t\tActuaci\u00f3n Includanza\n\t\t\t\t<\/dd><\/dl><br style=\"clear: both\" \/><dl class='gallery-item'>\n\t\t\t<dt class='gallery-icon landscape'>\n\t\t\t\t<a href='https:\/\/www.fundacionsancebrian.com\/portal\/includanza-san-pedro-cultural-3\/'><img loading=\"lazy\" decoding=\"async\" width=\"300\" height=\"225\" src=\"https:\/\/www.fundacionsancebrian.com\/portal\/wp-content\/uploads\/2023\/12\/Includanza-San-Pedro-Cultural-3-300x225.jpg\" class=\"attachment-medium size-medium\" alt=\"\" aria-describedby=\"gallery-1-11836\" srcset=\"https:\/\/www.fundacionsancebrian.com\/portal\/wp-content\/uploads\/2023\/12\/Includanza-San-Pedro-Cultural-3-300x225.jpg 300w, https:\/\/www.fundacionsancebrian.com\/portal\/wp-content\/uploads\/2023\/12\/Includanza-San-Pedro-Cultural-3-1024x768.jpg 1024w, https:\/\/www.fundacionsancebrian.com\/portal\/wp-content\/uploads\/2023\/12\/Includanza-San-Pedro-Cultural-3-768x576.jpg 768w, https:\/\/www.fundacionsancebrian.com\/portal\/wp-content\/uploads\/2023\/12\/Includanza-San-Pedro-Cultural-3-600x450.jpg 600w, https:\/\/www.fundacionsancebrian.com\/portal\/wp-content\/uploads\/2023\/12\/Includanza-San-Pedro-Cultural-3.jpg 1440w\" sizes=\"(max-width: 300px) 100vw, 300px\" \/><\/a>\n\t\t\t<\/dt>\n\t\t\t\t<dd class='wp-caption-text gallery-caption' id='gallery-1-11836'>\n\t\t\t\tActuaci\u00f3n Includanza\n\t\t\t\t<\/dd><\/dl><dl class='gallery-item'>\n\t\t\t<dt class='gallery-icon landscape'>\n\t\t\t\t<a href='https:\/\/www.fundacionsancebrian.com\/portal\/includanza-san-pedro-cultural-2\/'><img loading=\"lazy\" decoding=\"async\" width=\"300\" height=\"225\" src=\"https:\/\/www.fundacionsancebrian.com\/portal\/wp-content\/uploads\/2023\/12\/Includanza-San-Pedro-Cultural-2-300x225.jpg\" class=\"attachment-medium size-medium\" alt=\"\" aria-describedby=\"gallery-1-11835\" srcset=\"https:\/\/www.fundacionsancebrian.com\/portal\/wp-content\/uploads\/2023\/12\/Includanza-San-Pedro-Cultural-2-300x225.jpg 300w, https:\/\/www.fundacionsancebrian.com\/portal\/wp-content\/uploads\/2023\/12\/Includanza-San-Pedro-Cultural-2-1024x768.jpg 1024w, https:\/\/www.fundacionsancebrian.com\/portal\/wp-content\/uploads\/2023\/12\/Includanza-San-Pedro-Cultural-2-768x576.jpg 768w, https:\/\/www.fundacionsancebrian.com\/portal\/wp-content\/uploads\/2023\/12\/Includanza-San-Pedro-Cultural-2-600x450.jpg 600w, https:\/\/www.fundacionsancebrian.com\/portal\/wp-content\/uploads\/2023\/12\/Includanza-San-Pedro-Cultural-2.jpg 1440w\" sizes=\"(max-width: 300px) 100vw, 300px\" \/><\/a>\n\t\t\t<\/dt>\n\t\t\t\t<dd class='wp-caption-text gallery-caption' id='gallery-1-11835'>\n\t\t\t\tActuaci\u00f3n Includanza\n\t\t\t\t<\/dd><\/dl><br style=\"clear: both\" \/>\n\t\t<\/div>\n\n<\/div>\n<\/div>\n<\/div><\/div><\/div><\/div><\/div>","protected":false},"excerpt":{"rendered":"<p>&nbsp; Espect\u00e1culo de danza Cartas para t\u00ed. La compa\u00f1\u00eda de danza Includanza est\u00e1 formada por personas con discapacidad intelectual y ha estrenado un nuevo espect\u00e1culo llamado \u00abCartas para ti\u00bb. El espect\u00e1culo se estren\u00f3 en San Pedro Cultural de Becerril de Campos y fueron de m\u00e1s de 150 personas a verlo. El espect\u00e1culo trata sobre la [&hellip;]<\/p>\n","protected":false},"author":1,"featured_media":11837,"comment_status":"closed","ping_status":"open","sticky":false,"template":"","format":"standard","meta":{"_seopress_robots_primary_cat":"","_seopress_titles_title":"","_seopress_titles_desc":"","_seopress_robots_index":"","_eb_attr":"","footnotes":""},"categories":[8],"tags":[],"class_list":["post-11782","post","type-post","status-publish","format-standard","has-post-thumbnail","hentry","category-noticias","post-with-thumbnail","post-with-thumbnail-icon"],"_links":{"self":[{"href":"https:\/\/www.fundacionsancebrian.com\/portal\/wp-json\/wp\/v2\/posts\/11782","targetHints":{"allow":["GET"]}}],"collection":[{"href":"https:\/\/www.fundacionsancebrian.com\/portal\/wp-json\/wp\/v2\/posts"}],"about":[{"href":"https:\/\/www.fundacionsancebrian.com\/portal\/wp-json\/wp\/v2\/types\/post"}],"author":[{"embeddable":true,"href":"https:\/\/www.fundacionsancebrian.com\/portal\/wp-json\/wp\/v2\/users\/1"}],"replies":[{"embeddable":true,"href":"https:\/\/www.fundacionsancebrian.com\/portal\/wp-json\/wp\/v2\/comments?post=11782"}],"version-history":[{"count":5,"href":"https:\/\/www.fundacionsancebrian.com\/portal\/wp-json\/wp\/v2\/posts\/11782\/revisions"}],"predecessor-version":[{"id":11842,"href":"https:\/\/www.fundacionsancebrian.com\/portal\/wp-json\/wp\/v2\/posts\/11782\/revisions\/11842"}],"wp:featuredmedia":[{"embeddable":true,"href":"https:\/\/www.fundacionsancebrian.com\/portal\/wp-json\/wp\/v2\/media\/11837"}],"wp:attachment":[{"href":"https:\/\/www.fundacionsancebrian.com\/portal\/wp-json\/wp\/v2\/media?parent=11782"}],"wp:term":[{"taxonomy":"category","embeddable":true,"href":"https:\/\/www.fundacionsancebrian.com\/portal\/wp-json\/wp\/v2\/categories?post=11782"},{"taxonomy":"post_tag","embeddable":true,"href":"https:\/\/www.fundacionsancebrian.com\/portal\/wp-json\/wp\/v2\/tags?post=11782"}],"curies":[{"name":"wp","href":"https:\/\/api.w.org\/{rel}","templated":true}]}}