{"id":11857,"date":"2023-12-12T15:24:45","date_gmt":"2023-12-12T14:24:45","guid":{"rendered":"https:\/\/www.fundacionsancebrian.com\/portal\/?p=11857"},"modified":"2023-12-12T16:58:27","modified_gmt":"2023-12-12T15:58:27","slug":"fundacion-san-cebrian-recibe-el-distintivo-optima-castilla-y-leon-de-la-junta-de-castilla-y-leon","status":"publish","type":"post","link":"https:\/\/www.fundacionsancebrian.com\/portal\/fundacion-san-cebrian-recibe-el-distintivo-optima-castilla-y-leon-de-la-junta-de-castilla-y-leon\/","title":{"rendered":"Fundaci\u00f3n San Cebri\u00e1n recibe el distintivo &#8216;\u00d3ptima Castilla y Le\u00f3n&#8217; de la Junta de Castilla y Le\u00f3n"},"content":{"rendered":"<div id=\"pl-11857\"  class=\"panel-layout\" ><div id=\"pg-11857-0\"  class=\"panel-grid panel-has-style\" ><div class=\"panel-row-style panel-row-style-for-11857-0\" ><div id=\"pgc-11857-0-0\"  class=\"panel-grid-cell\" ><div id=\"panel-11857-0-0-0\" class=\"so-panel widget widget_sow-editor panel-first-child panel-last-child\" data-index=\"0\" ><div\n\t\t\t\n\t\t\tclass=\"so-widget-sow-editor so-widget-sow-editor-base\"\n\t\t\t\n\t\t>\n<div class=\"siteorigin-widget-tinymce textwidget\">\n\t<hr \/>\n<p>&nbsp;<\/p>\n<\/div>\n<\/div><\/div><\/div><\/div><\/div><div id=\"pg-11857-1\"  class=\"panel-grid panel-no-style\" ><div id=\"pgc-11857-1-0\"  class=\"panel-grid-cell panel-grid-cell-mobile-last\" ><div id=\"panel-11857-1-0-0\" class=\"so-panel widget widget_sow-image panel-first-child\" data-index=\"1\" ><div class=\"panel-widget-style panel-widget-style-for-11857-1-0-0\" ><div\n\t\t\t\n\t\t\tclass=\"so-widget-sow-image so-widget-sow-image-default-4e6925654b7a-11857\"\n\t\t\t\n\t\t>\n<div class=\"sow-image-container\">\n\t\t<img \n\tsrc=\"https:\/\/www.fundacionsancebrian.com\/portal\/wp-content\/uploads\/2019\/12\/EtR3-e1575535111209.png\" width=\"250\" height=\"50\" sizes=\"(max-width: 250px) 100vw, 250px\" title=\"EtR3\" alt=\"\" \t\tclass=\"so-widget-image\"\/>\n\t<\/div>\n\n<\/div><\/div><\/div><div id=\"panel-11857-1-0-1\" class=\"so-panel widget widget_sow-editor panel-last-child\" data-index=\"2\" ><div class=\"panel-widget-style panel-widget-style-for-11857-1-0-1\" ><div\n\t\t\t\n\t\t\tclass=\"so-widget-sow-editor so-widget-sow-editor-base\"\n\t\t\t\n\t\t>\n<div class=\"siteorigin-widget-tinymce textwidget\">\n\t<div style=\"font-size: 18px; line-height: 1.8em; font-family: Arial;\">\n<p><strong>Premio \u00d3ptima Castilla y Le\u00f3n<\/strong><\/p>\n<p>La Fundaci\u00f3n San Cebri\u00e1n ha recibido de Junta de Castilla y Le\u00f3n<br \/>\nel premio\u00a0 '\u00d3ptima Castilla y Le\u00f3n'.<br \/>\nEste premio es por que en la Fundaci\u00f3n San Cebri\u00e1n<br \/>\nhombres y mujeres tienen las mismas oportunidades.<\/p>\n<p>Casi 300 personas trabajan en la Fundaci\u00f3n San Cebri\u00e1n.<br \/>\ny la mayor\u00eda son mujeres.<br \/>\nLa mayor\u00eda de puestos de direcci\u00f3n<br \/>\ntambi\u00e9n son mujeres.<\/p>\n<p>La Fundaci\u00f3n tiene un Plan de Igualdad de oportunidades<br \/>\nes decir que hombres y mujeres tengan las mismas oportunidades.<\/p>\n<p>Tambi\u00e9n tiene un Plan de conciliaci\u00f3n de vida familiar y laboral<br \/>\nes decir que los trabajadores tengan tiempo<br \/>\npara su vida personal y laboral.<br \/>\nTambi\u00e9n tiene normas contra el acoso laboral<br \/>\ny acoso sexual en el trabajo.<\/p>\n<\/div>\n<\/div>\n<\/div><\/div><\/div><\/div><div id=\"pgc-11857-1-1\"  class=\"panel-grid-cell panel-grid-cell-empty\" ><\/div><\/div><div id=\"pg-11857-2\"  class=\"panel-grid panel-no-style\" ><div id=\"pgc-11857-2-0\"  class=\"panel-grid-cell\" ><div id=\"panel-11857-2-0-0\" class=\"so-panel widget widget_sow-editor panel-first-child panel-last-child\" data-index=\"3\" ><div\n\t\t\t\n\t\t\tclass=\"so-widget-sow-editor so-widget-sow-editor-base\"\n\t\t\t\n\t\t><h3 class=\"widget-title\">La Fundaci\u00f3n San Cebri\u00e1n cuenta con una plantilla de 287 profesionales, de los que m\u00e1s del 80 % son mujeres<\/h3>\n<div class=\"siteorigin-widget-tinymce textwidget\">\n\t<p>La Fundaci\u00f3n San Cebri\u00e1n, del Grupo Fundaci\u00f3n San Cebri\u00e1n, ha recibido un a\u00f1o m\u00e1s, el distintivo ' \u00d3ptima Castilla y Le\u00f3n' que otorga la Junta de Castilla y Le\u00f3n, a trav\u00e9s del departamento de Familia e Igualdad de Oportunidades, por su fomento en la igualdad de oportunidades entre hombres y mujeres en el empleo.<\/p>\n<p><a href=\"https:\/\/www.fundacionsancebrian.com\/portal\/wp-content\/uploads\/2023\/12\/53391997887_1b3061d992_k.jpg\"><img fetchpriority=\"high\" fetchpriority=\"high\" decoding=\"async\" class=\"alignright wp-image-11860\" src=\"https:\/\/www.fundacionsancebrian.com\/portal\/wp-content\/uploads\/2023\/12\/53391997887_1b3061d992_k-300x200.jpg\" alt=\"\" width=\"400\" height=\"267\" srcset=\"https:\/\/www.fundacionsancebrian.com\/portal\/wp-content\/uploads\/2023\/12\/53391997887_1b3061d992_k-300x200.jpg 300w, https:\/\/www.fundacionsancebrian.com\/portal\/wp-content\/uploads\/2023\/12\/53391997887_1b3061d992_k-1024x683.jpg 1024w, https:\/\/www.fundacionsancebrian.com\/portal\/wp-content\/uploads\/2023\/12\/53391997887_1b3061d992_k-768x512.jpg 768w, https:\/\/www.fundacionsancebrian.com\/portal\/wp-content\/uploads\/2023\/12\/53391997887_1b3061d992_k-600x400.jpg 600w, https:\/\/www.fundacionsancebrian.com\/portal\/wp-content\/uploads\/2023\/12\/53391997887_1b3061d992_k-1536x1025.jpg 1536w, https:\/\/www.fundacionsancebrian.com\/portal\/wp-content\/uploads\/2023\/12\/53391997887_1b3061d992_k-272x182.jpg 272w, https:\/\/www.fundacionsancebrian.com\/portal\/wp-content\/uploads\/2023\/12\/53391997887_1b3061d992_k-720x480.jpg 720w, https:\/\/www.fundacionsancebrian.com\/portal\/wp-content\/uploads\/2023\/12\/53391997887_1b3061d992_k.jpg 2048w\" sizes=\"(max-width: 400px) 100vw, 400px\" \/><\/a>La entidad social cuenta en la actualidad con una plantilla de 287 personas de las que m\u00e1s del 80 % son mujeres. Adem\u00e1s en cuanto a \u00f3rganos de direcci\u00f3n, es de destacar que el 75 % de los puestos est\u00e1n ocupados por mujeres. En cuanto a otros datos, la Fundaci\u00f3n San Cebri\u00e1n del Grupo Fundaci\u00f3n San Cebri\u00e1n cuenta con una Plan de Igualdad de oportunidades y una Plan de conciliaci\u00f3n de vida familiar y laboral; adem\u00e1s de un Protocolo contra el acoso laboral y acoso sexual en el trabajo.<\/p>\n<p>Seg\u00fan la informaci\u00f3n publicada por la Junta de Castilla y Le\u00f3n, \"con el distintivo \u2018\u00d3ptima Castilla y Le\u00f3n\u2019\u00a0 se realiza un reconocimiento p\u00fablico a empresas y entidades que van m\u00e1s all\u00e1 del cumplimiento de las obligaciones legales vigentes en materia de igualdad. Es decir, que adoptan voluntariamente medidas y buenas pr\u00e1cticas en la organizaci\u00f3n para eliminar las desigualdades existentes y acabar con las diferencias salariales y as\u00ed como fomentar la corresponsabilidad en la conciliaci\u00f3n\"<\/p>\n<p>En la misma informaci\u00f3n del organismo auton\u00f3mico se detalla que \"la consejera de Familia e Igualdad de Oportunidades, Isabel Blanco, que hizo entrega ayer de los reconocimientos, reconoci\u00f3 a 57 empresas y entidades a las que se les ha reconocido durante 2022 y 2023 \u221239 el pasado a\u00f1o y 18 este\u2212 y a las que no s\u00f3lo ha felicitado y agradecido su disposici\u00f3n para promover la igualdad en sus centros de trabajo, sino que tambi\u00e9n les ha reiterado el compromiso de la Junta y de su presidente con la construcci\u00f3n de una sociedad m\u00e1s justa e igualitaria, de la que el sector empresarial es una pilar fundamental. En la actualidad, son 206 las empresas y entidades que poseen el distintivo. Y, del total de reconocimientos realizados en estos dos \u00faltimos a\u00f1os, 17 se encuentran ubicadas en municipios menores de 20.000 habitantes\".<\/p>\n<p><a href=\"https:\/\/www.fundacionsancebrian.com\/portal\/wp-content\/uploads\/2023\/12\/20231211CONSEJERAFAMILIAPREMIOSOPTIMA-8-min-1.jpg\"><img decoding=\"async\" class=\"aligncenter wp-image-11858 size-full\" src=\"https:\/\/www.fundacionsancebrian.com\/portal\/wp-content\/uploads\/2023\/12\/20231211CONSEJERAFAMILIAPREMIOSOPTIMA-8-min-1.jpg\" alt=\"\" width=\"2048\" height=\"1366\" srcset=\"https:\/\/www.fundacionsancebrian.com\/portal\/wp-content\/uploads\/2023\/12\/20231211CONSEJERAFAMILIAPREMIOSOPTIMA-8-min-1.jpg 2048w, https:\/\/www.fundacionsancebrian.com\/portal\/wp-content\/uploads\/2023\/12\/20231211CONSEJERAFAMILIAPREMIOSOPTIMA-8-min-1-300x200.jpg 300w, https:\/\/www.fundacionsancebrian.com\/portal\/wp-content\/uploads\/2023\/12\/20231211CONSEJERAFAMILIAPREMIOSOPTIMA-8-min-1-1024x683.jpg 1024w, https:\/\/www.fundacionsancebrian.com\/portal\/wp-content\/uploads\/2023\/12\/20231211CONSEJERAFAMILIAPREMIOSOPTIMA-8-min-1-768x512.jpg 768w, https:\/\/www.fundacionsancebrian.com\/portal\/wp-content\/uploads\/2023\/12\/20231211CONSEJERAFAMILIAPREMIOSOPTIMA-8-min-1-600x400.jpg 600w, https:\/\/www.fundacionsancebrian.com\/portal\/wp-content\/uploads\/2023\/12\/20231211CONSEJERAFAMILIAPREMIOSOPTIMA-8-min-1-1536x1025.jpg 1536w, https:\/\/www.fundacionsancebrian.com\/portal\/wp-content\/uploads\/2023\/12\/20231211CONSEJERAFAMILIAPREMIOSOPTIMA-8-min-1-272x182.jpg 272w, https:\/\/www.fundacionsancebrian.com\/portal\/wp-content\/uploads\/2023\/12\/20231211CONSEJERAFAMILIAPREMIOSOPTIMA-8-min-1-720x480.jpg 720w\" sizes=\"(max-width: 2048px) 100vw, 2048px\" \/><\/a><\/p>\n<p>Fuente: Junta de Castilla y Le\u00f3n<\/p>\n<\/div>\n<\/div><\/div><\/div><\/div><\/div>","protected":false},"excerpt":{"rendered":"<p>&nbsp; Premio \u00d3ptima Castilla y Le\u00f3n La Fundaci\u00f3n San Cebri\u00e1n ha recibido de Junta de Castilla y Le\u00f3n el premio\u00a0 &#8216;\u00d3ptima Castilla y Le\u00f3n&#8217;. Este premio es por que en la Fundaci\u00f3n San Cebri\u00e1n hombres y mujeres tienen las mismas oportunidades. Casi 300 personas trabajan en la Fundaci\u00f3n San Cebri\u00e1n. y la mayor\u00eda son mujeres. [&hellip;]<\/p>\n","protected":false},"author":1,"featured_media":11860,"comment_status":"closed","ping_status":"open","sticky":false,"template":"","format":"standard","meta":{"_seopress_robots_primary_cat":"","_seopress_titles_title":"","_seopress_titles_desc":"","_seopress_robots_index":"","_eb_attr":"","footnotes":""},"categories":[8],"tags":[],"class_list":["post-11857","post","type-post","status-publish","format-standard","has-post-thumbnail","hentry","category-noticias","post-with-thumbnail","post-with-thumbnail-icon"],"_links":{"self":[{"href":"https:\/\/www.fundacionsancebrian.com\/portal\/wp-json\/wp\/v2\/posts\/11857","targetHints":{"allow":["GET"]}}],"collection":[{"href":"https:\/\/www.fundacionsancebrian.com\/portal\/wp-json\/wp\/v2\/posts"}],"about":[{"href":"https:\/\/www.fundacionsancebrian.com\/portal\/wp-json\/wp\/v2\/types\/post"}],"author":[{"embeddable":true,"href":"https:\/\/www.fundacionsancebrian.com\/portal\/wp-json\/wp\/v2\/users\/1"}],"replies":[{"embeddable":true,"href":"https:\/\/www.fundacionsancebrian.com\/portal\/wp-json\/wp\/v2\/comments?post=11857"}],"version-history":[{"count":4,"href":"https:\/\/www.fundacionsancebrian.com\/portal\/wp-json\/wp\/v2\/posts\/11857\/revisions"}],"predecessor-version":[{"id":11864,"href":"https:\/\/www.fundacionsancebrian.com\/portal\/wp-json\/wp\/v2\/posts\/11857\/revisions\/11864"}],"wp:featuredmedia":[{"embeddable":true,"href":"https:\/\/www.fundacionsancebrian.com\/portal\/wp-json\/wp\/v2\/media\/11860"}],"wp:attachment":[{"href":"https:\/\/www.fundacionsancebrian.com\/portal\/wp-json\/wp\/v2\/media?parent=11857"}],"wp:term":[{"taxonomy":"category","embeddable":true,"href":"https:\/\/www.fundacionsancebrian.com\/portal\/wp-json\/wp\/v2\/categories?post=11857"},{"taxonomy":"post_tag","embeddable":true,"href":"https:\/\/www.fundacionsancebrian.com\/portal\/wp-json\/wp\/v2\/tags?post=11857"}],"curies":[{"name":"wp","href":"https:\/\/api.w.org\/{rel}","templated":true}]}}