{"id":11869,"date":"2023-12-21T12:15:23","date_gmt":"2023-12-21T11:15:23","guid":{"rendered":"https:\/\/www.fundacionsancebrian.com\/portal\/?p=11869"},"modified":"2023-12-21T13:26:54","modified_gmt":"2023-12-21T12:26:54","slug":"el-x-certamen-de-relatos-de-navidad-2023-ya-tiene-ganadores","status":"publish","type":"post","link":"https:\/\/www.fundacionsancebrian.com\/portal\/el-x-certamen-de-relatos-de-navidad-2023-ya-tiene-ganadores\/","title":{"rendered":"El X Certamen de Relatos de Navidad 2023 ya tiene ganadores"},"content":{"rendered":"<div id=\"pl-11869\"  class=\"panel-layout\" ><div id=\"pg-11869-0\"  class=\"panel-grid panel-no-style\" ><div id=\"pgc-11869-0-0\"  class=\"panel-grid-cell\" ><div id=\"panel-11869-0-0-0\" class=\"so-panel widget widget_sow-editor panel-first-child panel-last-child\" data-index=\"0\" ><div\n\t\t\t\n\t\t\tclass=\"so-widget-sow-editor so-widget-sow-editor-base\"\n\t\t\t\n\t\t>\n<div class=\"siteorigin-widget-tinymce textwidget\">\n\t<h3>Al certamen se presentaron un total de 80 relatos. La entrega de premios ser\u00e1 el martes, 26 diciembre.<\/h3>\n<p>&nbsp;<\/p>\n<div class=\"siteorigin-widget-tinymce textwidget\">\n<p><a href=\"https:\/\/www.fundacionsancebrian.com\/portal\/wp-content\/uploads\/2023\/12\/53412203030_d70746eeed_k.jpg\"><img fetchpriority=\"high\" fetchpriority=\"high\" decoding=\"async\" class=\"alignright wp-image-11870\" src=\"https:\/\/www.fundacionsancebrian.com\/portal\/wp-content\/uploads\/2023\/12\/53412203030_d70746eeed_k.jpg\" alt=\"\" width=\"400\" height=\"300\" srcset=\"https:\/\/www.fundacionsancebrian.com\/portal\/wp-content\/uploads\/2023\/12\/53412203030_d70746eeed_k.jpg 2048w, https:\/\/www.fundacionsancebrian.com\/portal\/wp-content\/uploads\/2023\/12\/53412203030_d70746eeed_k-300x225.jpg 300w, https:\/\/www.fundacionsancebrian.com\/portal\/wp-content\/uploads\/2023\/12\/53412203030_d70746eeed_k-1024x768.jpg 1024w, https:\/\/www.fundacionsancebrian.com\/portal\/wp-content\/uploads\/2023\/12\/53412203030_d70746eeed_k-768x576.jpg 768w, https:\/\/www.fundacionsancebrian.com\/portal\/wp-content\/uploads\/2023\/12\/53412203030_d70746eeed_k-1536x1152.jpg 1536w, https:\/\/www.fundacionsancebrian.com\/portal\/wp-content\/uploads\/2023\/12\/53412203030_d70746eeed_k-600x450.jpg 600w\" sizes=\"(max-width: 400px) 100vw, 400px\" \/><\/a>El X Certamen de Relatos de Navidad del Grupo Fundaci\u00f3n San Cebri\u00e1n ya tiene ganadores. En la jornada de ayer mi\u00e9rcoles, el jurado formado por: Mar\u00eda Jos\u00e9 Rodr\u00edguez, directora de proyectos e innovaci\u00f3n; Fidel Ramos, ex gerente de la entidad y voluntario; Ren\u00e9 P\u00e9rez, escritor palentino; Cristina Garc\u00eda, persona con discapacidad y Mar\u00eda Fern\u00e1ndez, familiar, valoraron los 80 relatos presentados al certamen en las cinco categor\u00edas.<\/p>\n<p>Tras la deliberaci\u00f3n del jurado que seg\u00fan sus propias palabras\u00a0\u201ctodos los relatos son merecedores de premios porque todos contienen valores fundamentales en la vida\u201d.<\/p>\n<p>La entrega de premios tendr\u00e1 lugar el martes, 26 de diciembre a las 12 horas en el Centro de Vida Independiente Fidel Ramos.<\/p>\n<p>&nbsp;<\/p>\n<p><strong><em>Para leer los relatos s\u00f3lo hay que pinchar en el t\u00edtulo del mismo.\u00a0<\/em><\/strong><\/p>\n<p>Los\u00a0<u>ganadores<\/u>\u00a0son:<\/p>\n<p><strong>Categor\u00eda I Persona sin necesidad de apoyos en la redacci\u00f3n del relato<\/strong>.<\/p>\n<p>Primer Premio:\u00a0<a href=\"https:\/\/drive.google.com\/file\/d\/1QIdagq_AjAOt3ZjRNntXLT94_Ba6ywum\/view?usp=sharing\"><em>\u2018La magia de los renos' <\/em><\/a>de Prado Nicol\u00e1s.<\/p>\n<p>Segundo Premio: <a href=\"https:\/\/drive.google.com\/file\/d\/1EXygs9Bl2dEssvd5BO2X73uWqRO1xiWe\/view?usp=sharing\"><em>'Costumbres de mi pueblo'<\/em><\/a> de Alfredo Abia.<\/p>\n<p>Tercer premio: <a href=\"https:\/\/drive.google.com\/file\/d\/1lWSQHsxqrZHBgUzllAumDZA34ze7BTJQ\/view?usp=sharing\">'La Tienda de Juguetes'<\/a> de Cristina Aparicio.<\/p>\n<hr \/>\n<p><strong>Categor\u00eda II. Persona con ayuda de una persona de apoyo (profesional de la entidad) que cada uno elija:<\/strong><\/p>\n<p>Primer premio:\u00a0<a href=\"https:\/\/drive.google.com\/file\/d\/1eAABB586e4yCvMUoaG1vF3dZfx3coRCy\/view?usp=sharing\">\u2018<\/a><a href=\"https:\/\/drive.google.com\/file\/d\/1wQJIuVtVTWckGvFmy-9uCTyV2FlM_NQs\/view?usp=sharing\">El sue\u00f1o de Fran<\/a>' Aurelio Zorita - Alberto Medina.<\/p>\n<p>Segundo Premio: <a href=\"https:\/\/drive.google.com\/file\/d\/1udmaQhElLmKwyyNv-DL39vgGNgOfExa8\/view?usp=sharing\">Don Emilio y sus maravillosos Renos.<\/a> Pablo Mart\u00ednez de Prado- Ana Mart\u00ednez.<\/p>\n<p>Tercer Premio: <a href=\"https:\/\/drive.google.com\/file\/d\/1qNDVVFWrZdrFglbuWgjvD2CqKcArdUue\/view?usp=sharing\">'Hogar dulce hogar'<\/a> Jos\u00e9 Francisco Lozano - Santi Santos.<\/p>\n<p>Primer acc\u00e9sit: <a href=\"https:\/\/drive.google.com\/file\/d\/1xX-04_1rq3Y9IvOIORkajRmxPtY8yPaJ\/view?usp=sharing\">'La navidad junto al pantano'<\/a> de Fernando Estalayo - Ana Mart\u00ednez<\/p>\n<p>Segundo acc\u00e9sit: '<a href=\"https:\/\/drive.google.com\/file\/d\/1p-uJ46KpvpCzfiM1SbqhUkI5-PFXjqwd\/view?usp=sharing\">Regalo con sorpresa'<\/a> de Alfredo Sebasti\u00e1n-Marisa Sal\u00e1n<\/p>\n<hr \/>\n<p><strong>Categor\u00eda III. Persona con apoyo de su familia:<\/strong><\/p>\n<p>Primer premio:\u00a0<a href=\"https:\/\/drive.google.com\/file\/d\/1r2xDUtc49XYaAmuxkm0iT0Ml6jnikqku\/view?usp=sharing\"><em>\u2018<\/em><\/a><a href=\"https:\/\/drive.google.com\/file\/d\/1r2xDUtc49XYaAmuxkm0iT0Ml6jnikqku\/view?usp=sharing\">La suerte de compartir'<\/a> de Marciano Carde\u00f1oso<\/p>\n<hr \/>\n<p><strong>Categor\u00eda IV. Familiares y socios:<\/strong><\/p>\n<p>Primer Premio: <a href=\"https:\/\/drive.google.com\/file\/d\/1speKdOH1kxCq4ehXDfIpWuGNe6KQT32l\/view?usp=sharing\">'Una comunidad solidaria'<\/a> de Ernesto Carde\u00f1oso<\/p>\n<hr \/>\n<p><strong>Categor\u00eda V. Alumnos\/as de 3\u00ba y 4\u00ba de Primaria:\u00a0<\/strong><\/p>\n<p>Primer premio: <a href=\"https:\/\/drive.google.com\/file\/d\/16MhWpXLIHVj2BxydMrLiaKxmtpEd-FsZ\/view?usp=sharing\">\u2018<\/a><a href=\"https:\/\/drive.google.com\/file\/d\/16MhWpXLIHVj2BxydMrLiaKxmtpEd-FsZ\/view?usp=sharing\"><i>La familia detective' <\/i><\/a>alumno del Colegio Carlos Casado del Alisa<i>l (Villada)<\/i><\/p>\n<p>Segundo Premio<em>:\u00a0<a href=\"https:\/\/drive.google.com\/file\/d\/10YawfcOzJ0zFK_zmBFa5nyE0eeVw6koX\/view?usp=sharing\">\u2018<\/a><a href=\"https:\/\/drive.google.com\/file\/d\/1-QMShxJJ47O_jxotYEWbzmGZhahEI8s0\/view?usp=sharing\">Claudia en la ciudad de Navidad'<\/a> de Victoria Porto, <\/em>alumna del CRA Campos de Castilla <em>(Grijota)\u00a0<\/em><\/p>\n<p>Tercer premio:<a href=\"https:\/\/drive.google.com\/file\/d\/1ApnqvLKYzcHbMAITaZtrbRLMBanGma0E\/view?usp=sharing\">\u00a0<\/a><em><a href=\"https:\/\/drive.google.com\/file\/d\/1ApnqvLKYzcHbMAITaZtrbRLMBanGma0E\/view?usp=sharing\">\u2018El Concurso m\u00e1gico'<\/a> de Ariadna Sacrist\u00e1n del CRA de Grijota.\u00a0<\/em><\/p>\n<p>Acc\u00e9sit <em>:\u00a0<a href=\"https:\/\/drive.google.com\/file\/d\/1x1c_LYIUzvz_o5cQd9ik7WX1owcK5cp4\/view?usp=sharing\">\u2018<\/a><a href=\"https:\/\/drive.google.com\/file\/d\/1sd8V3UnHe014XeLh8pQgZFYxmVUlxgCl\/view?usp=sharing\">Los renos m\u00e1gicos'<\/a> Colegio<i> Nuestra Se\u00f1ora de la<\/i>\u00a0Providencia<\/em><\/p>\n<p>Acc\u00e9sit : <a href=\"https:\/\/drive.google.com\/file\/d\/1_yjP-RyNY8nZ_B2KeR8mGWUWWgDhhSLn\/view?usp=sharing\">\u2018<\/a><i><a href=\"https:\/\/drive.google.com\/file\/d\/1_yjP-RyNY8nZ_B2KeR8mGWUWWgDhhSLn\/view?usp=sharing\">La Lecci\u00f3n de Paco,<\/a> del\u00a0 Colegio Nuestra Se\u00f1ora de la Providencia.\u00a0<\/i><\/p>\n<p>Acc\u00e9sit: <a href=\"https:\/\/drive.google.com\/file\/d\/1tQztRA-IDdtioqpAAW-e8WOFpkMmpga7\/view?usp=sharing\">'Una equivocaci\u00f3n de Pap\u00e1 Noel'<\/a> del Colegio de Villada.<\/p>\n<\/div>\n<\/div>\n<\/div><\/div><\/div><\/div><\/div>","protected":false},"excerpt":{"rendered":"<p>Al certamen se presentaron un total de 80 relatos. La entrega de premios ser\u00e1 el martes, 26 diciembre. &nbsp; El X Certamen de Relatos de Navidad del Grupo Fundaci\u00f3n San Cebri\u00e1n ya tiene ganadores. En la jornada de ayer mi\u00e9rcoles, el jurado formado por: Mar\u00eda Jos\u00e9 Rodr\u00edguez, directora de proyectos e innovaci\u00f3n; Fidel Ramos, ex [&hellip;]<\/p>\n","protected":false},"author":1,"featured_media":11870,"comment_status":"closed","ping_status":"open","sticky":false,"template":"","format":"standard","meta":{"_seopress_robots_primary_cat":"","_seopress_titles_title":"","_seopress_titles_desc":"","_seopress_robots_index":"","_eb_attr":"","footnotes":""},"categories":[8],"tags":[],"class_list":["post-11869","post","type-post","status-publish","format-standard","has-post-thumbnail","hentry","category-noticias","post-with-thumbnail","post-with-thumbnail-icon"],"_links":{"self":[{"href":"https:\/\/www.fundacionsancebrian.com\/portal\/wp-json\/wp\/v2\/posts\/11869","targetHints":{"allow":["GET"]}}],"collection":[{"href":"https:\/\/www.fundacionsancebrian.com\/portal\/wp-json\/wp\/v2\/posts"}],"about":[{"href":"https:\/\/www.fundacionsancebrian.com\/portal\/wp-json\/wp\/v2\/types\/post"}],"author":[{"embeddable":true,"href":"https:\/\/www.fundacionsancebrian.com\/portal\/wp-json\/wp\/v2\/users\/1"}],"replies":[{"embeddable":true,"href":"https:\/\/www.fundacionsancebrian.com\/portal\/wp-json\/wp\/v2\/comments?post=11869"}],"version-history":[{"count":6,"href":"https:\/\/www.fundacionsancebrian.com\/portal\/wp-json\/wp\/v2\/posts\/11869\/revisions"}],"predecessor-version":[{"id":11876,"href":"https:\/\/www.fundacionsancebrian.com\/portal\/wp-json\/wp\/v2\/posts\/11869\/revisions\/11876"}],"wp:featuredmedia":[{"embeddable":true,"href":"https:\/\/www.fundacionsancebrian.com\/portal\/wp-json\/wp\/v2\/media\/11870"}],"wp:attachment":[{"href":"https:\/\/www.fundacionsancebrian.com\/portal\/wp-json\/wp\/v2\/media?parent=11869"}],"wp:term":[{"taxonomy":"category","embeddable":true,"href":"https:\/\/www.fundacionsancebrian.com\/portal\/wp-json\/wp\/v2\/categories?post=11869"},{"taxonomy":"post_tag","embeddable":true,"href":"https:\/\/www.fundacionsancebrian.com\/portal\/wp-json\/wp\/v2\/tags?post=11869"}],"curies":[{"name":"wp","href":"https:\/\/api.w.org\/{rel}","templated":true}]}}