{"id":11885,"date":"2023-12-23T11:08:34","date_gmt":"2023-12-23T10:08:34","guid":{"rendered":"https:\/\/www.fundacionsancebrian.com\/portal\/?p=11885"},"modified":"2024-01-03T09:37:37","modified_gmt":"2024-01-03T08:37:37","slug":"el-grupo-fundacion-san-cebrian-presenta-su-calendario-2024-como-un-lienzo-en-blanco-para-pintar-a-color-con-12-lineas-de-accion-destacadas-de-la-entidad-y-sus-profesionales","status":"publish","type":"post","link":"https:\/\/www.fundacionsancebrian.com\/portal\/el-grupo-fundacion-san-cebrian-presenta-su-calendario-2024-como-un-lienzo-en-blanco-para-pintar-a-color-con-12-lineas-de-accion-destacadas-de-la-entidad-y-sus-profesionales\/","title":{"rendered":"El Grupo Fundaci\u00f3n San Cebri\u00e1n presenta su Calendario 2024 como un lienzo en blanco para pintar a color con 12 l\u00edneas de acci\u00f3n destacadas de la entidad y sus profesionales"},"content":{"rendered":"<div id=\"pl-11885\"  class=\"panel-layout\" ><div id=\"pg-11885-0\"  class=\"panel-grid panel-no-style\" ><div id=\"pgc-11885-0-0\"  class=\"panel-grid-cell\" ><div id=\"panel-11885-0-0-0\" class=\"so-panel widget widget_sow-editor panel-first-child panel-last-child\" data-index=\"0\" ><div\n\t\t\t\n\t\t\tclass=\"so-widget-sow-editor so-widget-sow-editor-base\"\n\t\t\t\n\t\t><h3 class=\"widget-title\">\u2022\tEl Calendario ya est\u00e1 a la venta, a un precio de 5 euros, en las distintas sedes de la entidad de Palencia, Fr\u00f3mista, Carri\u00f3n, San Cebri\u00e1n y Villamuriel. <\/h3>\n<div class=\"siteorigin-widget-tinymce textwidget\">\n\t<p>El Grupo Fundaci\u00f3n San Cebri\u00e1n ya ha puesto a la venta su Calendario 2024, que este a\u00f1o pretende dar a conocer qu\u00e9 hace la entidad y en qu\u00e9 l\u00edneas de actuaci\u00f3n marca su trabajo. El lema que acompa\u00f1a a este calendario, que ya puede adquirirse, es \u2018<strong><em>Tenemos 12 l\u00e1pices de colores. Tenemos un lienzo en blanco, el 2024. Tenemos manos que pintan. Hagamos del 2024 un lienzo lleno de color\u2019. \u00a0\u00a0<\/em><\/strong><\/p>\n<p><a href=\"https:\/\/www.fundacionsancebrian.com\/portal\/wp-content\/uploads\/2023\/12\/Arte-cultura-y-deporte-1.jpg\"><img fetchpriority=\"high\" fetchpriority=\"high\" decoding=\"async\" class=\"size-large wp-image-11887 alignright\" src=\"https:\/\/www.fundacionsancebrian.com\/portal\/wp-content\/uploads\/2023\/12\/Arte-cultura-y-deporte-1-1024x658.jpg\" alt=\"\" width=\"720\" height=\"463\" srcset=\"https:\/\/www.fundacionsancebrian.com\/portal\/wp-content\/uploads\/2023\/12\/Arte-cultura-y-deporte-1-1024x658.jpg 1024w, https:\/\/www.fundacionsancebrian.com\/portal\/wp-content\/uploads\/2023\/12\/Arte-cultura-y-deporte-1-300x193.jpg 300w, https:\/\/www.fundacionsancebrian.com\/portal\/wp-content\/uploads\/2023\/12\/Arte-cultura-y-deporte-1-768x493.jpg 768w, https:\/\/www.fundacionsancebrian.com\/portal\/wp-content\/uploads\/2023\/12\/Arte-cultura-y-deporte-1-1536x987.jpg 1536w, https:\/\/www.fundacionsancebrian.com\/portal\/wp-content\/uploads\/2023\/12\/Arte-cultura-y-deporte-1.jpg 2000w\" sizes=\"(max-width: 720px) 100vw, 720px\" \/><\/a>De esta manera, los 12 meses est\u00e1n representados con 12 l\u00edneas de acci\u00f3n -servicios- y representadas \u00e9stas por profesionales, en la mayor\u00eda de los casos, que ponen en marcha esas l\u00edneas. As\u00ed por ejemplo est\u00e1n representadas: sostenibilidad; transformaci\u00f3n; vida independiente; apoyos para una buena vida; vida en comunidad; generaci\u00f3n de empleo; accesibilidad; ocio, cultura y arte; tecnolog\u00edas de apoyo; vivienda; servicio de d\u00eda y ocupacional y alianzas.<\/p>\n<p>Esta \u00faltima l\u00ednea, <em>Alianzas<\/em>, est\u00e1 representada por ejemplo, por el alcalde de Villamuriel, Roberto Mart\u00edn; una trabajadora de la empresa Sofipal, Vanessa Garc\u00eda; la directora del Colegio Pradera de la Aguilera, Carolina Ramos y el trabajador, Raimond Mart\u00ednez.<\/p>\n<p>\u201c<em>Queremos dar a conocer nuestra entidad, queremos decirle a la sociedad cu\u00e1les son nuestros servicios y nuestras l\u00edneas y lo queremos hacer remarcando el papel de los profesionales que hacen que esas l\u00edneas de acci\u00f3n salgan adelante<\/em>\u201d, explica la gerente de la entidad, Eva del R\u00edo.<\/p>\n<p>El Calendario, del que se han editado 300 ejemplares ya puede adquirirse en las distintas sedes del Grupo Fundaci\u00f3n San Cebri\u00e1n:<\/p>\n<p>-Sede Grupo en Palencia. Plaza Juan XXIII, 5 Bajo<\/p>\n<p>-Centro de Vida Independiente Fidel Ramos en Palencia.<\/p>\n<p>- Sede San Cebri\u00e1n de Campos<\/p>\n<p>-Sede Fr\u00f3mista<\/p>\n<p>-Sede Carri\u00f3n de los Condes.<\/p>\n<p>El precio de venta del calendario es de 5 euros y la recaudaci\u00f3n ir\u00e1 destinada a sufragar parte de los gastos de la impresi\u00f3n y a seguir apostando por una mejora calidad de vida de las personas.<\/p>\n<p><a href=\"https:\/\/www.fundacionsancebrian.com\/portal\/wp-content\/uploads\/2023\/12\/servicio-de-dia-1-rotated.jpg\"><img decoding=\"async\" class=\"alignnone size-large wp-image-11888\" src=\"https:\/\/www.fundacionsancebrian.com\/portal\/wp-content\/uploads\/2023\/12\/servicio-de-dia-1-1024x660.jpg\" alt=\"\" width=\"720\" height=\"464\" srcset=\"https:\/\/www.fundacionsancebrian.com\/portal\/wp-content\/uploads\/2023\/12\/servicio-de-dia-1-1024x660.jpg 1024w, https:\/\/www.fundacionsancebrian.com\/portal\/wp-content\/uploads\/2023\/12\/servicio-de-dia-1-300x194.jpg 300w, https:\/\/www.fundacionsancebrian.com\/portal\/wp-content\/uploads\/2023\/12\/servicio-de-dia-1-768x495.jpg 768w, https:\/\/www.fundacionsancebrian.com\/portal\/wp-content\/uploads\/2023\/12\/servicio-de-dia-1-1536x991.jpg 1536w, https:\/\/www.fundacionsancebrian.com\/portal\/wp-content\/uploads\/2023\/12\/servicio-de-dia-1-rotated.jpg 2000w\" sizes=\"(max-width: 720px) 100vw, 720px\" \/><\/a> <a href=\"https:\/\/www.fundacionsancebrian.com\/portal\/wp-content\/uploads\/2023\/12\/Apoyos-para-una-buena-vida-1.jpg\"><img decoding=\"async\" class=\"alignnone size-large wp-image-11886\" src=\"https:\/\/www.fundacionsancebrian.com\/portal\/wp-content\/uploads\/2023\/12\/Apoyos-para-una-buena-vida-1-1024x768.jpg\" alt=\"\" width=\"720\" height=\"540\" srcset=\"https:\/\/www.fundacionsancebrian.com\/portal\/wp-content\/uploads\/2023\/12\/Apoyos-para-una-buena-vida-1-1024x768.jpg 1024w, https:\/\/www.fundacionsancebrian.com\/portal\/wp-content\/uploads\/2023\/12\/Apoyos-para-una-buena-vida-1-300x225.jpg 300w, https:\/\/www.fundacionsancebrian.com\/portal\/wp-content\/uploads\/2023\/12\/Apoyos-para-una-buena-vida-1-768x576.jpg 768w, https:\/\/www.fundacionsancebrian.com\/portal\/wp-content\/uploads\/2023\/12\/Apoyos-para-una-buena-vida-1-1536x1152.jpg 1536w, https:\/\/www.fundacionsancebrian.com\/portal\/wp-content\/uploads\/2023\/12\/Apoyos-para-una-buena-vida-1.jpg 2000w\" sizes=\"(max-width: 720px) 100vw, 720px\" \/><\/a><\/p>\n<p>&nbsp;<\/p>\n<\/div>\n<\/div><\/div><\/div><\/div><\/div>","protected":false},"excerpt":{"rendered":"<p>El Grupo Fundaci\u00f3n San Cebri\u00e1n ya ha puesto a la venta su Calendario 2024, que este a\u00f1o pretende dar a conocer qu\u00e9 hace la entidad y en qu\u00e9 l\u00edneas de actuaci\u00f3n marca su trabajo. El lema que acompa\u00f1a a este calendario, que ya puede adquirirse, es \u2018Tenemos 12 l\u00e1pices de colores. Tenemos un lienzo en [&hellip;]<\/p>\n","protected":false},"author":1,"featured_media":11887,"comment_status":"closed","ping_status":"open","sticky":false,"template":"","format":"standard","meta":{"_seopress_robots_primary_cat":"","_seopress_titles_title":"","_seopress_titles_desc":"","_seopress_robots_index":"","_eb_attr":"","footnotes":""},"categories":[8],"tags":[],"class_list":["post-11885","post","type-post","status-publish","format-standard","has-post-thumbnail","hentry","category-noticias","post-with-thumbnail","post-with-thumbnail-icon"],"_links":{"self":[{"href":"https:\/\/www.fundacionsancebrian.com\/portal\/wp-json\/wp\/v2\/posts\/11885","targetHints":{"allow":["GET"]}}],"collection":[{"href":"https:\/\/www.fundacionsancebrian.com\/portal\/wp-json\/wp\/v2\/posts"}],"about":[{"href":"https:\/\/www.fundacionsancebrian.com\/portal\/wp-json\/wp\/v2\/types\/post"}],"author":[{"embeddable":true,"href":"https:\/\/www.fundacionsancebrian.com\/portal\/wp-json\/wp\/v2\/users\/1"}],"replies":[{"embeddable":true,"href":"https:\/\/www.fundacionsancebrian.com\/portal\/wp-json\/wp\/v2\/comments?post=11885"}],"version-history":[{"count":3,"href":"https:\/\/www.fundacionsancebrian.com\/portal\/wp-json\/wp\/v2\/posts\/11885\/revisions"}],"predecessor-version":[{"id":11898,"href":"https:\/\/www.fundacionsancebrian.com\/portal\/wp-json\/wp\/v2\/posts\/11885\/revisions\/11898"}],"wp:featuredmedia":[{"embeddable":true,"href":"https:\/\/www.fundacionsancebrian.com\/portal\/wp-json\/wp\/v2\/media\/11887"}],"wp:attachment":[{"href":"https:\/\/www.fundacionsancebrian.com\/portal\/wp-json\/wp\/v2\/media?parent=11885"}],"wp:term":[{"taxonomy":"category","embeddable":true,"href":"https:\/\/www.fundacionsancebrian.com\/portal\/wp-json\/wp\/v2\/categories?post=11885"},{"taxonomy":"post_tag","embeddable":true,"href":"https:\/\/www.fundacionsancebrian.com\/portal\/wp-json\/wp\/v2\/tags?post=11885"}],"curies":[{"name":"wp","href":"https:\/\/api.w.org\/{rel}","templated":true}]}}