{"id":11939,"date":"2024-01-17T15:28:56","date_gmt":"2024-01-17T14:28:56","guid":{"rendered":"https:\/\/www.fundacionsancebrian.com\/portal\/?p=11939"},"modified":"2024-02-06T10:22:52","modified_gmt":"2024-02-06T09:22:52","slug":"la-fundacion-san-cebrian-organiza-el-curso-de-operaciones-basicas-de-catering","status":"publish","type":"post","link":"https:\/\/www.fundacionsancebrian.com\/portal\/la-fundacion-san-cebrian-organiza-el-curso-de-operaciones-basicas-de-catering\/","title":{"rendered":"La Fundaci\u00f3n San Cebri\u00e1n organiza el curso de &#8216; Operaciones b\u00e1sicas de catering&#8217;"},"content":{"rendered":"<div id=\"pl-11939\"  class=\"panel-layout\" ><div id=\"pg-11939-0\"  class=\"panel-grid panel-no-style\" ><div id=\"pgc-11939-0-0\"  class=\"panel-grid-cell\" ><div id=\"panel-11939-0-0-0\" class=\"so-panel widget widget_sow-editor panel-first-child panel-last-child\" data-index=\"0\" ><div\n\t\t\t\n\t\t\tclass=\"so-widget-sow-editor so-widget-sow-editor-base\"\n\t\t\t\n\t\t><h3 class=\"widget-title\">El curso se impartir\u00e1 del 5 de Febrero al 6 de junio de 2024<\/h3>\n<div class=\"siteorigin-widget-tinymce textwidget\">\n\t<p><a href=\"https:\/\/www.fundacionsancebrian.com\/portal\/wp-content\/uploads\/2024\/01\/CURSO-FOD-OPERACIONES-BASICAS-DE-CATERING-Poster.png\"><img fetchpriority=\"high\" fetchpriority=\"high\" decoding=\"async\" class=\"alignright wp-image-11940\" src=\"https:\/\/www.fundacionsancebrian.com\/portal\/wp-content\/uploads\/2024\/01\/CURSO-FOD-OPERACIONES-BASICAS-DE-CATERING-Poster-212x300.png\" alt=\"\" width=\"400\" height=\"566\" srcset=\"https:\/\/www.fundacionsancebrian.com\/portal\/wp-content\/uploads\/2024\/01\/CURSO-FOD-OPERACIONES-BASICAS-DE-CATERING-Poster-212x300.png 212w, https:\/\/www.fundacionsancebrian.com\/portal\/wp-content\/uploads\/2024\/01\/CURSO-FOD-OPERACIONES-BASICAS-DE-CATERING-Poster-724x1024.png 724w, https:\/\/www.fundacionsancebrian.com\/portal\/wp-content\/uploads\/2024\/01\/CURSO-FOD-OPERACIONES-BASICAS-DE-CATERING-Poster-768x1086.png 768w, https:\/\/www.fundacionsancebrian.com\/portal\/wp-content\/uploads\/2024\/01\/CURSO-FOD-OPERACIONES-BASICAS-DE-CATERING-Poster-1086x1536.png 1086w, https:\/\/www.fundacionsancebrian.com\/portal\/wp-content\/uploads\/2024\/01\/CURSO-FOD-OPERACIONES-BASICAS-DE-CATERING-Poster-1448x2048.png 1448w, https:\/\/www.fundacionsancebrian.com\/portal\/wp-content\/uploads\/2024\/01\/CURSO-FOD-OPERACIONES-BASICAS-DE-CATERING-Poster.png 1587w\" sizes=\"(max-width: 400px) 100vw, 400px\" \/><\/a>La Fundaci\u00f3n San Cebri\u00e1n ha organizado el curso de Especialidad formativa: 'Operaciones b\u00e1sicas de catering' (nivel 1) que se impartir\u00e1 del 5 de Febrero al 6 de junio de 2024 en el Edificio EFIDES.<\/p>\n<p>El curso es gratuito y est\u00e1 destinado prioritariamente a desempleados. Est\u00e1 gestionado por el Servicio P\u00fablico de Empleo de la Junta de Castilla y Le\u00f3n (dependiente de la Consejer\u00eda de Industria, comercio y empleo) y financiado por el Ministerio de Educaci\u00f3n y Formaci\u00f3n Profesional.<\/p>\n<p>Consta de 250 horas de formaci\u00f3n y el n\u00famero de alumnos es de 15.<\/p>\n<p>Para m\u00e1s informaci\u00f3n e inscripciones: Fundaci\u00f3n San Cebri\u00e1n (Plaza Juan XXIII, 5 Bajo, Palencia) y en el 979706954 y en el correo electr\u00f3nico l.carrasco@fundacionsancebrian.com<\/p>\n<p>Tambi\u00e9n en las Oficinas de Empleo del ECYL, o consulta online en el Portal de Empleo del ECYL.<\/p>\n<p>&nbsp;<\/p>\n<p>&nbsp;<\/p>\n<p>&nbsp;<\/p>\n<\/div>\n<\/div><\/div><\/div><\/div><\/div>","protected":false},"excerpt":{"rendered":"<p>La Fundaci\u00f3n San Cebri\u00e1n ha organizado el curso de Especialidad formativa: &#8216;Operaciones b\u00e1sicas de catering&#8217; (nivel 1) que se impartir\u00e1 del 5 de Febrero al 6 de junio de 2024 en el Edificio EFIDES. El curso es gratuito y est\u00e1 destinado prioritariamente a desempleados. Est\u00e1 gestionado por el Servicio P\u00fablico de Empleo de la Junta [&hellip;]<\/p>\n","protected":false},"author":1,"featured_media":11984,"comment_status":"closed","ping_status":"open","sticky":false,"template":"","format":"standard","meta":{"_seopress_robots_primary_cat":"","_seopress_titles_title":"","_seopress_titles_desc":"","_seopress_robots_index":"","_eb_attr":"","footnotes":""},"categories":[8],"tags":[],"class_list":["post-11939","post","type-post","status-publish","format-standard","has-post-thumbnail","hentry","category-noticias","post-with-thumbnail","post-with-thumbnail-icon"],"_links":{"self":[{"href":"https:\/\/www.fundacionsancebrian.com\/portal\/wp-json\/wp\/v2\/posts\/11939","targetHints":{"allow":["GET"]}}],"collection":[{"href":"https:\/\/www.fundacionsancebrian.com\/portal\/wp-json\/wp\/v2\/posts"}],"about":[{"href":"https:\/\/www.fundacionsancebrian.com\/portal\/wp-json\/wp\/v2\/types\/post"}],"author":[{"embeddable":true,"href":"https:\/\/www.fundacionsancebrian.com\/portal\/wp-json\/wp\/v2\/users\/1"}],"replies":[{"embeddable":true,"href":"https:\/\/www.fundacionsancebrian.com\/portal\/wp-json\/wp\/v2\/comments?post=11939"}],"version-history":[{"count":5,"href":"https:\/\/www.fundacionsancebrian.com\/portal\/wp-json\/wp\/v2\/posts\/11939\/revisions"}],"predecessor-version":[{"id":11993,"href":"https:\/\/www.fundacionsancebrian.com\/portal\/wp-json\/wp\/v2\/posts\/11939\/revisions\/11993"}],"wp:featuredmedia":[{"embeddable":true,"href":"https:\/\/www.fundacionsancebrian.com\/portal\/wp-json\/wp\/v2\/media\/11984"}],"wp:attachment":[{"href":"https:\/\/www.fundacionsancebrian.com\/portal\/wp-json\/wp\/v2\/media?parent=11939"}],"wp:term":[{"taxonomy":"category","embeddable":true,"href":"https:\/\/www.fundacionsancebrian.com\/portal\/wp-json\/wp\/v2\/categories?post=11939"},{"taxonomy":"post_tag","embeddable":true,"href":"https:\/\/www.fundacionsancebrian.com\/portal\/wp-json\/wp\/v2\/tags?post=11939"}],"curies":[{"name":"wp","href":"https:\/\/api.w.org\/{rel}","templated":true}]}}