{"id":11952,"date":"2024-02-01T13:09:31","date_gmt":"2024-02-01T12:09:31","guid":{"rendered":"https:\/\/www.fundacionsancebrian.com\/portal\/?p=11952"},"modified":"2024-02-08T09:19:58","modified_gmt":"2024-02-08T08:19:58","slug":"el-nuevo-espacio-abierto-angel-aguado-de-villamuriel-de-cerrato-abre-sus-puertas-como-un-servicio-innovador-de-atencion-integral-a-las-personas-y-abierto-a-toda-la-comunidad","status":"publish","type":"post","link":"https:\/\/www.fundacionsancebrian.com\/portal\/el-nuevo-espacio-abierto-angel-aguado-de-villamuriel-de-cerrato-abre-sus-puertas-como-un-servicio-innovador-de-atencion-integral-a-las-personas-y-abierto-a-toda-la-comunidad\/","title":{"rendered":"El nuevo Espacio Abierto \u2018\u00c1ngel Aguado\u2019 de Villamuriel de Cerrato abre sus puertas como un servicio innovador de atenci\u00f3n integral a las personas y abierto a toda la comunidad"},"content":{"rendered":"<div id=\"pl-11952\"  class=\"panel-layout\" ><div id=\"pg-11952-0\"  class=\"panel-grid panel-has-style\" ><div class=\"panel-row-style panel-row-style-for-11952-0\" ><div id=\"pgc-11952-0-0\"  class=\"panel-grid-cell\" ><div id=\"panel-11952-0-0-0\" class=\"so-panel widget widget_sow-editor panel-first-child panel-last-child\" data-index=\"0\" ><div\n\t\t\t\n\t\t\tclass=\"so-widget-sow-editor so-widget-sow-editor-base\"\n\t\t\t\n\t\t>\n<div class=\"siteorigin-widget-tinymce textwidget\">\n\t<hr \/>\n<p>&nbsp;<\/p>\n<\/div>\n<\/div><\/div><\/div><\/div><\/div><div id=\"pg-11952-1\"  class=\"panel-grid panel-no-style\" ><div id=\"pgc-11952-1-0\"  class=\"panel-grid-cell panel-grid-cell-mobile-last\" ><div id=\"panel-11952-1-0-0\" class=\"so-panel widget widget_sow-image panel-first-child\" data-index=\"1\" ><div class=\"panel-widget-style panel-widget-style-for-11952-1-0-0\" ><div\n\t\t\t\n\t\t\tclass=\"so-widget-sow-image so-widget-sow-image-default-4e6925654b7a-11952\"\n\t\t\t\n\t\t>\n<div class=\"sow-image-container\">\n\t\t<img loading=\"lazy\" \n\tsrc=\"https:\/\/www.fundacionsancebrian.com\/portal\/wp-content\/uploads\/2019\/12\/EtR3-e1575535111209.png\" width=\"250\" height=\"50\" sizes=\"(max-width: 250px) 100vw, 250px\" title=\"EtR3\" alt=\"\" \t\tclass=\"so-widget-image\"\/>\n\t<\/div>\n\n<\/div><\/div><\/div><div id=\"panel-11952-1-0-1\" class=\"so-panel widget widget_sow-editor panel-last-child\" data-index=\"2\" ><div class=\"panel-widget-style panel-widget-style-for-11952-1-0-1\" ><div\n\t\t\t\n\t\t\tclass=\"so-widget-sow-editor so-widget-sow-editor-base\"\n\t\t\t\n\t\t>\n<div class=\"siteorigin-widget-tinymce textwidget\">\n\t<div style=\"font-size: 18px; line-height: 1.8em; font-family: Arial;\">\n<p><span style=\"font-family: Arial;\"><span style=\"font-size: 18px;\"><b>Inauguraci\u00f3n<\/b><\/span><\/span><strong style=\"font-family: Arial; font-size: 18px;\"> del Espacio Abierto \u00c1ngel Aguado.<\/strong><\/p>\n<p style=\"font-family: Arial; font-size: 18px;\">Grupo Fundaci\u00f3n San Cebri\u00e1n ofrece nuevos de servicios<br \/>\ncon la inauguraci\u00f3n del Espacio Abierto \u00c1ngel Aguado<br \/>\ngracias al apoyo y colaboraci\u00f3n del Ayuntamiento de Villamuriel de Cerrato.<\/p>\n<p>El nombre de este centro es un homenaje a \u00c1ngel Aguado<br \/>\nque fue p\u00e1rroco de Villamuriel durante 16 a\u00f1os<br \/>\ny que falleci\u00f3 el 4 de agosto de 2023.<br \/>\n\u00c1ngel Aguado naci\u00f3 en San Cebri\u00e1n de Campos.<\/p>\n<p>La Fundaci\u00f3n San Cebri\u00e1n quiere destacar este lugar<br \/>\ncomo un modelo a seguir en la atenci\u00f3n a las personas.<br \/>\nQuiere ser innovador y ofrecer varias actividades.<br \/>\nQuiere dar una atenci\u00f3n completa y variada a las personas.<\/p>\n<p>En la inauguraci\u00f3n participaron alumnos y empresas locales.<br \/>\nDestacaron la importancia de proyectos que benefician a la poblaci\u00f3n<br \/>\ny mejoren la vida independiente.<br \/>\nEn el evento estuvieron representantes del Ayuntamiento<br \/>\ndel Grupo Fundaci\u00f3n San Cebri\u00e1n y otras autoridades locales.<\/p>\n<\/div>\n<\/div>\n<\/div><\/div><\/div><\/div><div id=\"pgc-11952-1-1\"  class=\"panel-grid-cell panel-grid-cell-empty\" ><\/div><\/div><div id=\"pg-11952-2\"  class=\"panel-grid panel-no-style\" ><div id=\"pgc-11952-2-0\"  class=\"panel-grid-cell\" ><div id=\"panel-11952-2-0-0\" class=\"so-panel widget widget_sow-editor panel-first-child panel-last-child\" data-index=\"3\" ><div\n\t\t\t\n\t\t\tclass=\"so-widget-sow-editor so-widget-sow-editor-base\"\n\t\t\t\n\t\t><h3 class=\"widget-title\">El espacio, ubicado en la Calle Vel\u00e1zquez, 59 de Villamuriel de Cerrato<\/h3>\n<div class=\"siteorigin-widget-tinymce textwidget\">\n\t<p>El Grupo Fundaci\u00f3n San Cebri\u00e1n ampl\u00eda su carterade servicios con la apertura esta ma\u00f1ana y gracias al apoyo y colaboraci\u00f3n del<br \/>\nAyuntamiento de Villamuriel de Cerrato \u2013propietario del espacio- del EspacioAbierto \u2018\u00c1ngel Aguado\u2019, como homenaje al que fuera p\u00e1rroco de la localidaddurante 16 a\u00f1os y que falleci\u00f3 de forma repentina el pasado 4 de agosto. \u00c1ngel Aguado adem\u00e1s era natural de San Cebri\u00e1n de Campos.<\/p>\n<p><a href=\"https:\/\/www.fundacionsancebrian.com\/portal\/wp-content\/uploads\/2024\/02\/Foto-Ayuntamiento-Villamuriel-y-Grupo-Fundacion-San-Cebrian-scaled-1.jpg\"><img fetchpriority=\"high\" fetchpriority=\"high\" decoding=\"async\" class=\"alignright wp-image-11987\" src=\"https:\/\/www.fundacionsancebrian.com\/portal\/wp-content\/uploads\/2024\/02\/Foto-Ayuntamiento-Villamuriel-y-Grupo-Fundacion-San-Cebrian-scaled-1.jpg\" alt=\"\" width=\"450\" height=\"300\" srcset=\"https:\/\/www.fundacionsancebrian.com\/portal\/wp-content\/uploads\/2024\/02\/Foto-Ayuntamiento-Villamuriel-y-Grupo-Fundacion-San-Cebrian-scaled-1.jpg 2560w, https:\/\/www.fundacionsancebrian.com\/portal\/wp-content\/uploads\/2024\/02\/Foto-Ayuntamiento-Villamuriel-y-Grupo-Fundacion-San-Cebrian-scaled-1-300x200.jpg 300w, https:\/\/www.fundacionsancebrian.com\/portal\/wp-content\/uploads\/2024\/02\/Foto-Ayuntamiento-Villamuriel-y-Grupo-Fundacion-San-Cebrian-scaled-1-1024x683.jpg 1024w, https:\/\/www.fundacionsancebrian.com\/portal\/wp-content\/uploads\/2024\/02\/Foto-Ayuntamiento-Villamuriel-y-Grupo-Fundacion-San-Cebrian-scaled-1-768x512.jpg 768w, https:\/\/www.fundacionsancebrian.com\/portal\/wp-content\/uploads\/2024\/02\/Foto-Ayuntamiento-Villamuriel-y-Grupo-Fundacion-San-Cebrian-scaled-1-600x400.jpg 600w, https:\/\/www.fundacionsancebrian.com\/portal\/wp-content\/uploads\/2024\/02\/Foto-Ayuntamiento-Villamuriel-y-Grupo-Fundacion-San-Cebrian-scaled-1-1536x1024.jpg 1536w, https:\/\/www.fundacionsancebrian.com\/portal\/wp-content\/uploads\/2024\/02\/Foto-Ayuntamiento-Villamuriel-y-Grupo-Fundacion-San-Cebrian-scaled-1-2048x1366.jpg 2048w, https:\/\/www.fundacionsancebrian.com\/portal\/wp-content\/uploads\/2024\/02\/Foto-Ayuntamiento-Villamuriel-y-Grupo-Fundacion-San-Cebrian-scaled-1-272x182.jpg 272w, https:\/\/www.fundacionsancebrian.com\/portal\/wp-content\/uploads\/2024\/02\/Foto-Ayuntamiento-Villamuriel-y-Grupo-Fundacion-San-Cebrian-scaled-1-720x480.jpg 720w\" sizes=\"(max-width: 450px) 100vw, 450px\" \/><\/a>El Ayuntamiento cerrate\u00f1o ha querido as\u00ed homenajear a \u00c1ngel Aguado, al que le caracteriz\u00f3 su car\u00e1cter humano, humilde y de ayuda a todos. Bajo esta premisa, adem\u00e1s, el Grupo Fundaci\u00f3n San Cebri\u00e1n pone en marcha este espacio que pretende ser un espacio para toda la COMUNIDAD enfocado hacia la vida independiente, un espacio que pretende convertirse en una referencia en la atenci\u00f3n integral a las personas, desde una perspectiva hol\u00edstica y con una visi\u00f3n transformadora e inclusiva.<\/p>\n<p>En el acto de inauguraci\u00f3n de esta ma\u00f1ana, en el que han participado alumnos del Camino de la Mirada quienes han dibujado en una de las paredes in situ la imagen espacio , a trav\u00e9s de su robot ploter vertical que dise\u00f1a graffitis; han estado presentes tambi\u00e9n de la empresa Palausa con el servicio de movilidad, dentro del proyecto ERA Walamove servicio de movilidad rural sostenible e individualizada adaptado a las demandas de transporte de sus vecinos. El veh\u00edculo ser\u00e1 presentado en las pr\u00f3ximas semanas.<\/p>\n<p>Durante la visita al espacio, se ha comprobado que es un espacio para todos y con un enfoque innovador. En una de las aulas se estaba celebrando un taller intergeneracional entre personas mayores y estudiantes sobre el uso del m\u00f3vil del Instituto I.E.S.O Canal de Castilla; en otras profesionales de entidades de Eslovenia, Grecia, Dinamarca y Finlandia se estaban formando gracias a un Proyecto Erasmus, la t\u00e9cnica del Podcast o por ejemplo en el gimnasio del espacio se estaba desarrollando una actividad f\u00edsica, concretamente gimnasia terape\u00fatica.\u201cEs mucho m\u00e1s que un edificio, es un concepto que responde a las necesidades del entorno y que se ha dise\u00f1ado con y para dar respuestas a las personas\u201d, apunt\u00f3 Eva del R\u00edo durante la presentaci\u00f3n del Espacio Abierto.<\/p>\n<p>Por su parte, el alcalde de Villamuriel de Cerrato destac\u00f3 que \u201cestas iniciativas permiten fijar poblaci\u00f3n en los pueblos y tambi\u00e9n<br \/>\npermiten que los ciudadanos puedan llevar a cabo sus vidas de forma independiente en sus domicilios\u201d.<\/p>\n<p>Esta ma\u00f1ana en la inauguraci\u00f3n han estado presentes, representantes del Ayuntamiento de Villamuriel, entre ellos su alcalde, Roberto Martin; representantes del Grupo Fundaci\u00f3n San Cebri\u00e1n, con su gerente, Eva del R\u00edo; representantes de la sociedad de Villamuriel; el delegado de la Junta, Jos\u00e9 Antonio Rubio Mielgo; el subdelegado del Gobierno, Angel D. Miguel; la gerente territorial de servicios Sociales en Palencia, Almudena Narganes y representantes de la Diputaci\u00f3n, como Juan Antonio Obispo, diputado de Servicios Sociales, entre otros.<\/p>\n<p>&nbsp;<\/p>\n<p><a href=\"https:\/\/www.fundacionsancebrian.com\/portal\/wp-content\/uploads\/2024\/02\/Familia-de-Angel-Aguado-scaled.jpg\"><img decoding=\"async\" class=\"alignnone wp-image-11954 size-medium\" src=\"https:\/\/www.fundacionsancebrian.com\/portal\/wp-content\/uploads\/2024\/02\/Familia-de-Angel-Aguado-300x200.jpg\" alt=\"\" width=\"300\" height=\"200\" srcset=\"https:\/\/www.fundacionsancebrian.com\/portal\/wp-content\/uploads\/2024\/02\/Familia-de-Angel-Aguado-300x200.jpg 300w, https:\/\/www.fundacionsancebrian.com\/portal\/wp-content\/uploads\/2024\/02\/Familia-de-Angel-Aguado-1024x683.jpg 1024w, https:\/\/www.fundacionsancebrian.com\/portal\/wp-content\/uploads\/2024\/02\/Familia-de-Angel-Aguado-768x512.jpg 768w, https:\/\/www.fundacionsancebrian.com\/portal\/wp-content\/uploads\/2024\/02\/Familia-de-Angel-Aguado-600x400.jpg 600w, https:\/\/www.fundacionsancebrian.com\/portal\/wp-content\/uploads\/2024\/02\/Familia-de-Angel-Aguado-1536x1024.jpg 1536w, https:\/\/www.fundacionsancebrian.com\/portal\/wp-content\/uploads\/2024\/02\/Familia-de-Angel-Aguado-2048x1365.jpg 2048w, https:\/\/www.fundacionsancebrian.com\/portal\/wp-content\/uploads\/2024\/02\/Familia-de-Angel-Aguado-272x182.jpg 272w, https:\/\/www.fundacionsancebrian.com\/portal\/wp-content\/uploads\/2024\/02\/Familia-de-Angel-Aguado-720x480.jpg 720w, https:\/\/www.fundacionsancebrian.com\/portal\/wp-content\/uploads\/2024\/02\/Familia-de-Angel-Aguado-950x630.jpg 950w\" sizes=\"(max-width: 300px) 100vw, 300px\" \/><\/a> <a href=\"https:\/\/www.fundacionsancebrian.com\/portal\/wp-content\/uploads\/2024\/02\/Taller-intergeneracional-Espacio-Abierto-scaled.jpg\"><img decoding=\"async\" class=\"alignnone wp-image-11953 size-medium\" src=\"https:\/\/www.fundacionsancebrian.com\/portal\/wp-content\/uploads\/2024\/02\/Taller-intergeneracional-Espacio-Abierto-300x200.jpg\" alt=\"\" width=\"300\" height=\"200\" srcset=\"https:\/\/www.fundacionsancebrian.com\/portal\/wp-content\/uploads\/2024\/02\/Taller-intergeneracional-Espacio-Abierto-300x200.jpg 300w, https:\/\/www.fundacionsancebrian.com\/portal\/wp-content\/uploads\/2024\/02\/Taller-intergeneracional-Espacio-Abierto-1024x683.jpg 1024w, https:\/\/www.fundacionsancebrian.com\/portal\/wp-content\/uploads\/2024\/02\/Taller-intergeneracional-Espacio-Abierto-768x512.jpg 768w, https:\/\/www.fundacionsancebrian.com\/portal\/wp-content\/uploads\/2024\/02\/Taller-intergeneracional-Espacio-Abierto-600x400.jpg 600w, https:\/\/www.fundacionsancebrian.com\/portal\/wp-content\/uploads\/2024\/02\/Taller-intergeneracional-Espacio-Abierto-1536x1024.jpg 1536w, https:\/\/www.fundacionsancebrian.com\/portal\/wp-content\/uploads\/2024\/02\/Taller-intergeneracional-Espacio-Abierto-2048x1365.jpg 2048w, https:\/\/www.fundacionsancebrian.com\/portal\/wp-content\/uploads\/2024\/02\/Taller-intergeneracional-Espacio-Abierto-272x182.jpg 272w, https:\/\/www.fundacionsancebrian.com\/portal\/wp-content\/uploads\/2024\/02\/Taller-intergeneracional-Espacio-Abierto-720x480.jpg 720w, https:\/\/www.fundacionsancebrian.com\/portal\/wp-content\/uploads\/2024\/02\/Taller-intergeneracional-Espacio-Abierto-950x630.jpg 950w\" sizes=\"(max-width: 300px) 100vw, 300px\" \/><\/a><\/p>\n<\/div>\n<\/div><\/div><\/div><\/div><\/div>","protected":false},"excerpt":{"rendered":"<p>&nbsp; Inauguraci\u00f3n del Espacio Abierto \u00c1ngel Aguado. Grupo Fundaci\u00f3n San Cebri\u00e1n ofrece nuevos de servicios con la inauguraci\u00f3n del Espacio Abierto \u00c1ngel Aguado gracias al apoyo y colaboraci\u00f3n del Ayuntamiento de Villamuriel de Cerrato. El nombre de este centro es un homenaje a \u00c1ngel Aguado que fue p\u00e1rroco de Villamuriel durante 16 a\u00f1os y que [&hellip;]<\/p>\n","protected":false},"author":1,"featured_media":11987,"comment_status":"closed","ping_status":"open","sticky":false,"template":"","format":"standard","meta":{"_seopress_robots_primary_cat":"","_seopress_titles_title":"","_seopress_titles_desc":"","_seopress_robots_index":"","_eb_attr":"","footnotes":""},"categories":[8],"tags":[],"class_list":["post-11952","post","type-post","status-publish","format-standard","has-post-thumbnail","hentry","category-noticias","post-with-thumbnail","post-with-thumbnail-icon"],"_links":{"self":[{"href":"https:\/\/www.fundacionsancebrian.com\/portal\/wp-json\/wp\/v2\/posts\/11952","targetHints":{"allow":["GET"]}}],"collection":[{"href":"https:\/\/www.fundacionsancebrian.com\/portal\/wp-json\/wp\/v2\/posts"}],"about":[{"href":"https:\/\/www.fundacionsancebrian.com\/portal\/wp-json\/wp\/v2\/types\/post"}],"author":[{"embeddable":true,"href":"https:\/\/www.fundacionsancebrian.com\/portal\/wp-json\/wp\/v2\/users\/1"}],"replies":[{"embeddable":true,"href":"https:\/\/www.fundacionsancebrian.com\/portal\/wp-json\/wp\/v2\/comments?post=11952"}],"version-history":[{"count":8,"href":"https:\/\/www.fundacionsancebrian.com\/portal\/wp-json\/wp\/v2\/posts\/11952\/revisions"}],"predecessor-version":[{"id":12014,"href":"https:\/\/www.fundacionsancebrian.com\/portal\/wp-json\/wp\/v2\/posts\/11952\/revisions\/12014"}],"wp:featuredmedia":[{"embeddable":true,"href":"https:\/\/www.fundacionsancebrian.com\/portal\/wp-json\/wp\/v2\/media\/11987"}],"wp:attachment":[{"href":"https:\/\/www.fundacionsancebrian.com\/portal\/wp-json\/wp\/v2\/media?parent=11952"}],"wp:term":[{"taxonomy":"category","embeddable":true,"href":"https:\/\/www.fundacionsancebrian.com\/portal\/wp-json\/wp\/v2\/categories?post=11952"},{"taxonomy":"post_tag","embeddable":true,"href":"https:\/\/www.fundacionsancebrian.com\/portal\/wp-json\/wp\/v2\/tags?post=11952"}],"curies":[{"name":"wp","href":"https:\/\/api.w.org\/{rel}","templated":true}]}}