{"id":12002,"date":"2024-02-07T14:25:24","date_gmt":"2024-02-07T13:25:24","guid":{"rendered":"https:\/\/www.fundacionsancebrian.com\/portal\/?p=12002"},"modified":"2024-02-07T16:55:44","modified_gmt":"2024-02-07T15:55:44","slug":"la-gastronomia-y-los-cocineros-palentinos-protagonistas-del-viii-maraton-de-radio-inclusiva-bajo-el-titulo-con-una-pizca-de-radio","status":"publish","type":"post","link":"https:\/\/www.fundacionsancebrian.com\/portal\/la-gastronomia-y-los-cocineros-palentinos-protagonistas-del-viii-maraton-de-radio-inclusiva-bajo-el-titulo-con-una-pizca-de-radio\/","title":{"rendered":"La gastronom\u00eda y los cocineros palentinos, protagonistas del VIII Marat\u00f3n de Radio Inclusiva, bajo el titulo \u2018Con una pizca de radio\u2019"},"content":{"rendered":"<div id=\"pl-12002\"  class=\"panel-layout\" ><div id=\"pg-12002-0\"  class=\"panel-grid panel-has-style\" ><div class=\"panel-row-style panel-row-style-for-12002-0\" ><div id=\"pgc-12002-0-0\"  class=\"panel-grid-cell\" ><div id=\"panel-12002-0-0-0\" class=\"so-panel widget widget_sow-editor panel-first-child panel-last-child\" data-index=\"0\" ><div\n\t\t\t\n\t\t\tclass=\"so-widget-sow-editor so-widget-sow-editor-base\"\n\t\t\t\n\t\t>\n<div class=\"siteorigin-widget-tinymce textwidget\">\n\t<hr \/>\n<p>&nbsp;<\/p>\n<\/div>\n<\/div><\/div><\/div><\/div><\/div><div id=\"pg-12002-1\"  class=\"panel-grid panel-no-style\" ><div id=\"pgc-12002-1-0\"  class=\"panel-grid-cell panel-grid-cell-mobile-last\" ><div id=\"panel-12002-1-0-0\" class=\"so-panel widget widget_sow-image panel-first-child\" data-index=\"1\" ><div class=\"panel-widget-style panel-widget-style-for-12002-1-0-0\" ><div\n\t\t\t\n\t\t\tclass=\"so-widget-sow-image so-widget-sow-image-default-4e6925654b7a-12002\"\n\t\t\t\n\t\t>\n<div class=\"sow-image-container\">\n\t\t<img \n\tsrc=\"https:\/\/www.fundacionsancebrian.com\/portal\/wp-content\/uploads\/2019\/12\/EtR3-e1575535111209.png\" width=\"250\" height=\"50\" sizes=\"(max-width: 250px) 100vw, 250px\" title=\"EtR3\" alt=\"\" \t\tclass=\"so-widget-image\"\/>\n\t<\/div>\n\n<\/div><\/div><\/div><div id=\"panel-12002-1-0-1\" class=\"so-panel widget widget_sow-editor panel-last-child\" data-index=\"2\" ><div class=\"panel-widget-style panel-widget-style-for-12002-1-0-1\" ><div\n\t\t\t\n\t\t\tclass=\"so-widget-sow-editor so-widget-sow-editor-base\"\n\t\t\t\n\t\t>\n<div class=\"siteorigin-widget-tinymce textwidget\">\n\t<div style=\"font-size: 18px; line-height: 1.8em; font-family: Arial;\">\n<p><strong>8 Marat\u00f3n de radio inclusivo. Con una pizca de radio.<\/strong><\/p>\n<p>Evento: VIII Marat\u00f3n de Radio Inclusiva<br \/>\nTema: Con una pizca de radio<br \/>\nProtagonistas: Cocineros de Palencia<br \/>\nFecha: Martes 13 de febrero de 2024<br \/>\nLugar: Sala Multiusos del Centro Cultural Lecr\u00e1c<br \/>\nHorario: De 10 de la ma\u00f1ana a 2 de la tarde.<br \/>\nEntrada: Libre hasta completar aforo.<\/p>\n<p>El martes 13 de Febrero ser\u00e1 el 8 Marat\u00f3n de Radio Inclusivo<br \/>\nen la Sala Multiusos del Centro Cultural Lecr\u00e1c<br \/>\nTambi\u00e9n es el D\u00eda Mundial de la Radio.<br \/>\nEl maraton de radio ser\u00e1 de 10 de la ma\u00f1ana a 2 de la tarde<br \/>\ny estar\u00e1 abierto a todas las personas que quieran ir.<\/p>\n<p>El marat\u00f3n esta organizado por Hermanas Hospitalarias Palencia<br \/>\nGrupo Fundaci\u00f3n San Cebri\u00e1n<br \/>\ny Fundaci\u00f3n Personas Palencia.<br \/>\nEl tema ser\u00e1 la gastronom\u00eda palentina y los cocineros locales.<br \/>\nEl t\u00edtulo del marat\u00f3n de radio es 'Con una pizca de sal'.<\/p>\n<p>Habr\u00e1 entrevistas a Roberto Terradillo del restaurante Terra<br \/>\nCamino Le\u00f3n del Restaurante La Concordia de Monz\u00f3n<br \/>\nRoberto Espeso del Restaurante Gallery<br \/>\ny Andoni S\u00e1nchez del restaurante Villa de Fr\u00f3mista.<\/p>\n<p>En la marat\u00f3n de radio participan Radio Gurug\u00fa de Hermanas Hospitalarias Palencia<br \/>\nEmoci\u00f3nate Radio y Zimbalillo de la Fundaci\u00f3n San Cebri\u00e1n<br \/>\ny Radio Colores de Fundaci\u00f3n Personas Palencia.<br \/>\nEste a\u00f1o tambi\u00e9n participa el grupo de radio de Carri\u00f3n de los Condes<br \/>\ndel Grupo Fundaci\u00f3n San Cebri\u00e1n.<\/p>\n<\/div>\n<\/div>\n<\/div><\/div><\/div><\/div><div id=\"pgc-12002-1-1\"  class=\"panel-grid-cell panel-grid-cell-empty\" ><\/div><\/div><div id=\"pg-12002-2\"  class=\"panel-grid panel-no-style\" ><div id=\"pgc-12002-2-0\"  class=\"panel-grid-cell\" ><div id=\"panel-12002-2-0-0\" class=\"so-panel widget widget_sow-editor panel-first-child panel-last-child\" data-index=\"3\" ><div\n\t\t\t\n\t\t\tclass=\"so-widget-sow-editor so-widget-sow-editor-base\"\n\t\t\t\n\t\t>\n<div class=\"siteorigin-widget-tinymce textwidget\">\n\t<h1>El Marat\u00f3n se celebrar\u00e1, coincidiendo con el D\u00eda Mundial de la Radio, el martes 13 de Febrero en la Sala Multiusos del Centro Cultural Lecr\u00e1c. El horario de 10 horas a 14 horas.<\/h1>\n<hr \/>\n<p>El VIII Marat\u00f3n de Radio Inclusivo, que organizan cada a\u00f1o, desde hace 8, las entidades sociales, Hermanas Hospitalarias Palencia, Grupo Fundaci\u00f3n San Cebri\u00e1n y Fundaci\u00f3n Personas Palencia se centrar\u00e1 este a\u00f1o en la gastronom\u00eda y en los cocineros palentinos.<\/p>\n<p><a href=\"https:\/\/www.fundacionsancebrian.com\/portal\/wp-content\/uploads\/2024\/02\/MicrosoftTeams-image-298-scaled.jpg\"><img fetchpriority=\"high\" fetchpriority=\"high\" decoding=\"async\" class=\"alignright wp-image-12003\" src=\"https:\/\/www.fundacionsancebrian.com\/portal\/wp-content\/uploads\/2024\/02\/MicrosoftTeams-image-298-212x300.jpg\" alt=\"\" width=\"400\" height=\"566\" srcset=\"https:\/\/www.fundacionsancebrian.com\/portal\/wp-content\/uploads\/2024\/02\/MicrosoftTeams-image-298-212x300.jpg 212w, https:\/\/www.fundacionsancebrian.com\/portal\/wp-content\/uploads\/2024\/02\/MicrosoftTeams-image-298-724x1024.jpg 724w, https:\/\/www.fundacionsancebrian.com\/portal\/wp-content\/uploads\/2024\/02\/MicrosoftTeams-image-298-768x1086.jpg 768w, https:\/\/www.fundacionsancebrian.com\/portal\/wp-content\/uploads\/2024\/02\/MicrosoftTeams-image-298-1086x1536.jpg 1086w, https:\/\/www.fundacionsancebrian.com\/portal\/wp-content\/uploads\/2024\/02\/MicrosoftTeams-image-298-1448x2048.jpg 1448w, https:\/\/www.fundacionsancebrian.com\/portal\/wp-content\/uploads\/2024\/02\/MicrosoftTeams-image-298-scaled.jpg 1810w\" sizes=\"(max-width: 400px) 100vw, 400px\" \/><\/a>El Marat\u00f3n tendr\u00e1 lugar el martes, 13 de Febrero la sala multiusos del Centro Cultural Lecr\u00e1c de 10 a 14 horas. El Marat\u00f3n es un acto abierto a todas las personas que desean ver en directo un programa de radio.<\/p>\n<p>Bajo el t\u00edtulo <em>\u2018Con una pizca de sal\u2019 <\/em>el Marat\u00f3n se centrar\u00e1 en la gastronom\u00eda palentina y en los cocineros palentinos como un \u201c<em>homenaje a cada uno de ellos, porque hacen que el nombre de Palencia y sus ricos productos viajen por todos los lugares<\/em>\u201d, apuntaron desde la organizaci\u00f3n. Adem\u00e1s, \u201c<em>ser\u00e1 tambi\u00e9n una oportunidad para conocer el trabajo de cocinero en profundidad y por qu\u00e9, ser\u00e1 tambi\u00e9n un buen momento para demostrar las cualidades culinarias de los participantes en las radios, porque les tocar\u00e1 elaborar junto a su cocinero una tapa\u201d<\/em>, explicaron.<\/p>\n<p>Cada emisora de radio entrevistar\u00e1 a un cocinero, as\u00ed por ejemplo; el equipo del Zimbalillo de la Fundaci\u00f3n del Grupo Fundaci\u00f3n San Cebri\u00e1n abrir\u00e1 el Marat\u00f3n entrevistado a Roberto terradillo del restaurante Terra; seguir\u00e1 el grupo de Radio Colores de Fundaci\u00f3n Personas Palencia que entrevistar\u00e1 a \u00a0Camino Le\u00f3n del Restaurante La Concordia de Monz\u00f3n; luego Emoci\u00f3nate radio del Grupo Fundaci\u00f3n San Cebri\u00e1n que entrevistar\u00e1 a Roberto Espeso del Restaurante Gallery y por \u00faltimo, cerrar\u00e1n el Marat\u00f3n los participantes en Radio Gurug\u00fa de Hermanas Hospitalarias Palencia que entrevistar\u00e1 a Andoni S\u00e1nchez del restaurante Villa de Fr\u00f3mista.<\/p>\n<p>Las emisoras inclusivas de las tres entidades sociales son: Radio Gurug\u00fa (hermanas Hospitalarias Palencia), Emoci\u00f3nate Radio y Zimbalillo de la Fundaci\u00f3n (Grupo Fundaci\u00f3n San Cebri\u00e1n) y Radio Colores (de Fundaci\u00f3n Personas Palencia) y este a\u00f1o se suman el grupo de radio de Carri\u00f3n de los Condes del Grupo Fundaci\u00f3n San Cebri\u00e1n que participan en el programa \u2018Fiesta \u00a0de locos\u2019 de Radio Peregrina del CDR de Carri\u00f3n. Los dos integrantes de este grupo de radio participar\u00e1n tambi\u00e9n en las entrevistas.<\/p>\n<p><strong><u>\u00a0<\/u><\/strong><\/p>\n<p><strong><u>Otras ediciones<\/u><\/strong>. Cada Marat\u00f3n se ha celebrado bajo una tem\u00e1tica especial. El primero, celebrado en 2017 en Casa Junco, se centr\u00f3 en entrevistar a las autoridades p\u00fablicas palentinas; en 2018 tambi\u00e9n en Casa Junco se entrevist\u00f3 a profesionales del mundo de deporte para hablar de los beneficios en las personas con discapacidad intelectual; en 2019 y coincidiendo con las elecciones, el Marat\u00f3n de Radio se celebr\u00f3 en el Centro Cultural Provincial y se cont\u00f3 con los candidatos a las elecciones municipales, en 2020 el IV Marat\u00f3n de Radio titulado \u2018Artes Esc\u00e9nicas\u2019 cont\u00f3 con la participaci\u00f3n de actores, monologuistas, payasos.<\/p>\n<p>En 2021, el Marat\u00f3n que llevaba por t\u00edtulo <em>VIDA <\/em>entrevist\u00f3 a diferentes personas relacionadas con las entidades en diferentes aspectos. Se organiz\u00f3 en formato online. En 2022, el formato del Marat\u00f3n volvi\u00f3 a ser online y se centr\u00f3 en los grupos musicales palentinos.<\/p>\n<p>El pasado a\u00f1o el Marat\u00f3n se centr\u00f3 en el deporte, con diversas entrevistas a equipo deportivos de Palencia, como el Zunder Palencia, el Balonmano Femenino, la Selecci\u00f3n nacional permanente de Voleibol Juvenil y el Club Deportivo San Juanillo<\/p>\n<p>&nbsp;<\/p>\n<p>&nbsp;<\/p>\n<\/div>\n<\/div><\/div><\/div><\/div><\/div>","protected":false},"excerpt":{"rendered":"<p>&nbsp; 8 Marat\u00f3n de radio inclusivo. Con una pizca de radio. Evento: VIII Marat\u00f3n de Radio Inclusiva Tema: Con una pizca de radio Protagonistas: Cocineros de Palencia Fecha: Martes 13 de febrero de 2024 Lugar: Sala Multiusos del Centro Cultural Lecr\u00e1c Horario: De 10 de la ma\u00f1ana a 2 de la tarde. Entrada: Libre hasta [&hellip;]<\/p>\n","protected":false},"author":1,"featured_media":12004,"comment_status":"closed","ping_status":"open","sticky":false,"template":"","format":"standard","meta":{"_seopress_robots_primary_cat":"","_seopress_titles_title":"","_seopress_titles_desc":"","_seopress_robots_index":"","_eb_attr":"","footnotes":""},"categories":[8],"tags":[],"class_list":["post-12002","post","type-post","status-publish","format-standard","has-post-thumbnail","hentry","category-noticias","post-with-thumbnail","post-with-thumbnail-icon"],"_links":{"self":[{"href":"https:\/\/www.fundacionsancebrian.com\/portal\/wp-json\/wp\/v2\/posts\/12002","targetHints":{"allow":["GET"]}}],"collection":[{"href":"https:\/\/www.fundacionsancebrian.com\/portal\/wp-json\/wp\/v2\/posts"}],"about":[{"href":"https:\/\/www.fundacionsancebrian.com\/portal\/wp-json\/wp\/v2\/types\/post"}],"author":[{"embeddable":true,"href":"https:\/\/www.fundacionsancebrian.com\/portal\/wp-json\/wp\/v2\/users\/1"}],"replies":[{"embeddable":true,"href":"https:\/\/www.fundacionsancebrian.com\/portal\/wp-json\/wp\/v2\/comments?post=12002"}],"version-history":[{"count":6,"href":"https:\/\/www.fundacionsancebrian.com\/portal\/wp-json\/wp\/v2\/posts\/12002\/revisions"}],"predecessor-version":[{"id":12010,"href":"https:\/\/www.fundacionsancebrian.com\/portal\/wp-json\/wp\/v2\/posts\/12002\/revisions\/12010"}],"wp:featuredmedia":[{"embeddable":true,"href":"https:\/\/www.fundacionsancebrian.com\/portal\/wp-json\/wp\/v2\/media\/12004"}],"wp:attachment":[{"href":"https:\/\/www.fundacionsancebrian.com\/portal\/wp-json\/wp\/v2\/media?parent=12002"}],"wp:term":[{"taxonomy":"category","embeddable":true,"href":"https:\/\/www.fundacionsancebrian.com\/portal\/wp-json\/wp\/v2\/categories?post=12002"},{"taxonomy":"post_tag","embeddable":true,"href":"https:\/\/www.fundacionsancebrian.com\/portal\/wp-json\/wp\/v2\/tags?post=12002"}],"curies":[{"name":"wp","href":"https:\/\/api.w.org\/{rel}","templated":true}]}}