{"id":12011,"date":"2024-02-08T09:00:04","date_gmt":"2024-02-08T08:00:04","guid":{"rendered":"https:\/\/www.fundacionsancebrian.com\/portal\/?p=12011"},"modified":"2024-02-08T09:23:11","modified_gmt":"2024-02-08T08:23:11","slug":"la-junta-aprueba-la-ley-de-apoyo-al-proyecto-de-vida-de-las-personas-con-discapacidad-de-la-comunidad","status":"publish","type":"post","link":"https:\/\/www.fundacionsancebrian.com\/portal\/la-junta-aprueba-la-ley-de-apoyo-al-proyecto-de-vida-de-las-personas-con-discapacidad-de-la-comunidad\/","title":{"rendered":"La Junta aprueba la Ley de Apoyo al proyecto de Vida de las Personas con Discapacidad de la Comunidad"},"content":{"rendered":"<div id=\"pl-12011\"  class=\"panel-layout\" ><div id=\"pg-12011-0\"  class=\"panel-grid panel-has-style\" ><div class=\"panel-row-style panel-row-style-for-12011-0\" ><div id=\"pgc-12011-0-0\"  class=\"panel-grid-cell\" ><div id=\"panel-12011-0-0-0\" class=\"so-panel widget widget_sow-editor panel-first-child panel-last-child\" data-index=\"0\" ><div\n\t\t\t\n\t\t\tclass=\"so-widget-sow-editor so-widget-sow-editor-base\"\n\t\t\t\n\t\t>\n<div class=\"siteorigin-widget-tinymce textwidget\">\n\t<hr \/>\n<p>&nbsp;<\/p>\n<\/div>\n<\/div><\/div><\/div><\/div><\/div><div id=\"pg-12011-1\"  class=\"panel-grid panel-no-style\" ><div id=\"pgc-12011-1-0\"  class=\"panel-grid-cell panel-grid-cell-mobile-last\" ><div id=\"panel-12011-1-0-0\" class=\"so-panel widget widget_sow-image panel-first-child\" data-index=\"1\" ><div class=\"panel-widget-style panel-widget-style-for-12011-1-0-0\" ><div\n\t\t\t\n\t\t\tclass=\"so-widget-sow-image so-widget-sow-image-default-4e6925654b7a-12011\"\n\t\t\t\n\t\t>\n<div class=\"sow-image-container\">\n\t\t<img \n\tsrc=\"https:\/\/www.fundacionsancebrian.com\/portal\/wp-content\/uploads\/2019\/12\/EtR3-e1575535111209.png\" width=\"250\" height=\"50\" sizes=\"(max-width: 250px) 100vw, 250px\" title=\"EtR3\" alt=\"\" \t\tclass=\"so-widget-image\"\/>\n\t<\/div>\n\n<\/div><\/div><\/div><div id=\"panel-12011-1-0-1\" class=\"so-panel widget widget_sow-editor panel-last-child\" data-index=\"2\" ><div class=\"panel-widget-style panel-widget-style-for-12011-1-0-1\" ><div\n\t\t\t\n\t\t\tclass=\"so-widget-sow-editor so-widget-sow-editor-base\"\n\t\t\t\n\t\t>\n<div class=\"siteorigin-widget-tinymce textwidget\">\n\t<div style=\"font-size: 18px; line-height: 1.8em; font-family: Arial;\">\n<p><strong>Ley de Apoyo al Proyecto de Vida<\/strong><\/p>\n<p>Hoy se ha aprobado en las Cortes<br \/>\nla Ley de Apoyo al proyecto de Vida<br \/>\nde las Personas con Discapacidad de Castilla y Le\u00f3n.<br \/>\nPlena inclusi\u00f3n Castilla y Le\u00f3n da las gracias a la Junta por esta Ley.<\/p>\n<p>Esta Ley es un avance para las personas con discapacidad<br \/>\nporque reconoce que las personas elijan c\u00f3mo quiera ser su vida<br \/>\ny tengan la ayuda necesaria para hacerlo.<br \/>\nEl objetivo es que las personas con discapacidad sean m\u00e1s aut\u00f3nomas.<\/p>\n<p>Esta Ley tambi\u00e9n protege a las personas con discapacidad<br \/>\nde posibles malos tratos y violencia.<\/p>\n<p>Juan Pablo Torres es presidente de la Federaci\u00f3n<br \/>\ny ha destacado que con esta Ley<br \/>\nlas personas con discapacidad son protagonistas de sus vidas.<\/p>\n<\/div>\n<\/div>\n<\/div><\/div><\/div><\/div><div id=\"pgc-12011-1-1\"  class=\"panel-grid-cell panel-grid-cell-empty\" ><\/div><\/div><div id=\"pg-12011-2\"  class=\"panel-grid panel-no-style\" ><div id=\"pgc-12011-2-0\"  class=\"panel-grid-cell\" ><div id=\"panel-12011-2-0-0\" class=\"so-panel widget widget_sow-editor panel-first-child panel-last-child\" data-index=\"3\" ><div\n\t\t\t\n\t\t\tclass=\"so-widget-sow-editor so-widget-sow-editor-base\"\n\t\t\t\n\t\t>\n<div class=\"siteorigin-widget-tinymce textwidget\">\n\t<div class=\"card-block\">\n<div class=\"row m-t-4\">\n<div class=\"col-sm-12\">\n<p>El Pleno de las Cortes aprob\u00f3 ayer la norma<\/p>\n<p>La Junta de Castilla y Le\u00f3n aprob\u00f3 ayer en las\u00a0 Cortes regionales la Ley de Apoyo al proyecto de Vida de las Personas con Discapacidad de la Comunidad. La consejera de Familia e Igualdad de Oportunidades, Isabel Blanco, ha destacado en las Cortes que esta ley es un gran paso \"porque asegura la atenci\u00f3n y el cuidado de las personas con discapacidad y sus familias\", dec\u00eda, pero tambi\u00e9n porque \"har\u00e1 posible su deseo de c\u00f3mo quieren vivir su vida, sus metas y c\u00f3mo hacerlo\".<\/p>\n<p><a href=\"https:\/\/www.fundacionsancebrian.com\/portal\/wp-content\/uploads\/2024\/02\/53393178243_cc8b1d3edc_k-1.jpg\"><img fetchpriority=\"high\" fetchpriority=\"high\" decoding=\"async\" class=\"alignright wp-image-12012\" src=\"https:\/\/www.fundacionsancebrian.com\/portal\/wp-content\/uploads\/2024\/02\/53393178243_cc8b1d3edc_k-1-300x200.jpg\" alt=\"\" width=\"450\" height=\"299\" srcset=\"https:\/\/www.fundacionsancebrian.com\/portal\/wp-content\/uploads\/2024\/02\/53393178243_cc8b1d3edc_k-1-300x200.jpg 300w, https:\/\/www.fundacionsancebrian.com\/portal\/wp-content\/uploads\/2024\/02\/53393178243_cc8b1d3edc_k-1-1024x681.jpg 1024w, https:\/\/www.fundacionsancebrian.com\/portal\/wp-content\/uploads\/2024\/02\/53393178243_cc8b1d3edc_k-1-768x511.jpg 768w, https:\/\/www.fundacionsancebrian.com\/portal\/wp-content\/uploads\/2024\/02\/53393178243_cc8b1d3edc_k-1-600x400.jpg 600w, https:\/\/www.fundacionsancebrian.com\/portal\/wp-content\/uploads\/2024\/02\/53393178243_cc8b1d3edc_k-1-1536x1022.jpg 1536w, https:\/\/www.fundacionsancebrian.com\/portal\/wp-content\/uploads\/2024\/02\/53393178243_cc8b1d3edc_k-1-272x182.jpg 272w, https:\/\/www.fundacionsancebrian.com\/portal\/wp-content\/uploads\/2024\/02\/53393178243_cc8b1d3edc_k-1-720x480.jpg 720w, https:\/\/www.fundacionsancebrian.com\/portal\/wp-content\/uploads\/2024\/02\/53393178243_cc8b1d3edc_k-1-950x630.jpg 950w, https:\/\/www.fundacionsancebrian.com\/portal\/wp-content\/uploads\/2024\/02\/53393178243_cc8b1d3edc_k-1.jpg 2048w\" sizes=\"(max-width: 450px) 100vw, 450px\" \/><\/a>\"Una ley que pone el foco en la persona. En el proyecto de vida de cada persona, acorde a su criterio, y siempre bajo un criterio de inclusi\u00f3n y comunidad\" destaca Juan Pablo Torres, presidente de Plena inclusi\u00f3n Castilla y Le\u00f3n, al finalizar la comparecencia en Cortes que ha seguido desde la tribuna de invitados junto al Jos\u00e9 G\u00f3mez y Rodrigo Rodr\u00edguez, vicepresidente y secretario\u00a0 de la Federaci\u00f3n respectivamente, as\u00ed como representantes de Federaci\u00f3n y de entidades.<\/p>\n<p>El texto se compone de 24 art\u00edculos distribuidos en tres t\u00edtulos, a trav\u00e9s de los cuales se pretende que tanto el colectivo como sus familias vivan en comunidad y puedan desarrollar su proyecto vital. Adem\u00e1s, se regulan otras situaciones en las que estas personas requieren de apoyos y recursos, como es el caso de la promoci\u00f3n de la igualdad efectiva, la prevenci\u00f3n de la violencia y malos tratos hacia las personas con discapacidad y tambi\u00e9n contra su explotaci\u00f3n.<\/p>\n<p>\"Con esta ley se ordenan de forma coherente los apoyos a las personas con discapacidad para que se puedan cumplir sus deseos de vivir conforme a lo que quieren\", insist\u00eda la consejera, mientras defend\u00eda la participaci\u00f3n que ha existido en la elaboraci\u00f3n de la norma por parte del Tercer Sector, con el Cermi como protagonista, y aseguraba, contundente, que con este proyecto de Ley \"se har\u00e1n efectivos los derechos de este colectivo a su plena inclusi\u00f3n en la sociedad\".<\/p>\n<p>Fuente: <a href=\"https:\/\/www.plenainclusioncyl.org\/actualidad\/noticia\/plena-inclusion-castilla-y-leon-felicita-a-la-junta-por-la-ley-de-apoyo-al-proyecto-de-vida\/2561\">Plena Inclusi\u00f3n Castilla y Le\u00f3n<\/a><\/p>\n<\/div>\n<\/div>\n<\/div>\n<\/div>\n<\/div><\/div><\/div><\/div><\/div>","protected":false},"excerpt":{"rendered":"<p>&nbsp; Ley de Apoyo al Proyecto de Vida Hoy se ha aprobado en las Cortes la Ley de Apoyo al proyecto de Vida de las Personas con Discapacidad de Castilla y Le\u00f3n. Plena inclusi\u00f3n Castilla y Le\u00f3n da las gracias a la Junta por esta Ley. Esta Ley es un avance para las personas con [&hellip;]<\/p>\n","protected":false},"author":1,"featured_media":12012,"comment_status":"closed","ping_status":"open","sticky":false,"template":"","format":"standard","meta":{"_seopress_robots_primary_cat":"","_seopress_titles_title":"","_seopress_titles_desc":"","_seopress_robots_index":"","_eb_attr":"","footnotes":""},"categories":[8],"tags":[],"class_list":["post-12011","post","type-post","status-publish","format-standard","has-post-thumbnail","hentry","category-noticias","post-with-thumbnail","post-with-thumbnail-icon"],"_links":{"self":[{"href":"https:\/\/www.fundacionsancebrian.com\/portal\/wp-json\/wp\/v2\/posts\/12011","targetHints":{"allow":["GET"]}}],"collection":[{"href":"https:\/\/www.fundacionsancebrian.com\/portal\/wp-json\/wp\/v2\/posts"}],"about":[{"href":"https:\/\/www.fundacionsancebrian.com\/portal\/wp-json\/wp\/v2\/types\/post"}],"author":[{"embeddable":true,"href":"https:\/\/www.fundacionsancebrian.com\/portal\/wp-json\/wp\/v2\/users\/1"}],"replies":[{"embeddable":true,"href":"https:\/\/www.fundacionsancebrian.com\/portal\/wp-json\/wp\/v2\/comments?post=12011"}],"version-history":[{"count":3,"href":"https:\/\/www.fundacionsancebrian.com\/portal\/wp-json\/wp\/v2\/posts\/12011\/revisions"}],"predecessor-version":[{"id":12016,"href":"https:\/\/www.fundacionsancebrian.com\/portal\/wp-json\/wp\/v2\/posts\/12011\/revisions\/12016"}],"wp:featuredmedia":[{"embeddable":true,"href":"https:\/\/www.fundacionsancebrian.com\/portal\/wp-json\/wp\/v2\/media\/12012"}],"wp:attachment":[{"href":"https:\/\/www.fundacionsancebrian.com\/portal\/wp-json\/wp\/v2\/media?parent=12011"}],"wp:term":[{"taxonomy":"category","embeddable":true,"href":"https:\/\/www.fundacionsancebrian.com\/portal\/wp-json\/wp\/v2\/categories?post=12011"},{"taxonomy":"post_tag","embeddable":true,"href":"https:\/\/www.fundacionsancebrian.com\/portal\/wp-json\/wp\/v2\/tags?post=12011"}],"curies":[{"name":"wp","href":"https:\/\/api.w.org\/{rel}","templated":true}]}}