{"id":12052,"date":"2024-02-14T11:18:29","date_gmt":"2024-02-14T10:18:29","guid":{"rendered":"https:\/\/www.fundacionsancebrian.com\/portal\/?p=12052"},"modified":"2024-02-14T15:55:56","modified_gmt":"2024-02-14T14:55:56","slug":"los-cocineros-de-los-restaurantes-la-concordia-de-monzon-el-villa-de-fromista-el-gallery-y-el-terra-de-palencia-ponen-el-sabor-al-viii-maraton-de-radio-inclusivo-centrado-en-la-gastronomia-palentin","status":"publish","type":"post","link":"https:\/\/www.fundacionsancebrian.com\/portal\/los-cocineros-de-los-restaurantes-la-concordia-de-monzon-el-villa-de-fromista-el-gallery-y-el-terra-de-palencia-ponen-el-sabor-al-viii-maraton-de-radio-inclusivo-centrado-en-la-gastronomia-palentin\/","title":{"rendered":"Los cocineros de los restaurantes: La Concordia de Monz\u00f3n, el Villa de Fr\u00f3mista, el Gallery y el Terra de Palencia ponen el sabor al VIII Marat\u00f3n de Radio Inclusivo centrado en la gastronom\u00eda palentina"},"content":{"rendered":"<div id=\"pl-12052\"  class=\"panel-layout\" ><div id=\"pg-12052-0\"  class=\"panel-grid panel-has-style\" ><div class=\"panel-row-style panel-row-style-for-12052-0\" ><div id=\"pgc-12052-0-0\"  class=\"panel-grid-cell\" ><div id=\"panel-12052-0-0-0\" class=\"so-panel widget widget_sow-editor panel-first-child panel-last-child\" data-index=\"0\" ><div\n\t\t\t\n\t\t\tclass=\"so-widget-sow-editor so-widget-sow-editor-base\"\n\t\t\t\n\t\t>\n<div class=\"siteorigin-widget-tinymce textwidget\">\n\t<hr \/>\n<p>&nbsp;<\/p>\n<\/div>\n<\/div><\/div><\/div><\/div><\/div><div id=\"pg-12052-1\"  class=\"panel-grid panel-no-style\" ><div id=\"pgc-12052-1-0\"  class=\"panel-grid-cell panel-grid-cell-mobile-last\" ><div id=\"panel-12052-1-0-0\" class=\"so-panel widget widget_sow-image panel-first-child\" data-index=\"1\" ><div class=\"panel-widget-style panel-widget-style-for-12052-1-0-0\" ><div\n\t\t\t\n\t\t\tclass=\"so-widget-sow-image so-widget-sow-image-default-4e6925654b7a-12052\"\n\t\t\t\n\t\t>\n<div class=\"sow-image-container\">\n\t\t<img \n\tsrc=\"https:\/\/www.fundacionsancebrian.com\/portal\/wp-content\/uploads\/2019\/12\/EtR3-e1575535111209.png\" width=\"250\" height=\"50\" sizes=\"(max-width: 250px) 100vw, 250px\" title=\"EtR3\" alt=\"\" \t\tclass=\"so-widget-image\"\/>\n\t<\/div>\n\n<\/div><\/div><\/div><div id=\"panel-12052-1-0-1\" class=\"so-panel widget widget_sow-editor panel-last-child\" data-index=\"2\" ><div class=\"panel-widget-style panel-widget-style-for-12052-1-0-1\" ><div\n\t\t\t\n\t\t\tclass=\"so-widget-sow-editor so-widget-sow-editor-base\"\n\t\t\t\n\t\t>\n<div class=\"siteorigin-widget-tinymce textwidget\">\n\t<div style=\"font-size: 18px; line-height: 1.8em; font-family: Arial;\">\n<p><strong>8 Marat\u00f3n de Radio Inclusivo con tema de la cocina palentina.<\/strong><\/p>\n<p>El 13 de febrero de 2024 fue el D\u00eda Mundial de la Radio.<br \/>\nTambi\u00e9n se celebr\u00f3 el 8 Marat\u00f3n de Radio Inclusivo<br \/>\nse hizo en el Centro Cultural Lecr\u00e1c de Palencia.<br \/>\nel programa se titul\u00f3 con una pizca de radio<br \/>\ny el tema fue la cocina de Palencia.<\/p>\n<p>El marat\u00f3n de radio la organizaron:<\/p>\n<ul>\n<li>Emoci\u00f3nate Radio y El Zimbalillo de Grupo Fundaci\u00f3n San Cebri\u00e1n.<\/li>\n<li>Radio Gurug\u00fa de Hermanas Hospitalarias.<\/li>\n<li>Radio Colores de Fundaci\u00f3n Personas Palencia.<\/li>\n<\/ul>\n<p>y participaron los siguientes chefs:<\/p>\n<ul>\n<li>Roberto Espeso del Bar Gallery.<\/li>\n<li>Roberto Terradillos del Restaurante Terra.<\/li>\n<li>Andoni S\u00e1nchez del restaurante Villa de Fr\u00f3mista.<\/li>\n<li>Camino Le\u00f3n Alvarado del restaurante La Concordia de Monz\u00f3n.<\/li>\n<\/ul>\n<p>Las personas con discapacidad intelectual<br \/>\nque participan en las emisoras de radio<br \/>\nhan entrevistado a los chefs.<\/p>\n<p>Los chefs han hablado de como cocinan<br \/>\ny muchas mas preguntas.<br \/>\nTambi\u00e9n han explicado cosas de la cocina de Palencia.<\/p>\n<p>Adem\u00e1s las personas que participaron<br \/>\ncocinaron junto a los chefs una tapa.<\/p>\n<p>Este evento ha demostrado<br \/>\nque la radio es una herramienta de inclusi\u00f3n<br \/>\ny que la gastronom\u00eda une a las personas.<\/p>\n<\/div>\n<\/div>\n<\/div><\/div><\/div><\/div><div id=\"pgc-12052-1-1\"  class=\"panel-grid-cell panel-grid-cell-empty\" ><\/div><\/div><div id=\"pg-12052-2\"  class=\"panel-grid panel-no-style\" ><div id=\"pgc-12052-2-0\"  class=\"panel-grid-cell\" ><div id=\"panel-12052-2-0-0\" class=\"so-panel widget widget_sow-editor panel-first-child panel-last-child\" data-index=\"3\" ><div\n\t\t\t\n\t\t\tclass=\"so-widget-sow-editor so-widget-sow-editor-base\"\n\t\t\t\n\t\t>\n<div class=\"siteorigin-widget-tinymce textwidget\">\n\t<p>En total cerca 20 personas con discapacidad intelectual han participado esta ma\u00f1ana en el Marat\u00f3n.<\/p>\n<p>Los cocineros de 4 restaurantes palentinos, como son: Roberto Espeso del Bar Gallery; Roberto Terradillos del Restaurante Terra; Andoni S\u00e1nchez del Villa de Fr\u00f3mista y Camino Le\u00f3n Alvarado de La Concordia de Monz\u00f3n han puesto esta ma\u00f1ana el sabor al VIII Marat\u00f3n de Radio Inclusivo \u2018<em>Con una pizca de radio\u2019<\/em> que cada a\u00f1o, y ya van 8 a\u00f1os, organizan de forma conjunta, Hermanas Hospitalarias.<\/p>\n<p>Palencia, Fundaci\u00f3n Personas Palencia y Grupo Fundaci\u00f3n San Cebri\u00e1n, coincidiendo cada 13 de febrero con el D\u00eda Mundial de la Radio.<\/p>\n<p><em><a href=\"https:\/\/www.fundacionsancebrian.com\/portal\/wp-content\/uploads\/2024\/02\/Foto-grupo-Maraton-Radio-scaled.jpg\"><img fetchpriority=\"high\" fetchpriority=\"high\" decoding=\"async\" class=\"alignright wp-image-12053\" src=\"https:\/\/www.fundacionsancebrian.com\/portal\/wp-content\/uploads\/2024\/02\/Foto-grupo-Maraton-Radio-300x225.jpg\" alt=\"\" width=\"450\" height=\"338\" srcset=\"https:\/\/www.fundacionsancebrian.com\/portal\/wp-content\/uploads\/2024\/02\/Foto-grupo-Maraton-Radio-300x225.jpg 300w, https:\/\/www.fundacionsancebrian.com\/portal\/wp-content\/uploads\/2024\/02\/Foto-grupo-Maraton-Radio-1024x768.jpg 1024w, https:\/\/www.fundacionsancebrian.com\/portal\/wp-content\/uploads\/2024\/02\/Foto-grupo-Maraton-Radio-768x576.jpg 768w, https:\/\/www.fundacionsancebrian.com\/portal\/wp-content\/uploads\/2024\/02\/Foto-grupo-Maraton-Radio-1536x1152.jpg 1536w, https:\/\/www.fundacionsancebrian.com\/portal\/wp-content\/uploads\/2024\/02\/Foto-grupo-Maraton-Radio-2048x1536.jpg 2048w\" sizes=\"(max-width: 450px) 100vw, 450px\" \/><\/a>\u201cLa cocina gusta a todo el mundo y motiva a todos, por eso cre\u00edmos que hacer este a\u00f1o el Marat\u00f3n centrado en las cocinas palentinas iba a gustar y a ser divertido<\/em>\u201d, explicaron desde la organizaci\u00f3n, quienes apuntaron que \u201c<em>para las personas que hacen habitualmente radio en las entidad este marat\u00f3n supone un motivo de encuentro y de compartir\u201d<\/em><\/p>\n<p>Cada emisora de radio ha entrevistado a un cocinero, as\u00ed por ejemplo; el equipo del Zimbalillo de la Fundaci\u00f3n del Grupo Fundaci\u00f3n San Cebri\u00e1n abri\u00f3 el Marat\u00f3n entrevist\u00f3 a Roberto Terradillos del restaurante Terra quien destac\u00f3 que \u201c<em>el mayor premio de su trabajo es ver a la gente d\u00eda a d\u00eda cuando entra a su restaurante y la satisfacci\u00f3n de tener a un equipo de trabajo espectacular\u201d.<\/em><\/p>\n<p>Continu\u00f3 el grupo de Radio Colores de Fundaci\u00f3n Personas Palencia que entrevist\u00f3 a Camino Le\u00f3n del Restaurante La Concordia de Monz\u00f3n. Durante su entrevista habl\u00f3 de sus platos tradicionales como \u201c<em>todos los que tienen el nabo como ingrediente fundamental, y est\u00e1 teniendo mucho \u00e9xito porque gusta mucho la verdad sobre todo la ensalada de nabo que es un \u00e9xito\u201d.<\/em><\/p>\n<p>Tras esta entrevista le toc\u00f3 el turno a Emoci\u00f3nate Radio y \u2018Un pa\u00eds de locos\u2019 del Grupo Fundaci\u00f3n San Cebri\u00e1n quienes entrevistaron a Roberto Espeso del Bar Gallery de Palencia quien dijo que su mayor logro en la cocina es \u201c<em>el seguir trabajando 22 a\u00f1os despu\u00e9s\u201d<\/em> y apunt\u00f3 que su cocina<em> \u201chuele a respeto por el cliente para que se sienta como en su casa\u201d .<\/em><\/p>\n<p>Por \u00faltimo, cerr\u00f3 el marat\u00f3n el Grupo de Radio Gurug\u00fa de Hermanas Hospitalarias Palencia entrevistando a Andoni S\u00e1nchez del Villa de Fr\u00f3mista qui\u00e9n reconoci\u00f3 que el olor que siempre le recuerda a su infancia es el \u201c<em>lechazo asado y el olor a encina y eso es lo que no falta nunca en la carta de su restaurante<\/em>\u201d<\/p>\n<p>Las emisoras inclusivas de las tres entidades sociales son: Radio Gurug\u00fa (hermanas Hospitalarias Palencia), Emoci\u00f3nate Radio y Zimbalillo de la Fundaci\u00f3n (Grupo Fundaci\u00f3n San Cebri\u00e1n) y Radio Colores (de Fundaci\u00f3n Personas Palencia) y este a\u00f1o se suman el grupo de radio de Carri\u00f3n de los Condes del Grupo Fundaci\u00f3n San Cebri\u00e1n que participan en el programa \u2018Fiesta de locos\u2019 de Radio Peregrina del CDR de Carri\u00f3n. Los dos integrantes de este grupo de radio participar\u00e1n tambi\u00e9n en las entrevistas.<\/p>\n<p>&nbsp;<\/p>\n<\/div>\n<\/div><\/div><\/div><\/div><div id=\"pg-12052-3\"  class=\"panel-grid panel-no-style\" ><div id=\"pgc-12052-3-0\"  class=\"panel-grid-cell\" ><div id=\"panel-12052-3-0-0\" class=\"so-panel widget widget_sow-editor panel-first-child panel-last-child\" data-index=\"4\" ><div\n\t\t\t\n\t\t\tclass=\"so-widget-sow-editor so-widget-sow-editor-base\"\n\t\t\t\n\t\t>\n<div class=\"siteorigin-widget-tinymce textwidget\">\n\t<h1>Video completo<\/h1>\n<hr \/>\n<p><iframe title=\"YouTube video player\" src=\"https:\/\/www.youtube.com\/embed\/KP03CrvytRQ?si=f2_a62pI4fQXipo1\" width=\"560\" height=\"315\" frameborder=\"0\" allowfullscreen=\"allowfullscreen\"><\/iframe><\/p>\n<\/div>\n<\/div><\/div><\/div><div id=\"pgc-12052-3-1\"  class=\"panel-grid-cell\" ><div id=\"panel-12052-3-1-0\" class=\"so-panel widget widget_sow-editor panel-first-child panel-last-child\" data-index=\"5\" ><div\n\t\t\t\n\t\t\tclass=\"so-widget-sow-editor so-widget-sow-editor-base\"\n\t\t\t\n\t\t>\n<div class=\"siteorigin-widget-tinymce textwidget\">\n\t<h1>Galer\u00eda de fotos<\/h1>\n<hr \/>\n\n\t\t<style type=\"text\/css\">\n\t\t\t#gallery-1 {\n\t\t\t\tmargin: auto;\n\t\t\t}\n\t\t\t#gallery-1 .gallery-item {\n\t\t\t\tfloat: left;\n\t\t\t\tmargin-top: 10px;\n\t\t\t\ttext-align: center;\n\t\t\t\twidth: 33%;\n\t\t\t}\n\t\t\t#gallery-1 img {\n\t\t\t\tborder: 2px solid #cfcfcf;\n\t\t\t}\n\t\t\t#gallery-1 .gallery-caption {\n\t\t\t\tmargin-left: 0;\n\t\t\t}\n\t\t\t\/* see gallery_shortcode() in wp-includes\/media.php *\/\n\t\t<\/style>\n\t\t<div id='gallery-1' class='gallery galleryid-12052 gallery-columns-3 gallery-size-thumbnail'><dl class='gallery-item'>\n\t\t\t<dt class='gallery-icon landscape'>\n\t\t\t\t<a href='https:\/\/www.fundacionsancebrian.com\/portal\/los-cocineros-de-los-restaurantes-la-concordia-de-monzon-el-villa-de-fromista-el-gallery-y-el-terra-de-palencia-ponen-el-sabor-al-viii-maraton-de-radio-inclusivo-centrado-en-la-gastronomia-palentin\/53527046490_16e300aa84_k\/#main'><img decoding=\"async\" width=\"150\" height=\"150\" src=\"https:\/\/www.fundacionsancebrian.com\/portal\/wp-content\/uploads\/2024\/02\/53527046490_16e300aa84_k-150x150.jpg\" class=\"attachment-thumbnail size-thumbnail\" alt=\"\" srcset=\"https:\/\/www.fundacionsancebrian.com\/portal\/wp-content\/uploads\/2024\/02\/53527046490_16e300aa84_k-150x150.jpg 150w, https:\/\/www.fundacionsancebrian.com\/portal\/wp-content\/uploads\/2024\/02\/53527046490_16e300aa84_k-375x375.jpg 375w\" sizes=\"(max-width: 150px) 100vw, 150px\" \/><\/a>\n\t\t\t<\/dt><\/dl><dl class='gallery-item'>\n\t\t\t<dt class='gallery-icon landscape'>\n\t\t\t\t<a href='https:\/\/www.fundacionsancebrian.com\/portal\/los-cocineros-de-los-restaurantes-la-concordia-de-monzon-el-villa-de-fromista-el-gallery-y-el-terra-de-palencia-ponen-el-sabor-al-viii-maraton-de-radio-inclusivo-centrado-en-la-gastronomia-palentin\/53525716087_d2c794f2de_k-1\/#main'><img loading=\"lazy\" decoding=\"async\" width=\"150\" height=\"150\" src=\"https:\/\/www.fundacionsancebrian.com\/portal\/wp-content\/uploads\/2024\/02\/53525716087_d2c794f2de_k-1-150x150.jpg\" class=\"attachment-thumbnail size-thumbnail\" alt=\"\" srcset=\"https:\/\/www.fundacionsancebrian.com\/portal\/wp-content\/uploads\/2024\/02\/53525716087_d2c794f2de_k-1-150x150.jpg 150w, https:\/\/www.fundacionsancebrian.com\/portal\/wp-content\/uploads\/2024\/02\/53525716087_d2c794f2de_k-1-375x375.jpg 375w\" sizes=\"(max-width: 150px) 100vw, 150px\" \/><\/a>\n\t\t\t<\/dt><\/dl><dl class='gallery-item'>\n\t\t\t<dt class='gallery-icon landscape'>\n\t\t\t\t<a href='https:\/\/www.fundacionsancebrian.com\/portal\/los-cocineros-de-los-restaurantes-la-concordia-de-monzon-el-villa-de-fromista-el-gallery-y-el-terra-de-palencia-ponen-el-sabor-al-viii-maraton-de-radio-inclusivo-centrado-en-la-gastronomia-palentin\/53527055615_7493cdfcca_k\/#main'><img loading=\"lazy\" decoding=\"async\" width=\"150\" height=\"150\" src=\"https:\/\/www.fundacionsancebrian.com\/portal\/wp-content\/uploads\/2024\/02\/53527055615_7493cdfcca_k-150x150.jpg\" class=\"attachment-thumbnail size-thumbnail\" alt=\"\" srcset=\"https:\/\/www.fundacionsancebrian.com\/portal\/wp-content\/uploads\/2024\/02\/53527055615_7493cdfcca_k-150x150.jpg 150w, https:\/\/www.fundacionsancebrian.com\/portal\/wp-content\/uploads\/2024\/02\/53527055615_7493cdfcca_k-375x375.jpg 375w\" sizes=\"(max-width: 150px) 100vw, 150px\" \/><\/a>\n\t\t\t<\/dt><\/dl><br style=\"clear: both\" \/><dl class='gallery-item'>\n\t\t\t<dt class='gallery-icon landscape'>\n\t\t\t\t<a href='https:\/\/www.fundacionsancebrian.com\/portal\/los-cocineros-de-los-restaurantes-la-concordia-de-monzon-el-villa-de-fromista-el-gallery-y-el-terra-de-palencia-ponen-el-sabor-al-viii-maraton-de-radio-inclusivo-centrado-en-la-gastronomia-palentin\/53526625396_39e72b17e9_k\/#main'><img loading=\"lazy\" decoding=\"async\" width=\"150\" height=\"150\" src=\"https:\/\/www.fundacionsancebrian.com\/portal\/wp-content\/uploads\/2024\/02\/53526625396_39e72b17e9_k-150x150.jpg\" class=\"attachment-thumbnail size-thumbnail\" alt=\"\" srcset=\"https:\/\/www.fundacionsancebrian.com\/portal\/wp-content\/uploads\/2024\/02\/53526625396_39e72b17e9_k-150x150.jpg 150w, https:\/\/www.fundacionsancebrian.com\/portal\/wp-content\/uploads\/2024\/02\/53526625396_39e72b17e9_k-375x375.jpg 375w\" sizes=\"(max-width: 150px) 100vw, 150px\" \/><\/a>\n\t\t\t<\/dt><\/dl><dl class='gallery-item'>\n\t\t\t<dt class='gallery-icon landscape'>\n\t\t\t\t<a href='https:\/\/www.fundacionsancebrian.com\/portal\/los-cocineros-de-los-restaurantes-la-concordia-de-monzon-el-villa-de-fromista-el-gallery-y-el-terra-de-palencia-ponen-el-sabor-al-viii-maraton-de-radio-inclusivo-centrado-en-la-gastronomia-palentin\/53526800958_16a93c19d6_k\/#main'><img loading=\"lazy\" decoding=\"async\" width=\"150\" height=\"150\" src=\"https:\/\/www.fundacionsancebrian.com\/portal\/wp-content\/uploads\/2024\/02\/53526800958_16a93c19d6_k-150x150.jpg\" class=\"attachment-thumbnail size-thumbnail\" alt=\"\" srcset=\"https:\/\/www.fundacionsancebrian.com\/portal\/wp-content\/uploads\/2024\/02\/53526800958_16a93c19d6_k-150x150.jpg 150w, https:\/\/www.fundacionsancebrian.com\/portal\/wp-content\/uploads\/2024\/02\/53526800958_16a93c19d6_k-375x375.jpg 375w\" sizes=\"(max-width: 150px) 100vw, 150px\" \/><\/a>\n\t\t\t<\/dt><\/dl><dl class='gallery-item'>\n\t\t\t<dt class='gallery-icon landscape'>\n\t\t\t\t<a href='https:\/\/www.fundacionsancebrian.com\/portal\/los-cocineros-de-los-restaurantes-la-concordia-de-monzon-el-villa-de-fromista-el-gallery-y-el-terra-de-palencia-ponen-el-sabor-al-viii-maraton-de-radio-inclusivo-centrado-en-la-gastronomia-palentin\/53527056530_b72e1d076a_k\/#main'><img loading=\"lazy\" decoding=\"async\" width=\"150\" height=\"150\" src=\"https:\/\/www.fundacionsancebrian.com\/portal\/wp-content\/uploads\/2024\/02\/53527056530_b72e1d076a_k-150x150.jpg\" class=\"attachment-thumbnail size-thumbnail\" alt=\"\" srcset=\"https:\/\/www.fundacionsancebrian.com\/portal\/wp-content\/uploads\/2024\/02\/53527056530_b72e1d076a_k-150x150.jpg 150w, https:\/\/www.fundacionsancebrian.com\/portal\/wp-content\/uploads\/2024\/02\/53527056530_b72e1d076a_k-375x375.jpg 375w\" sizes=\"(max-width: 150px) 100vw, 150px\" \/><\/a>\n\t\t\t<\/dt><\/dl><br style=\"clear: both\" \/><dl class='gallery-item'>\n\t\t\t<dt class='gallery-icon landscape'>\n\t\t\t\t<a href='https:\/\/www.fundacionsancebrian.com\/portal\/los-cocineros-de-los-restaurantes-la-concordia-de-monzon-el-villa-de-fromista-el-gallery-y-el-terra-de-palencia-ponen-el-sabor-al-viii-maraton-de-radio-inclusivo-centrado-en-la-gastronomia-palentin\/53526802458_5c6cbe0b72_k\/#main'><img loading=\"lazy\" decoding=\"async\" width=\"150\" height=\"150\" src=\"https:\/\/www.fundacionsancebrian.com\/portal\/wp-content\/uploads\/2024\/02\/53526802458_5c6cbe0b72_k-150x150.jpg\" class=\"attachment-thumbnail size-thumbnail\" alt=\"\" srcset=\"https:\/\/www.fundacionsancebrian.com\/portal\/wp-content\/uploads\/2024\/02\/53526802458_5c6cbe0b72_k-150x150.jpg 150w, https:\/\/www.fundacionsancebrian.com\/portal\/wp-content\/uploads\/2024\/02\/53526802458_5c6cbe0b72_k-375x375.jpg 375w\" sizes=\"(max-width: 150px) 100vw, 150px\" \/><\/a>\n\t\t\t<\/dt><\/dl><dl class='gallery-item'>\n\t\t\t<dt class='gallery-icon landscape'>\n\t\t\t\t<a href='https:\/\/www.fundacionsancebrian.com\/portal\/los-cocineros-de-los-restaurantes-la-concordia-de-monzon-el-villa-de-fromista-el-gallery-y-el-terra-de-palencia-ponen-el-sabor-al-viii-maraton-de-radio-inclusivo-centrado-en-la-gastronomia-palentin\/53526938104_73a0479559_k\/#main'><img loading=\"lazy\" decoding=\"async\" width=\"150\" height=\"150\" src=\"https:\/\/www.fundacionsancebrian.com\/portal\/wp-content\/uploads\/2024\/02\/53526938104_73a0479559_k-150x150.jpg\" class=\"attachment-thumbnail size-thumbnail\" alt=\"\" srcset=\"https:\/\/www.fundacionsancebrian.com\/portal\/wp-content\/uploads\/2024\/02\/53526938104_73a0479559_k-150x150.jpg 150w, https:\/\/www.fundacionsancebrian.com\/portal\/wp-content\/uploads\/2024\/02\/53526938104_73a0479559_k-375x375.jpg 375w\" sizes=\"(max-width: 150px) 100vw, 150px\" \/><\/a>\n\t\t\t<\/dt><\/dl><dl class='gallery-item'>\n\t\t\t<dt class='gallery-icon landscape'>\n\t\t\t\t<a href='https:\/\/www.fundacionsancebrian.com\/portal\/los-cocineros-de-los-restaurantes-la-concordia-de-monzon-el-villa-de-fromista-el-gallery-y-el-terra-de-palencia-ponen-el-sabor-al-viii-maraton-de-radio-inclusivo-centrado-en-la-gastronomia-palentin\/53526626871_4e98967cce_k\/#main'><img loading=\"lazy\" decoding=\"async\" width=\"150\" height=\"150\" src=\"https:\/\/www.fundacionsancebrian.com\/portal\/wp-content\/uploads\/2024\/02\/53526626871_4e98967cce_k-150x150.jpg\" class=\"attachment-thumbnail size-thumbnail\" alt=\"\" srcset=\"https:\/\/www.fundacionsancebrian.com\/portal\/wp-content\/uploads\/2024\/02\/53526626871_4e98967cce_k-150x150.jpg 150w, https:\/\/www.fundacionsancebrian.com\/portal\/wp-content\/uploads\/2024\/02\/53526626871_4e98967cce_k-375x375.jpg 375w\" sizes=\"(max-width: 150px) 100vw, 150px\" \/><\/a>\n\t\t\t<\/dt><\/dl><br style=\"clear: both\" \/><dl class='gallery-item'>\n\t\t\t<dt class='gallery-icon landscape'>\n\t\t\t\t<a href='https:\/\/www.fundacionsancebrian.com\/portal\/los-cocineros-de-los-restaurantes-la-concordia-de-monzon-el-villa-de-fromista-el-gallery-y-el-terra-de-palencia-ponen-el-sabor-al-viii-maraton-de-radio-inclusivo-centrado-en-la-gastronomia-palentin\/53525715172_b8a946fdd3_k\/#main'><img loading=\"lazy\" decoding=\"async\" width=\"150\" height=\"150\" src=\"https:\/\/www.fundacionsancebrian.com\/portal\/wp-content\/uploads\/2024\/02\/53525715172_b8a946fdd3_k-150x150.jpg\" class=\"attachment-thumbnail size-thumbnail\" alt=\"\" srcset=\"https:\/\/www.fundacionsancebrian.com\/portal\/wp-content\/uploads\/2024\/02\/53525715172_b8a946fdd3_k-150x150.jpg 150w, https:\/\/www.fundacionsancebrian.com\/portal\/wp-content\/uploads\/2024\/02\/53525715172_b8a946fdd3_k-375x375.jpg 375w\" sizes=\"(max-width: 150px) 100vw, 150px\" \/><\/a>\n\t\t\t<\/dt><\/dl><dl class='gallery-item'>\n\t\t\t<dt class='gallery-icon portrait'>\n\t\t\t\t<a href='https:\/\/www.fundacionsancebrian.com\/portal\/los-cocineros-de-los-restaurantes-la-concordia-de-monzon-el-villa-de-fromista-el-gallery-y-el-terra-de-palencia-ponen-el-sabor-al-viii-maraton-de-radio-inclusivo-centrado-en-la-gastronomia-palentin\/53525710322_7dfd8c6a7a_k\/#main'><img loading=\"lazy\" decoding=\"async\" width=\"150\" height=\"150\" src=\"https:\/\/www.fundacionsancebrian.com\/portal\/wp-content\/uploads\/2024\/02\/53525710322_7dfd8c6a7a_k-150x150.jpg\" class=\"attachment-thumbnail size-thumbnail\" alt=\"\" srcset=\"https:\/\/www.fundacionsancebrian.com\/portal\/wp-content\/uploads\/2024\/02\/53525710322_7dfd8c6a7a_k-150x150.jpg 150w, https:\/\/www.fundacionsancebrian.com\/portal\/wp-content\/uploads\/2024\/02\/53525710322_7dfd8c6a7a_k-375x375.jpg 375w\" sizes=\"(max-width: 150px) 100vw, 150px\" \/><\/a>\n\t\t\t<\/dt><\/dl><dl class='gallery-item'>\n\t\t\t<dt class='gallery-icon portrait'>\n\t\t\t\t<a href='https:\/\/www.fundacionsancebrian.com\/portal\/los-cocineros-de-los-restaurantes-la-concordia-de-monzon-el-villa-de-fromista-el-gallery-y-el-terra-de-palencia-ponen-el-sabor-al-viii-maraton-de-radio-inclusivo-centrado-en-la-gastronomia-palentin\/53526611331_7ec92f246c_k\/#main'><img loading=\"lazy\" decoding=\"async\" width=\"150\" height=\"150\" src=\"https:\/\/www.fundacionsancebrian.com\/portal\/wp-content\/uploads\/2024\/02\/53526611331_7ec92f246c_k-150x150.jpg\" class=\"attachment-thumbnail size-thumbnail\" alt=\"\" srcset=\"https:\/\/www.fundacionsancebrian.com\/portal\/wp-content\/uploads\/2024\/02\/53526611331_7ec92f246c_k-150x150.jpg 150w, https:\/\/www.fundacionsancebrian.com\/portal\/wp-content\/uploads\/2024\/02\/53526611331_7ec92f246c_k-375x375.jpg 375w\" sizes=\"(max-width: 150px) 100vw, 150px\" \/><\/a>\n\t\t\t<\/dt><\/dl><br style=\"clear: both\" \/><dl class='gallery-item'>\n\t\t\t<dt class='gallery-icon portrait'>\n\t\t\t\t<a href='https:\/\/www.fundacionsancebrian.com\/portal\/los-cocineros-de-los-restaurantes-la-concordia-de-monzon-el-villa-de-fromista-el-gallery-y-el-terra-de-palencia-ponen-el-sabor-al-viii-maraton-de-radio-inclusivo-centrado-en-la-gastronomia-palentin\/53527041630_c313f5d250_k\/#main'><img loading=\"lazy\" decoding=\"async\" width=\"150\" height=\"150\" src=\"https:\/\/www.fundacionsancebrian.com\/portal\/wp-content\/uploads\/2024\/02\/53527041630_c313f5d250_k-150x150.jpg\" class=\"attachment-thumbnail size-thumbnail\" alt=\"\" srcset=\"https:\/\/www.fundacionsancebrian.com\/portal\/wp-content\/uploads\/2024\/02\/53527041630_c313f5d250_k-150x150.jpg 150w, https:\/\/www.fundacionsancebrian.com\/portal\/wp-content\/uploads\/2024\/02\/53527041630_c313f5d250_k-375x375.jpg 375w\" sizes=\"(max-width: 150px) 100vw, 150px\" \/><\/a>\n\t\t\t<\/dt><\/dl><dl class='gallery-item'>\n\t\t\t<dt class='gallery-icon portrait'>\n\t\t\t\t<a href='https:\/\/www.fundacionsancebrian.com\/portal\/los-cocineros-de-los-restaurantes-la-concordia-de-monzon-el-villa-de-fromista-el-gallery-y-el-terra-de-palencia-ponen-el-sabor-al-viii-maraton-de-radio-inclusivo-centrado-en-la-gastronomia-palentin\/53526611026_e74d261542_k\/#main'><img loading=\"lazy\" decoding=\"async\" width=\"150\" height=\"150\" src=\"https:\/\/www.fundacionsancebrian.com\/portal\/wp-content\/uploads\/2024\/02\/53526611026_e74d261542_k-150x150.jpg\" class=\"attachment-thumbnail size-thumbnail\" alt=\"\" srcset=\"https:\/\/www.fundacionsancebrian.com\/portal\/wp-content\/uploads\/2024\/02\/53526611026_e74d261542_k-150x150.jpg 150w, https:\/\/www.fundacionsancebrian.com\/portal\/wp-content\/uploads\/2024\/02\/53526611026_e74d261542_k-375x375.jpg 375w\" sizes=\"(max-width: 150px) 100vw, 150px\" \/><\/a>\n\t\t\t<\/dt><\/dl><dl class='gallery-item'>\n\t\t\t<dt class='gallery-icon portrait'>\n\t\t\t\t<a href='https:\/\/www.fundacionsancebrian.com\/portal\/los-cocineros-de-los-restaurantes-la-concordia-de-monzon-el-villa-de-fromista-el-gallery-y-el-terra-de-palencia-ponen-el-sabor-al-viii-maraton-de-radio-inclusivo-centrado-en-la-gastronomia-palentin\/53526787288_9c939853a6_k\/#main'><img loading=\"lazy\" decoding=\"async\" width=\"150\" height=\"150\" src=\"https:\/\/www.fundacionsancebrian.com\/portal\/wp-content\/uploads\/2024\/02\/53526787288_9c939853a6_k-150x150.jpg\" class=\"attachment-thumbnail size-thumbnail\" alt=\"\" srcset=\"https:\/\/www.fundacionsancebrian.com\/portal\/wp-content\/uploads\/2024\/02\/53526787288_9c939853a6_k-150x150.jpg 150w, https:\/\/www.fundacionsancebrian.com\/portal\/wp-content\/uploads\/2024\/02\/53526787288_9c939853a6_k-375x375.jpg 375w\" sizes=\"(max-width: 150px) 100vw, 150px\" \/><\/a>\n\t\t\t<\/dt><\/dl><br style=\"clear: both\" \/><dl class='gallery-item'>\n\t\t\t<dt class='gallery-icon portrait'>\n\t\t\t\t<a href='https:\/\/www.fundacionsancebrian.com\/portal\/los-cocineros-de-los-restaurantes-la-concordia-de-monzon-el-villa-de-fromista-el-gallery-y-el-terra-de-palencia-ponen-el-sabor-al-viii-maraton-de-radio-inclusivo-centrado-en-la-gastronomia-palentin\/53526610986_c088155ab4_k\/#main'><img loading=\"lazy\" decoding=\"async\" width=\"150\" height=\"150\" src=\"https:\/\/www.fundacionsancebrian.com\/portal\/wp-content\/uploads\/2024\/02\/53526610986_c088155ab4_k-150x150.jpg\" class=\"attachment-thumbnail size-thumbnail\" alt=\"\" srcset=\"https:\/\/www.fundacionsancebrian.com\/portal\/wp-content\/uploads\/2024\/02\/53526610986_c088155ab4_k-150x150.jpg 150w, https:\/\/www.fundacionsancebrian.com\/portal\/wp-content\/uploads\/2024\/02\/53526610986_c088155ab4_k-375x375.jpg 375w\" sizes=\"(max-width: 150px) 100vw, 150px\" \/><\/a>\n\t\t\t<\/dt><\/dl><dl class='gallery-item'>\n\t\t\t<dt class='gallery-icon portrait'>\n\t\t\t\t<a href='https:\/\/www.fundacionsancebrian.com\/portal\/los-cocineros-de-los-restaurantes-la-concordia-de-monzon-el-villa-de-fromista-el-gallery-y-el-terra-de-palencia-ponen-el-sabor-al-viii-maraton-de-radio-inclusivo-centrado-en-la-gastronomia-palentin\/53526922709_eaa88dba04_k\/#main'><img loading=\"lazy\" decoding=\"async\" width=\"150\" height=\"150\" src=\"https:\/\/www.fundacionsancebrian.com\/portal\/wp-content\/uploads\/2024\/02\/53526922709_eaa88dba04_k-150x150.jpg\" class=\"attachment-thumbnail size-thumbnail\" alt=\"\" srcset=\"https:\/\/www.fundacionsancebrian.com\/portal\/wp-content\/uploads\/2024\/02\/53526922709_eaa88dba04_k-150x150.jpg 150w, https:\/\/www.fundacionsancebrian.com\/portal\/wp-content\/uploads\/2024\/02\/53526922709_eaa88dba04_k-375x375.jpg 375w\" sizes=\"(max-width: 150px) 100vw, 150px\" \/><\/a>\n\t\t\t<\/dt><\/dl><dl class='gallery-item'>\n\t\t\t<dt class='gallery-icon landscape'>\n\t\t\t\t<a href='https:\/\/www.fundacionsancebrian.com\/portal\/los-cocineros-de-los-restaurantes-la-concordia-de-monzon-el-villa-de-fromista-el-gallery-y-el-terra-de-palencia-ponen-el-sabor-al-viii-maraton-de-radio-inclusivo-centrado-en-la-gastronomia-palentin\/53525709792_d62f1084b9_k\/#main'><img loading=\"lazy\" decoding=\"async\" width=\"150\" height=\"150\" src=\"https:\/\/www.fundacionsancebrian.com\/portal\/wp-content\/uploads\/2024\/02\/53525709792_d62f1084b9_k-150x150.jpg\" class=\"attachment-thumbnail size-thumbnail\" alt=\"\" srcset=\"https:\/\/www.fundacionsancebrian.com\/portal\/wp-content\/uploads\/2024\/02\/53525709792_d62f1084b9_k-150x150.jpg 150w, https:\/\/www.fundacionsancebrian.com\/portal\/wp-content\/uploads\/2024\/02\/53525709792_d62f1084b9_k-375x375.jpg 375w\" sizes=\"(max-width: 150px) 100vw, 150px\" \/><\/a>\n\t\t\t<\/dt><\/dl><br style=\"clear: both\" \/><dl class='gallery-item'>\n\t\t\t<dt class='gallery-icon landscape'>\n\t\t\t\t<a href='https:\/\/www.fundacionsancebrian.com\/portal\/los-cocineros-de-los-restaurantes-la-concordia-de-monzon-el-villa-de-fromista-el-gallery-y-el-terra-de-palencia-ponen-el-sabor-al-viii-maraton-de-radio-inclusivo-centrado-en-la-gastronomia-palentin\/fundacion-personas-con-camino-leon-de-la-concordia\/#main'><img loading=\"lazy\" decoding=\"async\" width=\"150\" height=\"150\" src=\"https:\/\/www.fundacionsancebrian.com\/portal\/wp-content\/uploads\/2024\/02\/Fundacion-personas-con-Camino-Leon-de-la-Concordia-150x150.jpg\" class=\"attachment-thumbnail size-thumbnail\" alt=\"\" srcset=\"https:\/\/www.fundacionsancebrian.com\/portal\/wp-content\/uploads\/2024\/02\/Fundacion-personas-con-Camino-Leon-de-la-Concordia-150x150.jpg 150w, https:\/\/www.fundacionsancebrian.com\/portal\/wp-content\/uploads\/2024\/02\/Fundacion-personas-con-Camino-Leon-de-la-Concordia-375x375.jpg 375w\" sizes=\"(max-width: 150px) 100vw, 150px\" \/><\/a>\n\t\t\t<\/dt><\/dl><dl class='gallery-item'>\n\t\t\t<dt class='gallery-icon landscape'>\n\t\t\t\t<a href='https:\/\/www.fundacionsancebrian.com\/portal\/los-cocineros-de-los-restaurantes-la-concordia-de-monzon-el-villa-de-fromista-el-gallery-y-el-terra-de-palencia-ponen-el-sabor-al-viii-maraton-de-radio-inclusivo-centrado-en-la-gastronomia-palentin\/hermanas-hospitalarias-con-andoni-sanchez\/#main'><img loading=\"lazy\" decoding=\"async\" width=\"150\" height=\"150\" src=\"https:\/\/www.fundacionsancebrian.com\/portal\/wp-content\/uploads\/2024\/02\/Hermanas-Hospitalarias-con-Andoni-Sanchez-150x150.jpg\" class=\"attachment-thumbnail size-thumbnail\" alt=\"\" srcset=\"https:\/\/www.fundacionsancebrian.com\/portal\/wp-content\/uploads\/2024\/02\/Hermanas-Hospitalarias-con-Andoni-Sanchez-150x150.jpg 150w, https:\/\/www.fundacionsancebrian.com\/portal\/wp-content\/uploads\/2024\/02\/Hermanas-Hospitalarias-con-Andoni-Sanchez-375x375.jpg 375w\" sizes=\"(max-width: 150px) 100vw, 150px\" \/><\/a>\n\t\t\t<\/dt><\/dl><dl class='gallery-item'>\n\t\t\t<dt class='gallery-icon landscape'>\n\t\t\t\t<a href='https:\/\/www.fundacionsancebrian.com\/portal\/los-cocineros-de-los-restaurantes-la-concordia-de-monzon-el-villa-de-fromista-el-gallery-y-el-terra-de-palencia-ponen-el-sabor-al-viii-maraton-de-radio-inclusivo-centrado-en-la-gastronomia-palentin\/53525724402_694a2683a2_k\/#main'><img loading=\"lazy\" decoding=\"async\" width=\"150\" height=\"150\" src=\"https:\/\/www.fundacionsancebrian.com\/portal\/wp-content\/uploads\/2024\/02\/53525724402_694a2683a2_k-150x150.jpg\" class=\"attachment-thumbnail size-thumbnail\" alt=\"\" srcset=\"https:\/\/www.fundacionsancebrian.com\/portal\/wp-content\/uploads\/2024\/02\/53525724402_694a2683a2_k-150x150.jpg 150w, https:\/\/www.fundacionsancebrian.com\/portal\/wp-content\/uploads\/2024\/02\/53525724402_694a2683a2_k-375x375.jpg 375w\" sizes=\"(max-width: 150px) 100vw, 150px\" \/><\/a>\n\t\t\t<\/dt><\/dl><br style=\"clear: both\" \/><dl class='gallery-item'>\n\t\t\t<dt class='gallery-icon landscape'>\n\t\t\t\t<a href='https:\/\/www.fundacionsancebrian.com\/portal\/los-cocineros-de-los-restaurantes-la-concordia-de-monzon-el-villa-de-fromista-el-gallery-y-el-terra-de-palencia-ponen-el-sabor-al-viii-maraton-de-radio-inclusivo-centrado-en-la-gastronomia-palentin\/grupo-fundacion-san-cebrian-con-roberto-terradillos\/#main'><img loading=\"lazy\" decoding=\"async\" width=\"150\" height=\"150\" src=\"https:\/\/www.fundacionsancebrian.com\/portal\/wp-content\/uploads\/2024\/02\/Grupo-Fundacion-San-Cebrian-con-Roberto-Terradillos-150x150.jpg\" class=\"attachment-thumbnail size-thumbnail\" alt=\"\" srcset=\"https:\/\/www.fundacionsancebrian.com\/portal\/wp-content\/uploads\/2024\/02\/Grupo-Fundacion-San-Cebrian-con-Roberto-Terradillos-150x150.jpg 150w, https:\/\/www.fundacionsancebrian.com\/portal\/wp-content\/uploads\/2024\/02\/Grupo-Fundacion-San-Cebrian-con-Roberto-Terradillos-375x375.jpg 375w\" sizes=\"(max-width: 150px) 100vw, 150px\" \/><\/a>\n\t\t\t<\/dt><\/dl><dl class='gallery-item'>\n\t\t\t<dt class='gallery-icon landscape'>\n\t\t\t\t<a href='https:\/\/www.fundacionsancebrian.com\/portal\/los-cocineros-de-los-restaurantes-la-concordia-de-monzon-el-villa-de-fromista-el-gallery-y-el-terra-de-palencia-ponen-el-sabor-al-viii-maraton-de-radio-inclusivo-centrado-en-la-gastronomia-palentin\/53526792783_41e3209339_k\/#main'><img loading=\"lazy\" decoding=\"async\" width=\"150\" height=\"150\" src=\"https:\/\/www.fundacionsancebrian.com\/portal\/wp-content\/uploads\/2024\/02\/53526792783_41e3209339_k-150x150.jpg\" class=\"attachment-thumbnail size-thumbnail\" alt=\"\" srcset=\"https:\/\/www.fundacionsancebrian.com\/portal\/wp-content\/uploads\/2024\/02\/53526792783_41e3209339_k-150x150.jpg 150w, https:\/\/www.fundacionsancebrian.com\/portal\/wp-content\/uploads\/2024\/02\/53526792783_41e3209339_k-375x375.jpg 375w\" sizes=\"(max-width: 150px) 100vw, 150px\" \/><\/a>\n\t\t\t<\/dt><\/dl><dl class='gallery-item'>\n\t\t\t<dt class='gallery-icon landscape'>\n\t\t\t\t<a href='https:\/\/www.fundacionsancebrian.com\/portal\/los-cocineros-de-los-restaurantes-la-concordia-de-monzon-el-villa-de-fromista-el-gallery-y-el-terra-de-palencia-ponen-el-sabor-al-viii-maraton-de-radio-inclusivo-centrado-en-la-gastronomia-palentin\/53525715612_21f1477a5f_k\/#main'><img loading=\"lazy\" decoding=\"async\" width=\"150\" height=\"150\" src=\"https:\/\/www.fundacionsancebrian.com\/portal\/wp-content\/uploads\/2024\/02\/53525715612_21f1477a5f_k-150x150.jpg\" class=\"attachment-thumbnail size-thumbnail\" alt=\"\" srcset=\"https:\/\/www.fundacionsancebrian.com\/portal\/wp-content\/uploads\/2024\/02\/53525715612_21f1477a5f_k-150x150.jpg 150w, https:\/\/www.fundacionsancebrian.com\/portal\/wp-content\/uploads\/2024\/02\/53525715612_21f1477a5f_k-375x375.jpg 375w\" sizes=\"(max-width: 150px) 100vw, 150px\" \/><\/a>\n\t\t\t<\/dt><\/dl><br style=\"clear: both\" \/><dl class='gallery-item'>\n\t\t\t<dt class='gallery-icon landscape'>\n\t\t\t\t<a href='https:\/\/www.fundacionsancebrian.com\/portal\/los-cocineros-de-los-restaurantes-la-concordia-de-monzon-el-villa-de-fromista-el-gallery-y-el-terra-de-palencia-ponen-el-sabor-al-viii-maraton-de-radio-inclusivo-centrado-en-la-gastronomia-palentin\/53525716087_d2c794f2de_k\/#main'><img loading=\"lazy\" decoding=\"async\" width=\"150\" height=\"150\" src=\"https:\/\/www.fundacionsancebrian.com\/portal\/wp-content\/uploads\/2024\/02\/53525716087_d2c794f2de_k-150x150.jpg\" class=\"attachment-thumbnail size-thumbnail\" alt=\"\" srcset=\"https:\/\/www.fundacionsancebrian.com\/portal\/wp-content\/uploads\/2024\/02\/53525716087_d2c794f2de_k-150x150.jpg 150w, https:\/\/www.fundacionsancebrian.com\/portal\/wp-content\/uploads\/2024\/02\/53525716087_d2c794f2de_k-375x375.jpg 375w\" sizes=\"(max-width: 150px) 100vw, 150px\" \/><\/a>\n\t\t\t<\/dt><\/dl>\n\t\t\t<br style='clear: both' \/>\n\t\t<\/div>\n\n<p>&nbsp;<\/p>\n<\/div>\n<\/div><\/div><\/div><\/div><\/div>","protected":false},"excerpt":{"rendered":"<p>&nbsp; 8 Marat\u00f3n de Radio Inclusivo con tema de la cocina palentina. El 13 de febrero de 2024 fue el D\u00eda Mundial de la Radio. Tambi\u00e9n se celebr\u00f3 el 8 Marat\u00f3n de Radio Inclusivo se hizo en el Centro Cultural Lecr\u00e1c de Palencia. el programa se titul\u00f3 con una pizca de radio y el tema [&hellip;]<\/p>\n","protected":false},"author":1,"featured_media":12063,"comment_status":"closed","ping_status":"open","sticky":false,"template":"","format":"standard","meta":{"_seopress_robots_primary_cat":"","_seopress_titles_title":"","_seopress_titles_desc":"","_seopress_robots_index":"","_eb_attr":"","footnotes":""},"categories":[8],"tags":[],"class_list":["post-12052","post","type-post","status-publish","format-standard","has-post-thumbnail","hentry","category-noticias","post-with-thumbnail","post-with-thumbnail-icon"],"_links":{"self":[{"href":"https:\/\/www.fundacionsancebrian.com\/portal\/wp-json\/wp\/v2\/posts\/12052","targetHints":{"allow":["GET"]}}],"collection":[{"href":"https:\/\/www.fundacionsancebrian.com\/portal\/wp-json\/wp\/v2\/posts"}],"about":[{"href":"https:\/\/www.fundacionsancebrian.com\/portal\/wp-json\/wp\/v2\/types\/post"}],"author":[{"embeddable":true,"href":"https:\/\/www.fundacionsancebrian.com\/portal\/wp-json\/wp\/v2\/users\/1"}],"replies":[{"embeddable":true,"href":"https:\/\/www.fundacionsancebrian.com\/portal\/wp-json\/wp\/v2\/comments?post=12052"}],"version-history":[{"count":5,"href":"https:\/\/www.fundacionsancebrian.com\/portal\/wp-json\/wp\/v2\/posts\/12052\/revisions"}],"predecessor-version":[{"id":12086,"href":"https:\/\/www.fundacionsancebrian.com\/portal\/wp-json\/wp\/v2\/posts\/12052\/revisions\/12086"}],"wp:featuredmedia":[{"embeddable":true,"href":"https:\/\/www.fundacionsancebrian.com\/portal\/wp-json\/wp\/v2\/media\/12063"}],"wp:attachment":[{"href":"https:\/\/www.fundacionsancebrian.com\/portal\/wp-json\/wp\/v2\/media?parent=12052"}],"wp:term":[{"taxonomy":"category","embeddable":true,"href":"https:\/\/www.fundacionsancebrian.com\/portal\/wp-json\/wp\/v2\/categories?post=12052"},{"taxonomy":"post_tag","embeddable":true,"href":"https:\/\/www.fundacionsancebrian.com\/portal\/wp-json\/wp\/v2\/tags?post=12052"}],"curies":[{"name":"wp","href":"https:\/\/api.w.org\/{rel}","templated":true}]}}