{"id":12095,"date":"2024-02-19T16:30:30","date_gmt":"2024-02-19T15:30:30","guid":{"rendered":"https:\/\/www.fundacionsancebrian.com\/portal\/?p=12095"},"modified":"2024-02-20T11:47:30","modified_gmt":"2024-02-20T10:47:30","slug":"nueve-personas-desempleadas-reciben-el-titulo-en-atencion-sociosanitaria-a-la-dependencia-gracias-al-programa-mixto-de-la-junta-desarrollado-en-el-grupo-fundacion-san-cebrian","status":"publish","type":"post","link":"https:\/\/www.fundacionsancebrian.com\/portal\/nueve-personas-desempleadas-reciben-el-titulo-en-atencion-sociosanitaria-a-la-dependencia-gracias-al-programa-mixto-de-la-junta-desarrollado-en-el-grupo-fundacion-san-cebrian\/","title":{"rendered":"Nueve personas desempleadas reciben el t\u00edtulo en atenci\u00f3n sociosanitaria a la dependencia, gracias al Programa Mixto de la Junta, desarrollado en el Grupo Fundaci\u00f3n San Cebri\u00e1n"},"content":{"rendered":"<div id=\"pl-12095\"  class=\"panel-layout\" ><div id=\"pg-12095-0\"  class=\"panel-grid panel-has-style\" ><div class=\"panel-row-style panel-row-style-for-12095-0\" ><div id=\"pgc-12095-0-0\"  class=\"panel-grid-cell\" ><div id=\"panel-12095-0-0-0\" class=\"so-panel widget widget_sow-editor panel-first-child panel-last-child\" data-index=\"0\" ><div\n\t\t\t\n\t\t\tclass=\"so-widget-sow-editor so-widget-sow-editor-base\"\n\t\t\t\n\t\t>\n<div class=\"siteorigin-widget-tinymce textwidget\">\n\t<hr \/>\n<p>&nbsp;<\/p>\n<\/div>\n<\/div><\/div><\/div><\/div><\/div><div id=\"pg-12095-1\"  class=\"panel-grid panel-no-style\" ><div id=\"pgc-12095-1-0\"  class=\"panel-grid-cell panel-grid-cell-mobile-last\" ><div id=\"panel-12095-1-0-0\" class=\"so-panel widget widget_sow-image panel-first-child\" data-index=\"1\" ><div class=\"panel-widget-style panel-widget-style-for-12095-1-0-0\" ><div\n\t\t\t\n\t\t\tclass=\"so-widget-sow-image so-widget-sow-image-default-4e6925654b7a-12095\"\n\t\t\t\n\t\t>\n<div class=\"sow-image-container\">\n\t\t<img \n\tsrc=\"https:\/\/www.fundacionsancebrian.com\/portal\/wp-content\/uploads\/2019\/12\/EtR3-e1575535111209.png\" width=\"250\" height=\"50\" sizes=\"(max-width: 250px) 100vw, 250px\" title=\"EtR3\" alt=\"\" \t\tclass=\"so-widget-image\"\/>\n\t<\/div>\n\n<\/div><\/div><\/div><div id=\"panel-12095-1-0-1\" class=\"so-panel widget widget_sow-editor panel-last-child\" data-index=\"2\" ><div class=\"panel-widget-style panel-widget-style-for-12095-1-0-1\" ><div\n\t\t\t\n\t\t\tclass=\"so-widget-sow-editor so-widget-sow-editor-base\"\n\t\t\t\n\t\t>\n<div class=\"siteorigin-widget-tinymce textwidget\">\n\t<div style=\"font-size: 18px; line-height: 1.8em; font-family: Arial;\">\n<p><strong>Otro curso del programa mixto acaba<\/strong><\/p>\n<p>El curso de atenci\u00f3n sociosanitaria a la dependencia en el entorno rural ha finalizado.<br \/>\nEs decir, un curso para aprender a trabajar en centros<br \/>\nque atienden a personas dependientes.<br \/>\n9 personas de la provincia de Palencia<br \/>\nhan hecho el curso.<br \/>\nLos alumnos han recibido un certificado de profesionalidad<br \/>\nCon este certificado pueden trabajar<br \/>\nen centros de atenci\u00f3n sociosanitaria.<\/p>\n<p>El programa mixto es un curso de formaci\u00f3n y empleo<br \/>\nque combina la formaci\u00f3n te\u00f3rica y pr\u00e1ctica en empresas.<br \/>\nSe hace con dinero de la Junta de Castilla y Le\u00f3n.<br \/>\nEl objetivo es que las personas que no tienen trabajo<br \/>\npuedan encontrar uno.<\/p>\n<p>Los alumnos est\u00e1n muy contentos con el curso.<br \/>\nY piensan que es una formaci\u00f3n muy \u00fatil para encontrar trabajo.<br \/>\nLa mayor\u00eda de personas que hacer el curso<br \/>\nencuentran trabajo.<\/p>\n<p>En el Grupo Fundaci\u00f3n San Cebri\u00e1n se han hecho 19 cursos.<br \/>\nHan participado 225 personas.<br \/>\nMas de la mitad de los alumnos son de pueblos.<\/p>\n<\/div>\n<\/div>\n<\/div><\/div><\/div><\/div><div id=\"pgc-12095-1-1\"  class=\"panel-grid-cell panel-grid-cell-empty\" ><\/div><\/div><div id=\"pg-12095-2\"  class=\"panel-grid panel-no-style\" ><div id=\"pgc-12095-2-0\"  class=\"panel-grid-cell\" ><div id=\"panel-12095-2-0-0\" class=\"so-panel widget widget_sow-editor panel-first-child panel-last-child\" data-index=\"3\" ><div\n\t\t\t\n\t\t\tclass=\"so-widget-sow-editor so-widget-sow-editor-base\"\n\t\t\t\n\t\t><h3 class=\"widget-title\">El curso dio comienzo el pasado 20 de agosto y los alumnos han recibido el certificado de profesionalidad de atenci\u00f3n sociosanitaria a la dependencia en el entorno rural, que les permitir\u00e1 poder acceder a un trabajo.<\/h3>\n<div class=\"siteorigin-widget-tinymce textwidget\">\n\t<p>El Grupo Fundaci\u00f3n San Cebri\u00e1n ha clausurado esta ma\u00f1ana uno de los cursos de atenci\u00f3n sociosanitaria a la dependencia, denominado <em>\u2018Vidas con sentido\u2019, <\/em>dentro de los Programas Mixtos que concede la Junta de Castilla y Le\u00f3n, y que gracias al sistema <em>DUPLO<\/em>, ha contado con dos ediciones. La primera de ellas se clausur\u00f3 en el 2023 y la segunda edici\u00f3n, arranc\u00f3 en agosto de 2023 y ha finalizado, hoy 19 de Febrero 2024.<\/p>\n<p><a href=\"https:\/\/www.fundacionsancebrian.com\/portal\/wp-content\/uploads\/2024\/02\/Clausura-Mixto.-Foto-de-Familia-2024-Febrero-scaled.jpg\"><img fetchpriority=\"high\" fetchpriority=\"high\" decoding=\"async\" class=\"alignright wp-image-12096\" src=\"https:\/\/www.fundacionsancebrian.com\/portal\/wp-content\/uploads\/2024\/02\/Clausura-Mixto.-Foto-de-Familia-2024-Febrero-1024x495.jpg\" alt=\"\" width=\"450\" height=\"218\" srcset=\"https:\/\/www.fundacionsancebrian.com\/portal\/wp-content\/uploads\/2024\/02\/Clausura-Mixto.-Foto-de-Familia-2024-Febrero-1024x495.jpg 1024w, https:\/\/www.fundacionsancebrian.com\/portal\/wp-content\/uploads\/2024\/02\/Clausura-Mixto.-Foto-de-Familia-2024-Febrero-300x145.jpg 300w, https:\/\/www.fundacionsancebrian.com\/portal\/wp-content\/uploads\/2024\/02\/Clausura-Mixto.-Foto-de-Familia-2024-Febrero-768x371.jpg 768w, https:\/\/www.fundacionsancebrian.com\/portal\/wp-content\/uploads\/2024\/02\/Clausura-Mixto.-Foto-de-Familia-2024-Febrero-1536x743.jpg 1536w, https:\/\/www.fundacionsancebrian.com\/portal\/wp-content\/uploads\/2024\/02\/Clausura-Mixto.-Foto-de-Familia-2024-Febrero-2048x990.jpg 2048w\" sizes=\"(max-width: 450px) 100vw, 450px\" \/><\/a>La clausura ha contado con la presencia del Gerente regional del Servicio P\u00fablico de Empleo, \u00c1lvaro Ramos-Catalina y el gerente provincial del ECYL, Jos\u00e9 Manuel Barrientos. Adem\u00e1s, ha estado presente la gerente del Grupo Fundaci\u00f3n San Cebri\u00e1n Eva del R\u00edo, junto al director de Recursos Humanos, Javier Mateo.<\/p>\n<p>Gracias a este Programa Mixto, el Grupo Fundaci\u00f3n San Cebri\u00e1n fomenta el empleo en la Provincia de Palencia en materia de atenci\u00f3n sociosanitaria a la dependencia. Durante la clausura los alumnos han recibido su certificado que les permitir\u00e1 poder acceder a un trabajo. Una de las alumnas, tras la clausura, Lourdes Rodr\u00edguez ha destacado que \u201c<em>es muy importante que se sigan apostando por programas como \u00e9ste, para la gente que queremos vivir en los pueblos y formar una familia, como yo, que gracias a esta formaci\u00f3n puedo plantearme el quedarme en el pueblo\u201d. <\/em><\/p>\n<p>\u201c<em>Los programas mixto son la mejor f\u00f3rmula de aprendizaje para los participantes y para la empresa es la mejor f\u00f3rmula de selecci\u00f3n de personal, ya que formamos a profesionales, no s\u00f3lo en c\u00f3mo hay que trabajar sino adem\u00e1s, en nuestra cultura, prop\u00f3sito y valores<\/em>\u201d, detall\u00f3 el Director de Recursos Humanos, Javier Mateo.<\/p>\n<p>En esta segunda edici\u00f3n se han formado y trabajado un total de 9 personas de distintos puntos de la provincia, que esta ma\u00f1ana han recibido el certificado de profesionalidad de atenci\u00f3n \u00a0sociosanitaria a la dependencia en el entorno rural, que les permitir\u00e1 poder acceder a un trabajo.<\/p>\n<p><strong>Datos globales.<\/strong> Desde que el Grupo Fundaci\u00f3n San Cebri\u00e1n iniciase los programas mixtos, se han desarrollado un total de 19 cursos (dos de alba\u00f1iler\u00eda, dos de ayuda a domicilio y 15 de atenci\u00f3n sociosanitaria). Un total de 225 participantes, de los que un 65 % proced\u00edan de la zona rural.<\/p>\n<p>La tasa aproximada de contrataci\u00f3n es de un 70 %.<\/p>\n<p>&nbsp;<\/p>\n\n\t\t<style type=\"text\/css\">\n\t\t\t#gallery-1 {\n\t\t\t\tmargin: auto;\n\t\t\t}\n\t\t\t#gallery-1 .gallery-item {\n\t\t\t\tfloat: left;\n\t\t\t\tmargin-top: 10px;\n\t\t\t\ttext-align: center;\n\t\t\t\twidth: 25%;\n\t\t\t}\n\t\t\t#gallery-1 img {\n\t\t\t\tborder: 2px solid #cfcfcf;\n\t\t\t}\n\t\t\t#gallery-1 .gallery-caption {\n\t\t\t\tmargin-left: 0;\n\t\t\t}\n\t\t\t\/* see gallery_shortcode() in wp-includes\/media.php *\/\n\t\t<\/style>\n\t\t<div id='gallery-1' class='gallery galleryid-12095 gallery-columns-4 gallery-size-thumbnail'><dl class='gallery-item'>\n\t\t\t<dt class='gallery-icon landscape'>\n\t\t\t\t<a href='https:\/\/www.fundacionsancebrian.com\/portal\/nueve-personas-desempleadas-reciben-el-titulo-en-atencion-sociosanitaria-a-la-dependencia-gracias-al-programa-mixto-de-la-junta-desarrollado-en-el-grupo-fundacion-san-cebrian\/53538914001_142f295694_k\/#main'><img decoding=\"async\" width=\"150\" height=\"150\" src=\"https:\/\/www.fundacionsancebrian.com\/portal\/wp-content\/uploads\/2024\/02\/53538914001_142f295694_k-150x150.jpg\" class=\"attachment-thumbnail size-thumbnail\" alt=\"\" aria-describedby=\"gallery-1-12097\" srcset=\"https:\/\/www.fundacionsancebrian.com\/portal\/wp-content\/uploads\/2024\/02\/53538914001_142f295694_k-150x150.jpg 150w, https:\/\/www.fundacionsancebrian.com\/portal\/wp-content\/uploads\/2024\/02\/53538914001_142f295694_k-375x375.jpg 375w\" sizes=\"(max-width: 150px) 100vw, 150px\" \/><\/a>\n\t\t\t<\/dt>\n\t\t\t\t<dd class='wp-caption-text gallery-caption' id='gallery-1-12097'>\n\t\t\t\tEntrega de diploma\n\t\t\t\t<\/dd><\/dl><dl class='gallery-item'>\n\t\t\t<dt class='gallery-icon landscape'>\n\t\t\t\t<a href='https:\/\/www.fundacionsancebrian.com\/portal\/nueve-personas-desempleadas-reciben-el-titulo-en-atencion-sociosanitaria-a-la-dependencia-gracias-al-programa-mixto-de-la-junta-desarrollado-en-el-grupo-fundacion-san-cebrian\/53539336110_8e4b264d96_k\/#main'><img loading=\"lazy\" decoding=\"async\" width=\"150\" height=\"150\" src=\"https:\/\/www.fundacionsancebrian.com\/portal\/wp-content\/uploads\/2024\/02\/53539336110_8e4b264d96_k-150x150.jpg\" class=\"attachment-thumbnail size-thumbnail\" alt=\"\" aria-describedby=\"gallery-1-12098\" srcset=\"https:\/\/www.fundacionsancebrian.com\/portal\/wp-content\/uploads\/2024\/02\/53539336110_8e4b264d96_k-150x150.jpg 150w, https:\/\/www.fundacionsancebrian.com\/portal\/wp-content\/uploads\/2024\/02\/53539336110_8e4b264d96_k-375x375.jpg 375w\" sizes=\"(max-width: 150px) 100vw, 150px\" \/><\/a>\n\t\t\t<\/dt>\n\t\t\t\t<dd class='wp-caption-text gallery-caption' id='gallery-1-12098'>\n\t\t\t\tEntrega de diploma\n\t\t\t\t<\/dd><\/dl><dl class='gallery-item'>\n\t\t\t<dt class='gallery-icon landscape'>\n\t\t\t\t<a href='https:\/\/www.fundacionsancebrian.com\/portal\/nueve-personas-desempleadas-reciben-el-titulo-en-atencion-sociosanitaria-a-la-dependencia-gracias-al-programa-mixto-de-la-junta-desarrollado-en-el-grupo-fundacion-san-cebrian\/53539092703_78d4a6cf48_k\/#main'><img loading=\"lazy\" decoding=\"async\" width=\"150\" height=\"150\" src=\"https:\/\/www.fundacionsancebrian.com\/portal\/wp-content\/uploads\/2024\/02\/53539092703_78d4a6cf48_k-150x150.jpg\" class=\"attachment-thumbnail size-thumbnail\" alt=\"\" aria-describedby=\"gallery-1-12099\" srcset=\"https:\/\/www.fundacionsancebrian.com\/portal\/wp-content\/uploads\/2024\/02\/53539092703_78d4a6cf48_k-150x150.jpg 150w, https:\/\/www.fundacionsancebrian.com\/portal\/wp-content\/uploads\/2024\/02\/53539092703_78d4a6cf48_k-375x375.jpg 375w\" sizes=\"(max-width: 150px) 100vw, 150px\" \/><\/a>\n\t\t\t<\/dt>\n\t\t\t\t<dd class='wp-caption-text gallery-caption' id='gallery-1-12099'>\n\t\t\t\tEntrega de diploma\n\t\t\t\t<\/dd><\/dl><dl class='gallery-item'>\n\t\t\t<dt class='gallery-icon landscape'>\n\t\t\t\t<a href='https:\/\/www.fundacionsancebrian.com\/portal\/nueve-personas-desempleadas-reciben-el-titulo-en-atencion-sociosanitaria-a-la-dependencia-gracias-al-programa-mixto-de-la-junta-desarrollado-en-el-grupo-fundacion-san-cebrian\/53539092868_c2ff148fe2_k\/#main'><img loading=\"lazy\" decoding=\"async\" width=\"150\" height=\"150\" src=\"https:\/\/www.fundacionsancebrian.com\/portal\/wp-content\/uploads\/2024\/02\/53539092868_c2ff148fe2_k-150x150.jpg\" class=\"attachment-thumbnail size-thumbnail\" alt=\"\" aria-describedby=\"gallery-1-12100\" srcset=\"https:\/\/www.fundacionsancebrian.com\/portal\/wp-content\/uploads\/2024\/02\/53539092868_c2ff148fe2_k-150x150.jpg 150w, https:\/\/www.fundacionsancebrian.com\/portal\/wp-content\/uploads\/2024\/02\/53539092868_c2ff148fe2_k-375x375.jpg 375w\" sizes=\"(max-width: 150px) 100vw, 150px\" \/><\/a>\n\t\t\t<\/dt>\n\t\t\t\t<dd class='wp-caption-text gallery-caption' id='gallery-1-12100'>\n\t\t\t\tEntrega de diploma\n\t\t\t\t<\/dd><\/dl><br style=\"clear: both\" \/><dl class='gallery-item'>\n\t\t\t<dt class='gallery-icon landscape'>\n\t\t\t\t<a href='https:\/\/www.fundacionsancebrian.com\/portal\/nueve-personas-desempleadas-reciben-el-titulo-en-atencion-sociosanitaria-a-la-dependencia-gracias-al-programa-mixto-de-la-junta-desarrollado-en-el-grupo-fundacion-san-cebrian\/53539238649_84766bee78_k\/#main'><img loading=\"lazy\" decoding=\"async\" width=\"150\" height=\"150\" src=\"https:\/\/www.fundacionsancebrian.com\/portal\/wp-content\/uploads\/2024\/02\/53539238649_84766bee78_k-150x150.jpg\" class=\"attachment-thumbnail size-thumbnail\" alt=\"\" aria-describedby=\"gallery-1-12101\" srcset=\"https:\/\/www.fundacionsancebrian.com\/portal\/wp-content\/uploads\/2024\/02\/53539238649_84766bee78_k-150x150.jpg 150w, https:\/\/www.fundacionsancebrian.com\/portal\/wp-content\/uploads\/2024\/02\/53539238649_84766bee78_k-375x375.jpg 375w\" sizes=\"(max-width: 150px) 100vw, 150px\" \/><\/a>\n\t\t\t<\/dt>\n\t\t\t\t<dd class='wp-caption-text gallery-caption' id='gallery-1-12101'>\n\t\t\t\tEntrega de diploma\n\t\t\t\t<\/dd><\/dl><dl class='gallery-item'>\n\t\t\t<dt class='gallery-icon landscape'>\n\t\t\t\t<a href='https:\/\/www.fundacionsancebrian.com\/portal\/nueve-personas-desempleadas-reciben-el-titulo-en-atencion-sociosanitaria-a-la-dependencia-gracias-al-programa-mixto-de-la-junta-desarrollado-en-el-grupo-fundacion-san-cebrian\/53539238709_0992a59002_k\/#main'><img loading=\"lazy\" decoding=\"async\" width=\"150\" height=\"150\" src=\"https:\/\/www.fundacionsancebrian.com\/portal\/wp-content\/uploads\/2024\/02\/53539238709_0992a59002_k-150x150.jpg\" class=\"attachment-thumbnail size-thumbnail\" alt=\"\" aria-describedby=\"gallery-1-12102\" srcset=\"https:\/\/www.fundacionsancebrian.com\/portal\/wp-content\/uploads\/2024\/02\/53539238709_0992a59002_k-150x150.jpg 150w, https:\/\/www.fundacionsancebrian.com\/portal\/wp-content\/uploads\/2024\/02\/53539238709_0992a59002_k-375x375.jpg 375w\" sizes=\"(max-width: 150px) 100vw, 150px\" \/><\/a>\n\t\t\t<\/dt>\n\t\t\t\t<dd class='wp-caption-text gallery-caption' id='gallery-1-12102'>\n\t\t\t\tEntrega de diploma\n\t\t\t\t<\/dd><\/dl><dl class='gallery-item'>\n\t\t\t<dt class='gallery-icon landscape'>\n\t\t\t\t<a href='https:\/\/www.fundacionsancebrian.com\/portal\/nueve-personas-desempleadas-reciben-el-titulo-en-atencion-sociosanitaria-a-la-dependencia-gracias-al-programa-mixto-de-la-junta-desarrollado-en-el-grupo-fundacion-san-cebrian\/53538035547_cee1736f80_k\/#main'><img loading=\"lazy\" decoding=\"async\" width=\"150\" height=\"150\" src=\"https:\/\/www.fundacionsancebrian.com\/portal\/wp-content\/uploads\/2024\/02\/53538035547_cee1736f80_k-150x150.jpg\" class=\"attachment-thumbnail size-thumbnail\" alt=\"\" aria-describedby=\"gallery-1-12103\" srcset=\"https:\/\/www.fundacionsancebrian.com\/portal\/wp-content\/uploads\/2024\/02\/53538035547_cee1736f80_k-150x150.jpg 150w, https:\/\/www.fundacionsancebrian.com\/portal\/wp-content\/uploads\/2024\/02\/53538035547_cee1736f80_k-375x375.jpg 375w\" sizes=\"(max-width: 150px) 100vw, 150px\" \/><\/a>\n\t\t\t<\/dt>\n\t\t\t\t<dd class='wp-caption-text gallery-caption' id='gallery-1-12103'>\n\t\t\t\tEntrega de diploma\n\t\t\t\t<\/dd><\/dl><dl class='gallery-item'>\n\t\t\t<dt class='gallery-icon landscape'>\n\t\t\t\t<a href='https:\/\/www.fundacionsancebrian.com\/portal\/nueve-personas-desempleadas-reciben-el-titulo-en-atencion-sociosanitaria-a-la-dependencia-gracias-al-programa-mixto-de-la-junta-desarrollado-en-el-grupo-fundacion-san-cebrian\/53539092998_77ae63492e_k\/#main'><img loading=\"lazy\" decoding=\"async\" width=\"150\" height=\"150\" src=\"https:\/\/www.fundacionsancebrian.com\/portal\/wp-content\/uploads\/2024\/02\/53539092998_77ae63492e_k-150x150.jpg\" class=\"attachment-thumbnail size-thumbnail\" alt=\"\" aria-describedby=\"gallery-1-12104\" srcset=\"https:\/\/www.fundacionsancebrian.com\/portal\/wp-content\/uploads\/2024\/02\/53539092998_77ae63492e_k-150x150.jpg 150w, https:\/\/www.fundacionsancebrian.com\/portal\/wp-content\/uploads\/2024\/02\/53539092998_77ae63492e_k-375x375.jpg 375w\" sizes=\"(max-width: 150px) 100vw, 150px\" \/><\/a>\n\t\t\t<\/dt>\n\t\t\t\t<dd class='wp-caption-text gallery-caption' id='gallery-1-12104'>\n\t\t\t\tEntrega de diploma\n\t\t\t\t<\/dd><\/dl><br style=\"clear: both\" \/><dl class='gallery-item'>\n\t\t\t<dt class='gallery-icon landscape'>\n\t\t\t\t<a href='https:\/\/www.fundacionsancebrian.com\/portal\/nueve-personas-desempleadas-reciben-el-titulo-en-atencion-sociosanitaria-a-la-dependencia-gracias-al-programa-mixto-de-la-junta-desarrollado-en-el-grupo-fundacion-san-cebrian\/53539093033_ba3988db15_k\/#main'><img loading=\"lazy\" decoding=\"async\" width=\"150\" height=\"150\" src=\"https:\/\/www.fundacionsancebrian.com\/portal\/wp-content\/uploads\/2024\/02\/53539093033_ba3988db15_k-150x150.jpg\" class=\"attachment-thumbnail size-thumbnail\" alt=\"\" aria-describedby=\"gallery-1-12105\" srcset=\"https:\/\/www.fundacionsancebrian.com\/portal\/wp-content\/uploads\/2024\/02\/53539093033_ba3988db15_k-150x150.jpg 150w, https:\/\/www.fundacionsancebrian.com\/portal\/wp-content\/uploads\/2024\/02\/53539093033_ba3988db15_k-375x375.jpg 375w\" sizes=\"(max-width: 150px) 100vw, 150px\" \/><\/a>\n\t\t\t<\/dt>\n\t\t\t\t<dd class='wp-caption-text gallery-caption' id='gallery-1-12105'>\n\t\t\t\tEntrega de diploma\n\t\t\t\t<\/dd><\/dl><dl class='gallery-item'>\n\t\t\t<dt class='gallery-icon landscape'>\n\t\t\t\t<a href='https:\/\/www.fundacionsancebrian.com\/portal\/nueve-personas-desempleadas-reciben-el-titulo-en-atencion-sociosanitaria-a-la-dependencia-gracias-al-programa-mixto-de-la-junta-desarrollado-en-el-grupo-fundacion-san-cebrian\/53538036127_5a0ccb7ad7_k\/#main'><img loading=\"lazy\" decoding=\"async\" width=\"150\" height=\"150\" src=\"https:\/\/www.fundacionsancebrian.com\/portal\/wp-content\/uploads\/2024\/02\/53538036127_5a0ccb7ad7_k-150x150.jpg\" class=\"attachment-thumbnail size-thumbnail\" alt=\"\" aria-describedby=\"gallery-1-12106\" srcset=\"https:\/\/www.fundacionsancebrian.com\/portal\/wp-content\/uploads\/2024\/02\/53538036127_5a0ccb7ad7_k-150x150.jpg 150w, https:\/\/www.fundacionsancebrian.com\/portal\/wp-content\/uploads\/2024\/02\/53538036127_5a0ccb7ad7_k-375x375.jpg 375w\" sizes=\"(max-width: 150px) 100vw, 150px\" \/><\/a>\n\t\t\t<\/dt>\n\t\t\t\t<dd class='wp-caption-text gallery-caption' id='gallery-1-12106'>\n\t\t\t\tAutoridades\n\t\t\t\t<\/dd><\/dl>\n\t\t\t<br style='clear: both' \/>\n\t\t<\/div>\n\n<p>&nbsp;<\/p>\n<\/div>\n<\/div><\/div><\/div><\/div><\/div>","protected":false},"excerpt":{"rendered":"<p>&nbsp; Otro curso del programa mixto acaba El curso de atenci\u00f3n sociosanitaria a la dependencia en el entorno rural ha finalizado. Es decir, un curso para aprender a trabajar en centros que atienden a personas dependientes. 9 personas de la provincia de Palencia han hecho el curso. Los alumnos han recibido un certificado de profesionalidad [&hellip;]<\/p>\n","protected":false},"author":1,"featured_media":12096,"comment_status":"closed","ping_status":"open","sticky":false,"template":"","format":"standard","meta":{"_seopress_robots_primary_cat":"","_seopress_titles_title":"","_seopress_titles_desc":"","_seopress_robots_index":"","_eb_attr":"","footnotes":""},"categories":[8],"tags":[],"class_list":["post-12095","post","type-post","status-publish","format-standard","has-post-thumbnail","hentry","category-noticias","post-with-thumbnail","post-with-thumbnail-icon"],"_links":{"self":[{"href":"https:\/\/www.fundacionsancebrian.com\/portal\/wp-json\/wp\/v2\/posts\/12095","targetHints":{"allow":["GET"]}}],"collection":[{"href":"https:\/\/www.fundacionsancebrian.com\/portal\/wp-json\/wp\/v2\/posts"}],"about":[{"href":"https:\/\/www.fundacionsancebrian.com\/portal\/wp-json\/wp\/v2\/types\/post"}],"author":[{"embeddable":true,"href":"https:\/\/www.fundacionsancebrian.com\/portal\/wp-json\/wp\/v2\/users\/1"}],"replies":[{"embeddable":true,"href":"https:\/\/www.fundacionsancebrian.com\/portal\/wp-json\/wp\/v2\/comments?post=12095"}],"version-history":[{"count":7,"href":"https:\/\/www.fundacionsancebrian.com\/portal\/wp-json\/wp\/v2\/posts\/12095\/revisions"}],"predecessor-version":[{"id":12119,"href":"https:\/\/www.fundacionsancebrian.com\/portal\/wp-json\/wp\/v2\/posts\/12095\/revisions\/12119"}],"wp:featuredmedia":[{"embeddable":true,"href":"https:\/\/www.fundacionsancebrian.com\/portal\/wp-json\/wp\/v2\/media\/12096"}],"wp:attachment":[{"href":"https:\/\/www.fundacionsancebrian.com\/portal\/wp-json\/wp\/v2\/media?parent=12095"}],"wp:term":[{"taxonomy":"category","embeddable":true,"href":"https:\/\/www.fundacionsancebrian.com\/portal\/wp-json\/wp\/v2\/categories?post=12095"},{"taxonomy":"post_tag","embeddable":true,"href":"https:\/\/www.fundacionsancebrian.com\/portal\/wp-json\/wp\/v2\/tags?post=12095"}],"curies":[{"name":"wp","href":"https:\/\/api.w.org\/{rel}","templated":true}]}}