{"id":12267,"date":"2024-03-18T13:39:06","date_gmt":"2024-03-18T12:39:06","guid":{"rendered":"https:\/\/www.fundacionsancebrian.com\/portal\/?p=12267"},"modified":"2024-03-19T09:48:29","modified_gmt":"2024-03-19T08:48:29","slug":"9-mujeres-desempleadas-de-la-provincia-inician-su-formacion-en-atencion-sociosanitaria-a-la-dependencia-en-un-nuevo-programa-mixto-vidas-con-sentido-2-del-grupo-fundacion-san-cebrian","status":"publish","type":"post","link":"https:\/\/www.fundacionsancebrian.com\/portal\/9-mujeres-desempleadas-de-la-provincia-inician-su-formacion-en-atencion-sociosanitaria-a-la-dependencia-en-un-nuevo-programa-mixto-vidas-con-sentido-2-del-grupo-fundacion-san-cebrian\/","title":{"rendered":"9 mujeres desempleadas de la Provincia inician su formaci\u00f3n en atenci\u00f3n sociosanitaria a la dependencia en un nuevo Programa Mixto \u2018Vidas con sentido 2\u2019 del Grupo Fundaci\u00f3n San Cebri\u00e1n"},"content":{"rendered":"<div id=\"pl-12267\"  class=\"panel-layout\" ><div id=\"pg-12267-0\"  class=\"panel-grid panel-has-style\" ><div class=\"panel-row-style panel-row-style-for-12267-0\" ><div id=\"pgc-12267-0-0\"  class=\"panel-grid-cell\" ><div id=\"panel-12267-0-0-0\" class=\"so-panel widget widget_sow-editor panel-first-child panel-last-child\" data-index=\"0\" ><div\n\t\t\t\n\t\t\tclass=\"so-widget-sow-editor so-widget-sow-editor-base\"\n\t\t\t\n\t\t>\n<div class=\"siteorigin-widget-tinymce textwidget\">\n\t<hr \/>\n<p>&nbsp;<\/p>\n<\/div>\n<\/div><\/div><\/div><\/div><\/div><div id=\"pg-12267-1\"  class=\"panel-grid panel-no-style\" ><div id=\"pgc-12267-1-0\"  class=\"panel-grid-cell panel-grid-cell-mobile-last\" ><div id=\"panel-12267-1-0-0\" class=\"so-panel widget widget_sow-image panel-first-child\" data-index=\"1\" ><div class=\"panel-widget-style panel-widget-style-for-12267-1-0-0\" ><div\n\t\t\t\n\t\t\tclass=\"so-widget-sow-image so-widget-sow-image-default-4e6925654b7a-12267\"\n\t\t\t\n\t\t>\n<div class=\"sow-image-container\">\n\t\t<img \n\tsrc=\"https:\/\/www.fundacionsancebrian.com\/portal\/wp-content\/uploads\/2019\/12\/EtR3-e1575535111209.png\" width=\"250\" height=\"50\" sizes=\"(max-width: 250px) 100vw, 250px\" title=\"EtR3\" alt=\"\" \t\tclass=\"so-widget-image\"\/>\n\t<\/div>\n\n<\/div><\/div><\/div><div id=\"panel-12267-1-0-1\" class=\"so-panel widget widget_sow-editor panel-last-child\" data-index=\"2\" ><div class=\"panel-widget-style panel-widget-style-for-12267-1-0-1\" ><div\n\t\t\t\n\t\t\tclass=\"so-widget-sow-editor so-widget-sow-editor-base\"\n\t\t\t\n\t\t>\n<div class=\"siteorigin-widget-tinymce textwidget\">\n\t<div style=\"font-size: 18px; line-height: 1.8em; font-family: Arial;\">\n<p><strong>Programa Mixto \u2018Vidas con sentido 2\u2019<\/strong><\/p>\n<p>l curso, iniciado hoy, finalizar\u00e1 el 17 de septiembre<br \/>\nEn la Fundaci\u00f3n San Cebri\u00e1n ha empezado esta<br \/>\nel Programa Mixto \u2018Vidas con sentido 2\u2019.<br \/>\nEl programa mixto es un curso<br \/>\nque mezcla formaci\u00f3n y trabajo.<br \/>\nEl curso es de atenci\u00f3n sociosanitaria a personas dependientes.<br \/>\nY se hace con dinero de la Junta de Castilla y Le\u00f3n.<\/p>\n<p>En este curso participan 9 mujeres<br \/>\nde diferentes sitios de la provincia de Palencia.<\/p>\n<\/div>\n<\/div>\n<\/div><\/div><\/div><\/div><div id=\"pgc-12267-1-1\"  class=\"panel-grid-cell panel-grid-cell-empty\" ><\/div><\/div><div id=\"pg-12267-2\"  class=\"panel-grid panel-no-style\" ><div id=\"pgc-12267-2-0\"  class=\"panel-grid-cell\" ><div id=\"panel-12267-2-0-0\" class=\"so-panel widget widget_sow-editor panel-first-child panel-last-child\" data-index=\"3\" ><div\n\t\t\t\n\t\t\tclass=\"so-widget-sow-editor so-widget-sow-editor-base\"\n\t\t\t\n\t\t><h3 class=\"widget-title\">l curso, iniciado hoy, finalizar\u00e1 el 17 de septiembre <\/h3>\n<div class=\"siteorigin-widget-tinymce textwidget\">\n\t<p>El Grupo Fundaci\u00f3n San Cebri\u00e1n ha inaugurado esta ma\u00f1ana el segundo de los cursos de atenci\u00f3n sociosanitaria a la dependencia, del Programa Mixto <em>\u2018Vidas con sentido 2\u2019, <\/em>que concede la Junta de Castilla y Le\u00f3n, y que gracias al sistema <em>DUPLO<\/em>, contar\u00e1 con dos ediciones. Esta edici\u00f3n es la segunda de ellas, inaugurada esta ma\u00f1ana finalizar\u00e1 el 17 de septiembre de 2024. En la inauguraci\u00f3n han estado presentes, la gerente del Grupo Fundaci\u00f3n San Cebri\u00e1n, Eva del R\u00edo; junto al responsable de RRHH, Javier Mateo.<a href=\"https:\/\/www.fundacionsancebrian.com\/portal\/wp-content\/uploads\/2024\/03\/IMG_20240318_094846-scaled.jpg\"><br \/>\n<img fetchpriority=\"high\" fetchpriority=\"high\" decoding=\"async\" class=\"alignright wp-image-12270 size-medium\" src=\"https:\/\/www.fundacionsancebrian.com\/portal\/wp-content\/uploads\/2024\/03\/IMG_20240318_094846-300x169.jpg\" alt=\"\" width=\"300\" height=\"169\" srcset=\"https:\/\/www.fundacionsancebrian.com\/portal\/wp-content\/uploads\/2024\/03\/IMG_20240318_094846-300x169.jpg 300w, https:\/\/www.fundacionsancebrian.com\/portal\/wp-content\/uploads\/2024\/03\/IMG_20240318_094846-1024x576.jpg 1024w, https:\/\/www.fundacionsancebrian.com\/portal\/wp-content\/uploads\/2024\/03\/IMG_20240318_094846-768x432.jpg 768w, https:\/\/www.fundacionsancebrian.com\/portal\/wp-content\/uploads\/2024\/03\/IMG_20240318_094846-1536x864.jpg 1536w, https:\/\/www.fundacionsancebrian.com\/portal\/wp-content\/uploads\/2024\/03\/IMG_20240318_094846-2048x1152.jpg 2048w\" sizes=\"(max-width: 300px) 100vw, 300px\" \/><\/a><\/p>\n<p>Gracias a este Programa Mixto, el Grupo Fundaci\u00f3n San Cebri\u00e1n fomenta el empleo en la Provincia de Palencia en materia de atenci\u00f3n sociosanitaria a la dependencia. Un total de 9 mujeres desempleadas de la provincia: capital (3), Villalob\u00f3n (2), San Cebri\u00e1n de Campos, Arconada, Fr\u00f3mista y Fuentes de Valdepero.<\/p>\n<p>Durante los pr\u00f3ximos meses recibir\u00e1n formaci\u00f3n en el servicio de San Cebri\u00e1n y desarrollar\u00e1n adem\u00e1s la parte pr\u00e1ctica.<\/p>\n<\/div>\n<\/div><\/div><\/div><\/div><\/div>","protected":false},"excerpt":{"rendered":"<p>&nbsp; Programa Mixto \u2018Vidas con sentido 2\u2019 l curso, iniciado hoy, finalizar\u00e1 el 17 de septiembre En la Fundaci\u00f3n San Cebri\u00e1n ha empezado esta el Programa Mixto \u2018Vidas con sentido 2\u2019. El programa mixto es un curso que mezcla formaci\u00f3n y trabajo. El curso es de atenci\u00f3n sociosanitaria a personas dependientes. Y se hace con [&hellip;]<\/p>\n","protected":false},"author":1,"featured_media":12268,"comment_status":"closed","ping_status":"open","sticky":false,"template":"","format":"standard","meta":{"_seopress_robots_primary_cat":"","_seopress_titles_title":"","_seopress_titles_desc":"","_seopress_robots_index":"","_eb_attr":"","footnotes":""},"categories":[8],"tags":[],"class_list":["post-12267","post","type-post","status-publish","format-standard","has-post-thumbnail","hentry","category-noticias","post-with-thumbnail","post-with-thumbnail-icon"],"_links":{"self":[{"href":"https:\/\/www.fundacionsancebrian.com\/portal\/wp-json\/wp\/v2\/posts\/12267","targetHints":{"allow":["GET"]}}],"collection":[{"href":"https:\/\/www.fundacionsancebrian.com\/portal\/wp-json\/wp\/v2\/posts"}],"about":[{"href":"https:\/\/www.fundacionsancebrian.com\/portal\/wp-json\/wp\/v2\/types\/post"}],"author":[{"embeddable":true,"href":"https:\/\/www.fundacionsancebrian.com\/portal\/wp-json\/wp\/v2\/users\/1"}],"replies":[{"embeddable":true,"href":"https:\/\/www.fundacionsancebrian.com\/portal\/wp-json\/wp\/v2\/comments?post=12267"}],"version-history":[{"count":6,"href":"https:\/\/www.fundacionsancebrian.com\/portal\/wp-json\/wp\/v2\/posts\/12267\/revisions"}],"predecessor-version":[{"id":12277,"href":"https:\/\/www.fundacionsancebrian.com\/portal\/wp-json\/wp\/v2\/posts\/12267\/revisions\/12277"}],"wp:featuredmedia":[{"embeddable":true,"href":"https:\/\/www.fundacionsancebrian.com\/portal\/wp-json\/wp\/v2\/media\/12268"}],"wp:attachment":[{"href":"https:\/\/www.fundacionsancebrian.com\/portal\/wp-json\/wp\/v2\/media?parent=12267"}],"wp:term":[{"taxonomy":"category","embeddable":true,"href":"https:\/\/www.fundacionsancebrian.com\/portal\/wp-json\/wp\/v2\/categories?post=12267"},{"taxonomy":"post_tag","embeddable":true,"href":"https:\/\/www.fundacionsancebrian.com\/portal\/wp-json\/wp\/v2\/tags?post=12267"}],"curies":[{"name":"wp","href":"https:\/\/api.w.org\/{rel}","templated":true}]}}