{"id":12447,"date":"2024-05-06T15:39:43","date_gmt":"2024-05-06T13:39:43","guid":{"rendered":"https:\/\/www.fundacionsancebrian.com\/portal\/?p=12447"},"modified":"2024-05-07T13:10:41","modified_gmt":"2024-05-07T11:10:41","slug":"experiencias-en-el-intercambio-juvenil-luces-camara-y-accion-de-erasmus-en-drobin-polonia","status":"publish","type":"post","link":"https:\/\/www.fundacionsancebrian.com\/portal\/experiencias-en-el-intercambio-juvenil-luces-camara-y-accion-de-erasmus-en-drobin-polonia\/","title":{"rendered":"Experiencias en el Intercambio Juvenil &#8216;Luces, C\u00e1mara y Acci\u00f3n&#8217; de Erasmus + en Drobin (Polonia)"},"content":{"rendered":"<div id=\"pl-12447\"  class=\"panel-layout\" ><div id=\"pg-12447-0\"  class=\"panel-grid panel-has-style\" ><div class=\"panel-row-style panel-row-style-for-12447-0\" ><div id=\"pgc-12447-0-0\"  class=\"panel-grid-cell\" ><div id=\"panel-12447-0-0-0\" class=\"so-panel widget widget_sow-editor panel-first-child panel-last-child\" data-index=\"0\" ><div\n\t\t\t\n\t\t\tclass=\"so-widget-sow-editor so-widget-sow-editor-base\"\n\t\t\t\n\t\t>\n<div class=\"siteorigin-widget-tinymce textwidget\">\n\t<hr \/>\n<p>&nbsp;<\/p>\n<\/div>\n<\/div><\/div><\/div><\/div><\/div><div id=\"pg-12447-1\"  class=\"panel-grid panel-no-style\" ><div id=\"pgc-12447-1-0\"  class=\"panel-grid-cell\" ><div id=\"panel-12447-1-0-0\" class=\"so-panel widget widget_sow-image panel-first-child\" data-index=\"1\" ><div class=\"panel-widget-style panel-widget-style-for-12447-1-0-0\" ><div\n\t\t\t\n\t\t\tclass=\"so-widget-sow-image so-widget-sow-image-default-4e6925654b7a-12447\"\n\t\t\t\n\t\t>\n<div class=\"sow-image-container\">\n\t\t<img \n\tsrc=\"https:\/\/www.fundacionsancebrian.com\/portal\/wp-content\/uploads\/2019\/12\/EtR3-e1575535111209.png\" width=\"250\" height=\"50\" sizes=\"(max-width: 250px) 100vw, 250px\" title=\"EtR3\" alt=\"\" \t\tclass=\"so-widget-image\"\/>\n\t<\/div>\n\n<\/div><\/div><\/div><div id=\"panel-12447-1-0-1\" class=\"so-panel widget widget_sow-editor panel-last-child\" data-index=\"2\" ><div class=\"panel-widget-style panel-widget-style-for-12447-1-0-1\" ><div\n\t\t\t\n\t\t\tclass=\"so-widget-sow-editor so-widget-sow-editor-base\"\n\t\t\t\n\t\t>\n<div class=\"siteorigin-widget-tinymce textwidget\">\n\t<div style=\"font-size: 18px; line-height: 1.8em; font-family: Arial;\">\n<p><strong>J\u00f3venes de varios pa\u00edses de Europa se re\u00fanen<\/strong><\/p>\n<p>5 personas con discapacidad y 2 profesionales de la Fundaci\u00f3n San Cebri\u00e1n<br \/>\nparticiparon en el encuentro \"Luces-C\u00e1mara-Acci\u00f3n!\".<br \/>\nEste encuentro fue del 22 de abril al 2 de mayo<br \/>\nen la ciudad de Drobin en Polonia.<\/p>\n<p>Este encuentro es del programa ERAMUS+<br \/>\nque es un programa de la Uni\u00f3n Europea para mejorar la educaci\u00f3n,<br \/>\nla formaci\u00f3n, la juventud y el deporte en Europa.<\/p>\n<p>Tambi\u00e9n participaron personas de varios pa\u00edses europeos.<br \/>\nDurante el encuentro las personas participaron haciendo un <strong>videoclip<\/strong>.<br \/>\nExpresaron su creatividad y dise\u00f1aron trajes para una fiesta de despedida.<\/p>\n<p>Tambi\u00e9n participaron en charlas sobre emociones<br \/>\ny aprendieron nuevos pasos de baile.<\/p>\n<p>El ambiente fue positivo y se cre\u00f3 amistad entre los participantes.<br \/>\nTambi\u00e9n disfrutaron de actividades de ocio y baile por las noches.<br \/>\nEstuvieron en un hotel muy c\u00f3modo y acogedor, con comida variada y deliciosa.<br \/>\nY tambi\u00e9n hicieron una excursi\u00f3n a <strong>Varsovia<\/strong><\/p>\n<p>En resumen, la experiencia fue muy positiva y todos desear\u00edan repetirla.<\/p>\n<\/div>\n<\/div>\n<\/div><\/div><\/div><\/div><div id=\"pgc-12447-1-1\"  class=\"panel-grid-cell\" ><div id=\"panel-12447-1-1-0\" class=\"so-panel widget widget_sow-editor panel-first-child\" data-index=\"3\" ><div class=\"panel-widget-style panel-widget-style-for-12447-1-1-0\" ><div\n\t\t\t\n\t\t\tclass=\"so-widget-sow-editor so-widget-sow-editor-base\"\n\t\t\t\n\t\t>\n<div class=\"siteorigin-widget-tinymce textwidget\">\n\t<div style=\"font-size: 18px; line-height: 1.8em; font-family: Arial;\">\n<p><span style=\"color: #ffffff;\"><b>Glosario<\/b><\/span><\/p>\n<\/div>\n<\/div>\n<\/div><\/div><\/div><div id=\"panel-12447-1-1-1\" class=\"so-panel widget widget_sow-editor panel-last-child\" data-index=\"4\" ><div class=\"panel-widget-style panel-widget-style-for-12447-1-1-1\" ><div\n\t\t\t\n\t\t\tclass=\"so-widget-sow-editor so-widget-sow-editor-base\"\n\t\t\t\n\t\t>\n<div class=\"siteorigin-widget-tinymce textwidget\">\n\t<div style=\"font-size: 18px; line-height: 1.8em; font-family: Arial;\">\n<p><strong>Videoclip<\/strong>: Es un video<br \/>\nque acompa\u00f1a a una canci\u00f3n.<\/p>\n<p><strong>Varsovia<\/strong>: Varsovia es la capital<br \/>\ny la ciudad m\u00e1s grande de Polonia.<\/p>\n<\/div>\n<\/div>\n<\/div><\/div><\/div><\/div><\/div><div id=\"pg-12447-2\"  class=\"panel-grid panel-no-style\" ><div id=\"pgc-12447-2-0\"  class=\"panel-grid-cell\" ><div id=\"panel-12447-2-0-0\" class=\"so-panel widget widget_sow-editor panel-first-child panel-last-child\" data-index=\"5\" ><div\n\t\t\t\n\t\t\tclass=\"so-widget-sow-editor so-widget-sow-editor-base\"\n\t\t\t\n\t\t><h3 class=\"widget-title\">El Intercambio Juvenil \"Luces-C\u00e1mara-Acci\u00f3n!\" tuvo lugar del 22 de abril al 2 de mayo y participaron 5 personas con discapacidad y 2 profesionale<\/h3>\n<div class=\"siteorigin-widget-tinymce textwidget\">\n\t<p>El Intercambio Juvenil \"Luces-C\u00e1mara-Acci\u00f3n!\" cofinanciado por la Uni\u00f3n Europea y organizado por EUROMED EVE POLSKA y celebrado entre el 22 de abril y el 2 de mayo en Drobin (Polonia) reuni\u00f3n a participantes de Polonia, Rumania, Bulgaria, Letonia, Portugal y Espa\u00f1a. Del Grupo Fundaci\u00f3n San Cebri\u00e1n acudieron 5 personas con discapacidad: Nerea Arrate, \u00d3scar Ruiz, Fernando Delgado, Leticia Aguado y Jenifer Conde, acompa\u00f1ados de dos profesionales, Mar\u00eda Mart\u00ednez y Sof\u00eda Mu\u00f1\u00f3z<\/p>\n<p>Tras su participaci\u00f3n en el programa esto fue lo que contaron los participantes: <em>Durante el proyecto hemos estado haciendo muchas actividades relacionadas con el objetivo del mismo: el rodaje de un videoclip. Han sido actividades en las que hemos podido desarrollar nuestra creatividad con toda libertad . En especial nos encant\u00f3 poder dise\u00f1ar nuestros propios trajes y, gracias al trabajo de Sanda, lucirlos en la fiesta de despedida, con desfile de modas y todo! Tambi\u00e9n nos gust\u00f3 especialmente la actividad del \u00faltimo d\u00eda: un taller propuesto por el equipo de Ruman\u00eda, donde nos ense\u00f1aron a identificar y conocer las emociones.<\/em><\/p>\n<p><em>Adem\u00e1s, rodar el videoclip nos dio la oportunidad de aprender nuevos pasos de baile y tambi\u00e9n de reirnos de nosotros mismos. El tiempo acompa\u00f1\u00f3 y pudimos rodar en los jardines del hotel. Fue un gran trabajo en equipo, con la ayuda de Adrian y Stephan que han hecho un gran trabajo y han sido muy simp\u00e1ticos.<\/em><\/p>\n<p><em>En general, todo el mundo ha sido muy agradable. Ha habido mucha participaci\u00f3n por parte de la gente. A los pocos d\u00edas ya hab\u00edamos hecho pi\u00f1a. Adem\u00e1s de disfrutar con todos en las actividades, nos ha encantado montar un grupo grande para jugar al Uno y bailar por las noches.<\/em><\/p>\n<p><em>Hemos estado alojados en un hotel con unas instalaciones muy adecuadas. Las personas que trabajan en \u00e9l nos han tratado de forma muy familiar y nos han hecho sentir muy a gusto. Adem\u00e1s el hotel tiene muchos jardines, y loros de varias especies, que nos encant\u00f3 poder disfrutar. Nos han dado comida en cantidad, variada y muy rica!<\/em><\/p>\n<p><em>Y por si fuera poco, un d\u00eda fuimos de excursi\u00f3n a Varsovia! Nos encant\u00f3 conocer una ciudad nueva. Nos sirvi\u00f3 tambi\u00e9n para cambiar de aires y romper con el programa semanal. Comimos nuestra comida favorita: pizzas y hamburguesas. Pudimos pasear por la parte hist\u00f3rica de la ciudad, nos pareci\u00f3 preciosa.<\/em><\/p>\n<p><em>\u00a1\u00a1Ha sido una experiencia incre\u00edble que todos quisi\u00e9ramos repetir!!<\/em><\/p>\n\n\t\t<style type=\"text\/css\">\n\t\t\t#gallery-1 {\n\t\t\t\tmargin: auto;\n\t\t\t}\n\t\t\t#gallery-1 .gallery-item {\n\t\t\t\tfloat: left;\n\t\t\t\tmargin-top: 10px;\n\t\t\t\ttext-align: center;\n\t\t\t\twidth: 33%;\n\t\t\t}\n\t\t\t#gallery-1 img {\n\t\t\t\tborder: 2px solid #cfcfcf;\n\t\t\t}\n\t\t\t#gallery-1 .gallery-caption {\n\t\t\t\tmargin-left: 0;\n\t\t\t}\n\t\t\t\/* see gallery_shortcode() in wp-includes\/media.php *\/\n\t\t<\/style>\n\t\t<div id='gallery-1' class='gallery galleryid-12447 gallery-columns-3 gallery-size-medium'><dl class='gallery-item'>\n\t\t\t<dt class='gallery-icon landscape'>\n\t\t\t\t<a href='https:\/\/www.fundacionsancebrian.com\/portal\/experiencias-en-el-intercambio-juvenil-luces-camara-y-accion-de-erasmus-en-drobin-polonia\/photo1714982978-3\/#main'><img fetchpriority=\"high\" decoding=\"async\" width=\"300\" height=\"225\" src=\"https:\/\/www.fundacionsancebrian.com\/portal\/wp-content\/uploads\/2024\/05\/photo1714982978-3-300x225.jpeg\" class=\"attachment-medium size-medium\" alt=\"\" aria-describedby=\"gallery-1-12450\" srcset=\"https:\/\/www.fundacionsancebrian.com\/portal\/wp-content\/uploads\/2024\/05\/photo1714982978-3-300x225.jpeg 300w, https:\/\/www.fundacionsancebrian.com\/portal\/wp-content\/uploads\/2024\/05\/photo1714982978-3-1024x768.jpeg 1024w, https:\/\/www.fundacionsancebrian.com\/portal\/wp-content\/uploads\/2024\/05\/photo1714982978-3-768x576.jpeg 768w, https:\/\/www.fundacionsancebrian.com\/portal\/wp-content\/uploads\/2024\/05\/photo1714982978-3.jpeg 1280w\" sizes=\"(max-width: 300px) 100vw, 300px\" \/><\/a>\n\t\t\t<\/dt>\n\t\t\t\t<dd class='wp-caption-text gallery-caption' id='gallery-1-12450'>\n\t\t\t\tGrupo completo del Proyecto\n\t\t\t\t<\/dd><\/dl><dl class='gallery-item'>\n\t\t\t<dt class='gallery-icon landscape'>\n\t\t\t\t<a href='https:\/\/www.fundacionsancebrian.com\/portal\/experiencias-en-el-intercambio-juvenil-luces-camara-y-accion-de-erasmus-en-drobin-polonia\/photo1714982978-1\/#main'><img decoding=\"async\" width=\"300\" height=\"225\" src=\"https:\/\/www.fundacionsancebrian.com\/portal\/wp-content\/uploads\/2024\/05\/photo1714982978-1-300x225.jpeg\" class=\"attachment-medium size-medium\" alt=\"\" aria-describedby=\"gallery-1-12451\" srcset=\"https:\/\/www.fundacionsancebrian.com\/portal\/wp-content\/uploads\/2024\/05\/photo1714982978-1-300x225.jpeg 300w, https:\/\/www.fundacionsancebrian.com\/portal\/wp-content\/uploads\/2024\/05\/photo1714982978-1-1024x768.jpeg 1024w, https:\/\/www.fundacionsancebrian.com\/portal\/wp-content\/uploads\/2024\/05\/photo1714982978-1-768x576.jpeg 768w, https:\/\/www.fundacionsancebrian.com\/portal\/wp-content\/uploads\/2024\/05\/photo1714982978-1.jpeg 1280w\" sizes=\"(max-width: 300px) 100vw, 300px\" \/><\/a>\n\t\t\t<\/dt>\n\t\t\t\t<dd class='wp-caption-text gallery-caption' id='gallery-1-12451'>\n\t\t\t\tEl equipo de Espa\u00f1a con sus trajes\n\t\t\t\t<\/dd><\/dl><dl class='gallery-item'>\n\t\t\t<dt class='gallery-icon landscape'>\n\t\t\t\t<a href='https:\/\/www.fundacionsancebrian.com\/portal\/experiencias-en-el-intercambio-juvenil-luces-camara-y-accion-de-erasmus-en-drobin-polonia\/photo1714982974-9\/#main'><img loading=\"lazy\" decoding=\"async\" width=\"300\" height=\"225\" src=\"https:\/\/www.fundacionsancebrian.com\/portal\/wp-content\/uploads\/2024\/05\/photo1714982974-9-300x225.jpeg\" class=\"attachment-medium size-medium\" alt=\"\" aria-describedby=\"gallery-1-12452\" srcset=\"https:\/\/www.fundacionsancebrian.com\/portal\/wp-content\/uploads\/2024\/05\/photo1714982974-9-300x225.jpeg 300w, https:\/\/www.fundacionsancebrian.com\/portal\/wp-content\/uploads\/2024\/05\/photo1714982974-9-1024x768.jpeg 1024w, https:\/\/www.fundacionsancebrian.com\/portal\/wp-content\/uploads\/2024\/05\/photo1714982974-9-768x576.jpeg 768w, https:\/\/www.fundacionsancebrian.com\/portal\/wp-content\/uploads\/2024\/05\/photo1714982974-9.jpeg 1280w\" sizes=\"(max-width: 300px) 100vw, 300px\" \/><\/a>\n\t\t\t<\/dt>\n\t\t\t\t<dd class='wp-caption-text gallery-caption' id='gallery-1-12452'>\n\t\t\t\tConseguido. Los participantes con su diploma de participaci\u00f3n\n\t\t\t\t<\/dd><\/dl><br style=\"clear: both\" \/><dl class='gallery-item'>\n\t\t\t<dt class='gallery-icon landscape'>\n\t\t\t\t<a href='https:\/\/www.fundacionsancebrian.com\/portal\/experiencias-en-el-intercambio-juvenil-luces-camara-y-accion-de-erasmus-en-drobin-polonia\/whatsapp-image-2024-05-02-at-09-01-57-copia\/#main'><img loading=\"lazy\" decoding=\"async\" width=\"300\" height=\"135\" src=\"https:\/\/www.fundacionsancebrian.com\/portal\/wp-content\/uploads\/2024\/05\/WhatsApp-Image-2024-05-02-at-09.01.57-copia-300x135.jpeg\" class=\"attachment-medium size-medium\" alt=\"\" aria-describedby=\"gallery-1-12453\" srcset=\"https:\/\/www.fundacionsancebrian.com\/portal\/wp-content\/uploads\/2024\/05\/WhatsApp-Image-2024-05-02-at-09.01.57-copia-300x135.jpeg 300w, https:\/\/www.fundacionsancebrian.com\/portal\/wp-content\/uploads\/2024\/05\/WhatsApp-Image-2024-05-02-at-09.01.57-copia-1024x460.jpeg 1024w, https:\/\/www.fundacionsancebrian.com\/portal\/wp-content\/uploads\/2024\/05\/WhatsApp-Image-2024-05-02-at-09.01.57-copia-768x345.jpeg 768w, https:\/\/www.fundacionsancebrian.com\/portal\/wp-content\/uploads\/2024\/05\/WhatsApp-Image-2024-05-02-at-09.01.57-copia-1536x689.jpeg 1536w, https:\/\/www.fundacionsancebrian.com\/portal\/wp-content\/uploads\/2024\/05\/WhatsApp-Image-2024-05-02-at-09.01.57-copia.jpeg 1600w\" sizes=\"(max-width: 300px) 100vw, 300px\" \/><\/a>\n\t\t\t<\/dt>\n\t\t\t\t<dd class='wp-caption-text gallery-caption' id='gallery-1-12453'>\n\t\t\t\tLugar de desarrollo: en DROBIN (Polonia)\n\t\t\t\t<\/dd><\/dl><dl class='gallery-item'>\n\t\t\t<dt class='gallery-icon portrait'>\n\t\t\t\t<a href='https:\/\/www.fundacionsancebrian.com\/portal\/experiencias-en-el-intercambio-juvenil-luces-camara-y-accion-de-erasmus-en-drobin-polonia\/img-20240428-wa0008\/#main'><img loading=\"lazy\" decoding=\"async\" width=\"225\" height=\"300\" src=\"https:\/\/www.fundacionsancebrian.com\/portal\/wp-content\/uploads\/2024\/05\/IMG-20240428-WA0008-225x300.jpg\" class=\"attachment-medium size-medium\" alt=\"\" aria-describedby=\"gallery-1-12454\" srcset=\"https:\/\/www.fundacionsancebrian.com\/portal\/wp-content\/uploads\/2024\/05\/IMG-20240428-WA0008-225x300.jpg 225w, https:\/\/www.fundacionsancebrian.com\/portal\/wp-content\/uploads\/2024\/05\/IMG-20240428-WA0008-769x1024.jpg 769w, https:\/\/www.fundacionsancebrian.com\/portal\/wp-content\/uploads\/2024\/05\/IMG-20240428-WA0008-768x1023.jpg 768w, https:\/\/www.fundacionsancebrian.com\/portal\/wp-content\/uploads\/2024\/05\/IMG-20240428-WA0008-1153x1536.jpg 1153w, https:\/\/www.fundacionsancebrian.com\/portal\/wp-content\/uploads\/2024\/05\/IMG-20240428-WA0008.jpg 1201w\" sizes=\"(max-width: 225px) 100vw, 225px\" \/><\/a>\n\t\t\t<\/dt>\n\t\t\t\t<dd class='wp-caption-text gallery-caption' id='gallery-1-12454'>\n\t\t\t\tDe visita en Varsovia (Polonia)\n\t\t\t\t<\/dd><\/dl><dl class='gallery-item'>\n\t\t\t<dt class='gallery-icon landscape'>\n\t\t\t\t<a href='https:\/\/www.fundacionsancebrian.com\/portal\/experiencias-en-el-intercambio-juvenil-luces-camara-y-accion-de-erasmus-en-drobin-polonia\/img-20240428-wa0023\/#main'><img loading=\"lazy\" decoding=\"async\" width=\"300\" height=\"224\" src=\"https:\/\/www.fundacionsancebrian.com\/portal\/wp-content\/uploads\/2024\/05\/IMG-20240428-WA0023-300x224.jpg\" class=\"attachment-medium size-medium\" alt=\"\" aria-describedby=\"gallery-1-12455\" srcset=\"https:\/\/www.fundacionsancebrian.com\/portal\/wp-content\/uploads\/2024\/05\/IMG-20240428-WA0023-300x224.jpg 300w, https:\/\/www.fundacionsancebrian.com\/portal\/wp-content\/uploads\/2024\/05\/IMG-20240428-WA0023-1024x766.jpg 1024w, https:\/\/www.fundacionsancebrian.com\/portal\/wp-content\/uploads\/2024\/05\/IMG-20240428-WA0023-768x575.jpg 768w, https:\/\/www.fundacionsancebrian.com\/portal\/wp-content\/uploads\/2024\/05\/IMG-20240428-WA0023-1536x1149.jpg 1536w, https:\/\/www.fundacionsancebrian.com\/portal\/wp-content\/uploads\/2024\/05\/IMG-20240428-WA0023.jpg 2048w\" sizes=\"(max-width: 300px) 100vw, 300px\" \/><\/a>\n\t\t\t<\/dt>\n\t\t\t\t<dd class='wp-caption-text gallery-caption' id='gallery-1-12455'>\n\t\t\t\tDe visita en Varsovia (Polonia)\n\t\t\t\t<\/dd><\/dl><br style=\"clear: both\" \/><dl class='gallery-item'>\n\t\t\t<dt class='gallery-icon landscape'>\n\t\t\t\t<a href='https:\/\/www.fundacionsancebrian.com\/portal\/experiencias-en-el-intercambio-juvenil-luces-camara-y-accion-de-erasmus-en-drobin-polonia\/53689579014_6114103ec8_c\/#main'><img loading=\"lazy\" decoding=\"async\" width=\"300\" height=\"225\" src=\"https:\/\/www.fundacionsancebrian.com\/portal\/wp-content\/uploads\/2024\/05\/53689579014_6114103ec8_c-300x225.jpg\" class=\"attachment-medium size-medium\" alt=\"\" aria-describedby=\"gallery-1-12456\" srcset=\"https:\/\/www.fundacionsancebrian.com\/portal\/wp-content\/uploads\/2024\/05\/53689579014_6114103ec8_c-300x225.jpg 300w, https:\/\/www.fundacionsancebrian.com\/portal\/wp-content\/uploads\/2024\/05\/53689579014_6114103ec8_c-768x576.jpg 768w, https:\/\/www.fundacionsancebrian.com\/portal\/wp-content\/uploads\/2024\/05\/53689579014_6114103ec8_c.jpg 800w\" sizes=\"(max-width: 300px) 100vw, 300px\" \/><\/a>\n\t\t\t<\/dt>\n\t\t\t\t<dd class='wp-caption-text gallery-caption' id='gallery-1-12456'>\n\t\t\t\tDe visita por Drobin\n\t\t\t\t<\/dd><\/dl><dl class='gallery-item'>\n\t\t\t<dt class='gallery-icon landscape'>\n\t\t\t\t<a href='https:\/\/www.fundacionsancebrian.com\/portal\/experiencias-en-el-intercambio-juvenil-luces-camara-y-accion-de-erasmus-en-drobin-polonia\/whatsapp-image-2024-05-01-at-16-17-02-2\/#main'><img loading=\"lazy\" decoding=\"async\" width=\"300\" height=\"225\" src=\"https:\/\/www.fundacionsancebrian.com\/portal\/wp-content\/uploads\/2024\/05\/WhatsApp-Image-2024-05-01-at-16.17.02-2-300x225.jpeg\" class=\"attachment-medium size-medium\" alt=\"\" aria-describedby=\"gallery-1-12457\" srcset=\"https:\/\/www.fundacionsancebrian.com\/portal\/wp-content\/uploads\/2024\/05\/WhatsApp-Image-2024-05-01-at-16.17.02-2-300x225.jpeg 300w, https:\/\/www.fundacionsancebrian.com\/portal\/wp-content\/uploads\/2024\/05\/WhatsApp-Image-2024-05-01-at-16.17.02-2-1024x768.jpeg 1024w, https:\/\/www.fundacionsancebrian.com\/portal\/wp-content\/uploads\/2024\/05\/WhatsApp-Image-2024-05-01-at-16.17.02-2-768x576.jpeg 768w, https:\/\/www.fundacionsancebrian.com\/portal\/wp-content\/uploads\/2024\/05\/WhatsApp-Image-2024-05-01-at-16.17.02-2-1536x1152.jpeg 1536w, https:\/\/www.fundacionsancebrian.com\/portal\/wp-content\/uploads\/2024\/05\/WhatsApp-Image-2024-05-01-at-16.17.02-2.jpeg 1600w\" sizes=\"(max-width: 300px) 100vw, 300px\" \/><\/a>\n\t\t\t<\/dt>\n\t\t\t\t<dd class='wp-caption-text gallery-caption' id='gallery-1-12457'>\n\t\t\t\tFin al proyecto con la entrega de diplomas \n\t\t\t\t<\/dd><\/dl><dl class='gallery-item'>\n\t\t\t<dt class='gallery-icon landscape'>\n\t\t\t\t<a href='https:\/\/www.fundacionsancebrian.com\/portal\/experiencias-en-el-intercambio-juvenil-luces-camara-y-accion-de-erasmus-en-drobin-polonia\/img-20240427-wa0017\/#main'><img loading=\"lazy\" decoding=\"async\" width=\"300\" height=\"225\" src=\"https:\/\/www.fundacionsancebrian.com\/portal\/wp-content\/uploads\/2024\/05\/IMG-20240427-WA0017-300x225.jpg\" class=\"attachment-medium size-medium\" alt=\"\" aria-describedby=\"gallery-1-12458\" srcset=\"https:\/\/www.fundacionsancebrian.com\/portal\/wp-content\/uploads\/2024\/05\/IMG-20240427-WA0017-300x225.jpg 300w, https:\/\/www.fundacionsancebrian.com\/portal\/wp-content\/uploads\/2024\/05\/IMG-20240427-WA0017-1024x768.jpg 1024w, https:\/\/www.fundacionsancebrian.com\/portal\/wp-content\/uploads\/2024\/05\/IMG-20240427-WA0017-768x576.jpg 768w, https:\/\/www.fundacionsancebrian.com\/portal\/wp-content\/uploads\/2024\/05\/IMG-20240427-WA0017-1536x1152.jpg 1536w, https:\/\/www.fundacionsancebrian.com\/portal\/wp-content\/uploads\/2024\/05\/IMG-20240427-WA0017.jpg 1600w\" sizes=\"(max-width: 300px) 100vw, 300px\" \/><\/a>\n\t\t\t<\/dt>\n\t\t\t\t<dd class='wp-caption-text gallery-caption' id='gallery-1-12458'>\n\t\t\t\tTaller de realizaci\u00f3n de brazaletes \n\t\t\t\t<\/dd><\/dl><br style=\"clear: both\" \/><dl class='gallery-item'>\n\t\t\t<dt class='gallery-icon landscape'>\n\t\t\t\t<a href='https:\/\/www.fundacionsancebrian.com\/portal\/experiencias-en-el-intercambio-juvenil-luces-camara-y-accion-de-erasmus-en-drobin-polonia\/img-20240427-wa0019\/#main'><img loading=\"lazy\" decoding=\"async\" width=\"300\" height=\"225\" src=\"https:\/\/www.fundacionsancebrian.com\/portal\/wp-content\/uploads\/2024\/05\/IMG-20240427-WA0019-300x225.jpg\" class=\"attachment-medium size-medium\" alt=\"\" aria-describedby=\"gallery-1-12459\" srcset=\"https:\/\/www.fundacionsancebrian.com\/portal\/wp-content\/uploads\/2024\/05\/IMG-20240427-WA0019-300x225.jpg 300w, https:\/\/www.fundacionsancebrian.com\/portal\/wp-content\/uploads\/2024\/05\/IMG-20240427-WA0019-1024x768.jpg 1024w, https:\/\/www.fundacionsancebrian.com\/portal\/wp-content\/uploads\/2024\/05\/IMG-20240427-WA0019-768x576.jpg 768w, https:\/\/www.fundacionsancebrian.com\/portal\/wp-content\/uploads\/2024\/05\/IMG-20240427-WA0019-1536x1152.jpg 1536w, https:\/\/www.fundacionsancebrian.com\/portal\/wp-content\/uploads\/2024\/05\/IMG-20240427-WA0019.jpg 1600w\" sizes=\"(max-width: 300px) 100vw, 300px\" \/><\/a>\n\t\t\t<\/dt>\n\t\t\t\t<dd class='wp-caption-text gallery-caption' id='gallery-1-12459'>\n\t\t\t\tParticipantes en el Proyecto\n\t\t\t\t<\/dd><\/dl><dl class='gallery-item'>\n\t\t\t<dt class='gallery-icon portrait'>\n\t\t\t\t<a href='https:\/\/www.fundacionsancebrian.com\/portal\/experiencias-en-el-intercambio-juvenil-luces-camara-y-accion-de-erasmus-en-drobin-polonia\/img-20240427-wa0032\/#main'><img loading=\"lazy\" decoding=\"async\" width=\"225\" height=\"300\" src=\"https:\/\/www.fundacionsancebrian.com\/portal\/wp-content\/uploads\/2024\/05\/IMG-20240427-WA0032-225x300.jpg\" class=\"attachment-medium size-medium\" alt=\"\" aria-describedby=\"gallery-1-12460\" srcset=\"https:\/\/www.fundacionsancebrian.com\/portal\/wp-content\/uploads\/2024\/05\/IMG-20240427-WA0032-225x300.jpg 225w, https:\/\/www.fundacionsancebrian.com\/portal\/wp-content\/uploads\/2024\/05\/IMG-20240427-WA0032-768x1024.jpg 768w, https:\/\/www.fundacionsancebrian.com\/portal\/wp-content\/uploads\/2024\/05\/IMG-20240427-WA0032-1152x1536.jpg 1152w, https:\/\/www.fundacionsancebrian.com\/portal\/wp-content\/uploads\/2024\/05\/IMG-20240427-WA0032.jpg 1200w\" sizes=\"(max-width: 225px) 100vw, 225px\" \/><\/a>\n\t\t\t<\/dt>\n\t\t\t\t<dd class='wp-caption-text gallery-caption' id='gallery-1-12460'>\n\t\t\t\tTaller de m\u00e1scaras\n\t\t\t\t<\/dd><\/dl><dl class='gallery-item'>\n\t\t\t<dt class='gallery-icon landscape'>\n\t\t\t\t<a href='https:\/\/www.fundacionsancebrian.com\/portal\/experiencias-en-el-intercambio-juvenil-luces-camara-y-accion-de-erasmus-en-drobin-polonia\/img-20240427-wa0026-copia\/#main'><img loading=\"lazy\" decoding=\"async\" width=\"300\" height=\"225\" src=\"https:\/\/www.fundacionsancebrian.com\/portal\/wp-content\/uploads\/2024\/05\/IMG-20240427-WA0026-copia-300x225.jpg\" class=\"attachment-medium size-medium\" alt=\"\" aria-describedby=\"gallery-1-12461\" srcset=\"https:\/\/www.fundacionsancebrian.com\/portal\/wp-content\/uploads\/2024\/05\/IMG-20240427-WA0026-copia-300x225.jpg 300w, https:\/\/www.fundacionsancebrian.com\/portal\/wp-content\/uploads\/2024\/05\/IMG-20240427-WA0026-copia-1024x768.jpg 1024w, https:\/\/www.fundacionsancebrian.com\/portal\/wp-content\/uploads\/2024\/05\/IMG-20240427-WA0026-copia-768x576.jpg 768w, https:\/\/www.fundacionsancebrian.com\/portal\/wp-content\/uploads\/2024\/05\/IMG-20240427-WA0026-copia-1536x1152.jpg 1536w, https:\/\/www.fundacionsancebrian.com\/portal\/wp-content\/uploads\/2024\/05\/IMG-20240427-WA0026-copia.jpg 1600w\" sizes=\"(max-width: 300px) 100vw, 300px\" \/><\/a>\n\t\t\t<\/dt>\n\t\t\t\t<dd class='wp-caption-text gallery-caption' id='gallery-1-12461'>\n\t\t\t\trealizaci\u00f3n en Taller de m\u00e1scaras\n\t\t\t\t<\/dd><\/dl><br style=\"clear: both\" \/>\n\t\t<\/div>\n\n<p>&nbsp;<\/p>\n<\/div>\n<\/div><\/div><\/div><\/div><\/div>","protected":false},"excerpt":{"rendered":"<p>&nbsp; J\u00f3venes de varios pa\u00edses de Europa se re\u00fanen 5 personas con discapacidad y 2 profesionales de la Fundaci\u00f3n San Cebri\u00e1n participaron en el encuentro \u00abLuces-C\u00e1mara-Acci\u00f3n!\u00bb. Este encuentro fue del 22 de abril al 2 de mayo en la ciudad de Drobin en Polonia. Este encuentro es del programa ERAMUS+ que es un programa de [&hellip;]<\/p>\n","protected":false},"author":1,"featured_media":12452,"comment_status":"closed","ping_status":"open","sticky":false,"template":"","format":"standard","meta":{"_seopress_robots_primary_cat":"none","_seopress_titles_title":"","_seopress_titles_desc":"","_seopress_robots_index":"","_eb_attr":"","footnotes":""},"categories":[8],"tags":[],"class_list":["post-12447","post","type-post","status-publish","format-standard","has-post-thumbnail","hentry","category-noticias","post-with-thumbnail","post-with-thumbnail-icon"],"_links":{"self":[{"href":"https:\/\/www.fundacionsancebrian.com\/portal\/wp-json\/wp\/v2\/posts\/12447","targetHints":{"allow":["GET"]}}],"collection":[{"href":"https:\/\/www.fundacionsancebrian.com\/portal\/wp-json\/wp\/v2\/posts"}],"about":[{"href":"https:\/\/www.fundacionsancebrian.com\/portal\/wp-json\/wp\/v2\/types\/post"}],"author":[{"embeddable":true,"href":"https:\/\/www.fundacionsancebrian.com\/portal\/wp-json\/wp\/v2\/users\/1"}],"replies":[{"embeddable":true,"href":"https:\/\/www.fundacionsancebrian.com\/portal\/wp-json\/wp\/v2\/comments?post=12447"}],"version-history":[{"count":10,"href":"https:\/\/www.fundacionsancebrian.com\/portal\/wp-json\/wp\/v2\/posts\/12447\/revisions"}],"predecessor-version":[{"id":12482,"href":"https:\/\/www.fundacionsancebrian.com\/portal\/wp-json\/wp\/v2\/posts\/12447\/revisions\/12482"}],"wp:featuredmedia":[{"embeddable":true,"href":"https:\/\/www.fundacionsancebrian.com\/portal\/wp-json\/wp\/v2\/media\/12452"}],"wp:attachment":[{"href":"https:\/\/www.fundacionsancebrian.com\/portal\/wp-json\/wp\/v2\/media?parent=12447"}],"wp:term":[{"taxonomy":"category","embeddable":true,"href":"https:\/\/www.fundacionsancebrian.com\/portal\/wp-json\/wp\/v2\/categories?post=12447"},{"taxonomy":"post_tag","embeddable":true,"href":"https:\/\/www.fundacionsancebrian.com\/portal\/wp-json\/wp\/v2\/tags?post=12447"}],"curies":[{"name":"wp","href":"https:\/\/api.w.org\/{rel}","templated":true}]}}