{"id":12584,"date":"2024-05-27T10:31:28","date_gmt":"2024-05-27T08:31:28","guid":{"rendered":"https:\/\/www.fundacionsancebrian.com\/portal\/?p=12584"},"modified":"2024-05-27T15:31:50","modified_gmt":"2024-05-27T13:31:50","slug":"el-dia-de-familias-llena-de-musica-diversion-y-convivencia-el-servicio-de-san-cebrian-de-campos","status":"publish","type":"post","link":"https:\/\/www.fundacionsancebrian.com\/portal\/el-dia-de-familias-llena-de-musica-diversion-y-convivencia-el-servicio-de-san-cebrian-de-campos\/","title":{"rendered":"El D\u00eda de Familias llena de m\u00fasica, diversi\u00f3n y convivencia el servicio de San Cebri\u00e1n de Campos"},"content":{"rendered":"<div id=\"pl-12584\"  class=\"panel-layout\" ><div id=\"pg-12584-0\"  class=\"panel-grid panel-no-style\" ><div id=\"pgc-12584-0-0\"  class=\"panel-grid-cell\" ><div id=\"panel-12584-0-0-0\" class=\"so-panel widget widget_sow-image panel-first-child\" data-index=\"0\" ><div class=\"panel-widget-style panel-widget-style-for-12584-0-0-0\" ><div\n\t\t\t\n\t\t\tclass=\"so-widget-sow-image so-widget-sow-image-default-4e6925654b7a-12584\"\n\t\t\t\n\t\t>\n<div class=\"sow-image-container\">\n\t\t<img \n\tsrc=\"https:\/\/www.fundacionsancebrian.com\/portal\/wp-content\/uploads\/2024\/05\/Lecturafacil1.png\" width=\"250\" height=\"50\" sizes=\"(max-width: 250px) 100vw, 250px\" alt=\"\" \t\tclass=\"so-widget-image\"\/>\n\t<\/div>\n\n<\/div><\/div><\/div><div id=\"panel-12584-0-0-1\" class=\"so-panel widget widget_sow-editor panel-last-child\" data-index=\"1\" ><div class=\"panel-widget-style panel-widget-style-for-12584-0-0-1\" ><div\n\t\t\t\n\t\t\tclass=\"so-widget-sow-editor so-widget-sow-editor-base\"\n\t\t\t\n\t\t>\n<div class=\"siteorigin-widget-tinymce textwidget\">\n\t<div style=\"font-size: 18px; line-height: 1.8em; font-family: Arial;\">\n<p><strong>D\u00eda de las familias 2024.<\/strong><\/p>\n<p>La Fundaci\u00f3n San Cebri\u00e1n celebro el domingo 26 de mayo<br \/>\nel d\u00eda de las familias.<br \/>\nEs un d\u00eda de convivencia entre familias, usuarios y trabajadores.<\/p>\n<p>El d\u00eda empez\u00f3 a las 12 del mediod\u00eda con estas actividades:<\/p>\n<ul>\n<li>Mercadillo de productos que hacen en los servicios.<\/li>\n<li>Reparto de <strong>caipiri\u00f1a sin alcohol<\/strong>.<\/li>\n<li>Taller de danza creativa con la profesional Natal\u00ed Camolez.<\/li>\n<li>Actuaci\u00f3n de baile del grupo de alumnas del Programa Mixto<\/li>\n<li>Partido de futbito en la zona de la piscina<br \/>\nen el que jugaron ni\u00f1os del pueblo, familias<br \/>\ny personas con discapacidad.<\/li>\n<\/ul>\n<p>A las 2 de la tarde fue la comida para familiares y trabajadores<br \/>\ny por la tarde actu\u00f3 el grupo palentino de m\u00fasica 'Los 4 Kantones'.<\/p>\n<p>Unos familiares dijeron:<\/p>\n<p>\"Nos encanta venir a este d\u00eda<br \/>\nporque es un d\u00eda de fiesta en el que disfrutamos con nuestro familiar<br \/>\ny tenemos la oportunidad de ver a sus compa\u00f1eros y profesionales\"<\/p>\n<\/div>\n<\/div>\n<\/div><\/div><\/div><\/div><div id=\"pgc-12584-0-1\"  class=\"panel-grid-cell\" ><div id=\"panel-12584-0-1-0\" class=\"so-panel widget widget_sow-image panel-first-child\" data-index=\"2\" ><div class=\"panel-widget-style panel-widget-style-for-12584-0-1-0\" ><div\n\t\t\t\n\t\t\tclass=\"so-widget-sow-image so-widget-sow-image-default-4e6925654b7a-12584\"\n\t\t\t\n\t\t>\n<div class=\"sow-image-container\">\n\t\t<img \n\tsrc=\"https:\/\/www.fundacionsancebrian.com\/portal\/wp-content\/uploads\/2024\/05\/Glosario1.png\" width=\"250\" height=\"50\" sizes=\"(max-width: 250px) 100vw, 250px\" alt=\"\" \t\tclass=\"so-widget-image\"\/>\n\t<\/div>\n\n<\/div><\/div><\/div><div id=\"panel-12584-0-1-1\" class=\"so-panel widget widget_sow-editor panel-last-child\" data-index=\"3\" ><div class=\"panel-widget-style panel-widget-style-for-12584-0-1-1\" ><div\n\t\t\t\n\t\t\tclass=\"so-widget-sow-editor so-widget-sow-editor-base\"\n\t\t\t\n\t\t>\n<div class=\"siteorigin-widget-tinymce textwidget\">\n\t<div style=\"font-size: 18px; line-height: 1.8em; font-family: Arial;\">\n<p><strong>Caipiri\u00f1a sin alcohol<\/strong>:<br \/>\nBebida refrescante de gaseosa<br \/>\ncon lima, az\u00facar y hielo.<\/p>\n<\/div>\n<\/div>\n<\/div><\/div><\/div><\/div><\/div><div id=\"pg-12584-1\"  class=\"panel-grid panel-no-style\" ><div id=\"pgc-12584-1-0\"  class=\"panel-grid-cell\" ><div id=\"panel-12584-1-0-0\" class=\"so-panel widget widget_sow-editor panel-first-child panel-last-child\" data-index=\"4\" ><div\n\t\t\t\n\t\t\tclass=\"so-widget-sow-editor so-widget-sow-editor-base\"\n\t\t\t\n\t\t><h3 class=\"widget-title\">M\u00e1s de 100 personas entre familias y profesionales celebran el D\u00eda de Familias junto a las personas con discapacidad<\/h3>\n<div class=\"siteorigin-widget-tinymce textwidget\">\n\t<p>Un a\u00f1o m\u00e1s, las instalaciones del servicio de San Cebri\u00e1n de Campos se llenaron, si cabe m\u00e1s a\u00fan, de vida este pasado domingo, 26 de mayo, por la celebraci\u00f3n del tradicional D\u00eda de Familias en la entidad.<\/p>\n<p>Una jornada festival que dio comienzo a las 12 horas, y que cont\u00f3 con el tradicional mercadillo de productos elaborados en los servicios; el reparto de caipiri\u00f1a, un taller de danza creativa- amenizado por la profesional Natal\u00ed Camolez-, la actuaci\u00f3n de baile del grupo de alumnas del Programa Mixto, un partido de furbito en la zona de la piscina en la que jugaron ni\u00f1os del pueblo, familias y personas con discapacidad - un partido organizado por \u00a0las trabajadoras Paula Rodr\u00edguez y Miriam D\u00edez. La jornada cont\u00f3 tambi\u00e9n con la tradicional comida en la multicancha y en los diferentes espacios de la entidad y finaliz\u00f3 el d\u00eda con m\u00e1s m\u00fasica con la actuaci\u00f3n final del grupo palentino 'Los 4 Kantones'.<\/p>\n<p>Se repartieron m\u00e1s de 200 caipiri\u00f1as sin alcohol entre todos los asistentes, lo que apacigu\u00f3 el calor que hac\u00eda. Tras el reparto de la misma se celebr\u00f3 la comida en la multicancha.<\/p>\n<p>\"<em>Nos encanta venir a este d\u00eda porque es un d\u00eda de fiesta en el que disfrutamos con nuestro familiar y tenemos la oportunidad de ver a sus compa\u00f1eros y profesionales\"<\/em>, apuntaron unos familiares.<\/p>\n<p>&nbsp;<\/p>\n\n\t\t<style type=\"text\/css\">\n\t\t\t#gallery-1 {\n\t\t\t\tmargin: auto;\n\t\t\t}\n\t\t\t#gallery-1 .gallery-item {\n\t\t\t\tfloat: left;\n\t\t\t\tmargin-top: 10px;\n\t\t\t\ttext-align: center;\n\t\t\t\twidth: 25%;\n\t\t\t}\n\t\t\t#gallery-1 img {\n\t\t\t\tborder: 2px solid #cfcfcf;\n\t\t\t}\n\t\t\t#gallery-1 .gallery-caption {\n\t\t\t\tmargin-left: 0;\n\t\t\t}\n\t\t\t\/* see gallery_shortcode() in wp-includes\/media.php *\/\n\t\t<\/style>\n\t\t<div id='gallery-1' class='gallery galleryid-12584 gallery-columns-4 gallery-size-thumbnail'><dl class='gallery-item'>\n\t\t\t<dt class='gallery-icon landscape'>\n\t\t\t\t<a href='https:\/\/www.fundacionsancebrian.com\/portal\/el-dia-de-familias-llena-de-musica-diversion-y-convivencia-el-servicio-de-san-cebrian-de-campos\/dsc_0032\/#main'><img decoding=\"async\" width=\"150\" height=\"150\" src=\"https:\/\/www.fundacionsancebrian.com\/portal\/wp-content\/uploads\/2024\/05\/DSC_0032-150x150.jpg\" class=\"attachment-thumbnail size-thumbnail\" alt=\"\" aria-describedby=\"gallery-1-12595\" srcset=\"https:\/\/www.fundacionsancebrian.com\/portal\/wp-content\/uploads\/2024\/05\/DSC_0032-150x150.jpg 150w, https:\/\/www.fundacionsancebrian.com\/portal\/wp-content\/uploads\/2024\/05\/DSC_0032-375x375.jpg 375w\" sizes=\"(max-width: 150px) 100vw, 150px\" \/><\/a>\n\t\t\t<\/dt>\n\t\t\t\t<dd class='wp-caption-text gallery-caption' id='gallery-1-12595'>\n\t\t\t\tBaile Los 4 Kantones\n\t\t\t\t<\/dd><\/dl><dl class='gallery-item'>\n\t\t\t<dt class='gallery-icon landscape'>\n\t\t\t\t<a href='https:\/\/www.fundacionsancebrian.com\/portal\/el-dia-de-familias-llena-de-musica-diversion-y-convivencia-el-servicio-de-san-cebrian-de-campos\/53749574669_480d2c6d4d_c\/#main'><img loading=\"lazy\" decoding=\"async\" width=\"150\" height=\"150\" src=\"https:\/\/www.fundacionsancebrian.com\/portal\/wp-content\/uploads\/2024\/05\/53749574669_480d2c6d4d_c-150x150.jpg\" class=\"attachment-thumbnail size-thumbnail\" alt=\"\" aria-describedby=\"gallery-1-12596\" srcset=\"https:\/\/www.fundacionsancebrian.com\/portal\/wp-content\/uploads\/2024\/05\/53749574669_480d2c6d4d_c-150x150.jpg 150w, https:\/\/www.fundacionsancebrian.com\/portal\/wp-content\/uploads\/2024\/05\/53749574669_480d2c6d4d_c-375x375.jpg 375w\" sizes=\"(max-width: 150px) 100vw, 150px\" \/><\/a>\n\t\t\t<\/dt>\n\t\t\t\t<dd class='wp-caption-text gallery-caption' id='gallery-1-12596'>\n\t\t\t\tPreparando caipiri\u00f1a\n\t\t\t\t<\/dd><\/dl><dl class='gallery-item'>\n\t\t\t<dt class='gallery-icon landscape'>\n\t\t\t\t<a href='https:\/\/www.fundacionsancebrian.com\/portal\/el-dia-de-familias-llena-de-musica-diversion-y-convivencia-el-servicio-de-san-cebrian-de-campos\/dsc_0016\/#main'><img loading=\"lazy\" decoding=\"async\" width=\"150\" height=\"150\" src=\"https:\/\/www.fundacionsancebrian.com\/portal\/wp-content\/uploads\/2024\/05\/DSC_0016-150x150.jpg\" class=\"attachment-thumbnail size-thumbnail\" alt=\"\" aria-describedby=\"gallery-1-12594\" srcset=\"https:\/\/www.fundacionsancebrian.com\/portal\/wp-content\/uploads\/2024\/05\/DSC_0016-150x150.jpg 150w, https:\/\/www.fundacionsancebrian.com\/portal\/wp-content\/uploads\/2024\/05\/DSC_0016-375x375.jpg 375w\" sizes=\"(max-width: 150px) 100vw, 150px\" \/><\/a>\n\t\t\t<\/dt>\n\t\t\t\t<dd class='wp-caption-text gallery-caption' id='gallery-1-12594'>\n\t\t\t\tBaile\n\t\t\t\t<\/dd><\/dl><dl class='gallery-item'>\n\t\t\t<dt class='gallery-icon landscape'>\n\t\t\t\t<a href='https:\/\/www.fundacionsancebrian.com\/portal\/el-dia-de-familias-llena-de-musica-diversion-y-convivencia-el-servicio-de-san-cebrian-de-campos\/dsc_0013\/#main'><img loading=\"lazy\" decoding=\"async\" width=\"150\" height=\"150\" src=\"https:\/\/www.fundacionsancebrian.com\/portal\/wp-content\/uploads\/2024\/05\/DSC_0013-150x150.jpg\" class=\"attachment-thumbnail size-thumbnail\" alt=\"\" aria-describedby=\"gallery-1-12593\" srcset=\"https:\/\/www.fundacionsancebrian.com\/portal\/wp-content\/uploads\/2024\/05\/DSC_0013-150x150.jpg 150w, https:\/\/www.fundacionsancebrian.com\/portal\/wp-content\/uploads\/2024\/05\/DSC_0013-375x375.jpg 375w\" sizes=\"(max-width: 150px) 100vw, 150px\" \/><\/a>\n\t\t\t<\/dt>\n\t\t\t\t<dd class='wp-caption-text gallery-caption' id='gallery-1-12593'>\n\t\t\t\tBaile\n\t\t\t\t<\/dd><\/dl><br style=\"clear: both\" \/><dl class='gallery-item'>\n\t\t\t<dt class='gallery-icon landscape'>\n\t\t\t\t<a href='https:\/\/www.fundacionsancebrian.com\/portal\/el-dia-de-familias-llena-de-musica-diversion-y-convivencia-el-servicio-de-san-cebrian-de-campos\/dsc_0008\/#main'><img loading=\"lazy\" decoding=\"async\" width=\"150\" height=\"150\" src=\"https:\/\/www.fundacionsancebrian.com\/portal\/wp-content\/uploads\/2024\/05\/DSC_0008-150x150.jpg\" class=\"attachment-thumbnail size-thumbnail\" alt=\"\" aria-describedby=\"gallery-1-12591\" srcset=\"https:\/\/www.fundacionsancebrian.com\/portal\/wp-content\/uploads\/2024\/05\/DSC_0008-150x150.jpg 150w, https:\/\/www.fundacionsancebrian.com\/portal\/wp-content\/uploads\/2024\/05\/DSC_0008-375x375.jpg 375w\" sizes=\"(max-width: 150px) 100vw, 150px\" \/><\/a>\n\t\t\t<\/dt>\n\t\t\t\t<dd class='wp-caption-text gallery-caption' id='gallery-1-12591'>\n\t\t\t\tBaile\n\t\t\t\t<\/dd><\/dl><dl class='gallery-item'>\n\t\t\t<dt class='gallery-icon landscape'>\n\t\t\t\t<a href='https:\/\/www.fundacionsancebrian.com\/portal\/el-dia-de-familias-llena-de-musica-diversion-y-convivencia-el-servicio-de-san-cebrian-de-campos\/dsc_0010\/#main'><img loading=\"lazy\" decoding=\"async\" width=\"150\" height=\"150\" src=\"https:\/\/www.fundacionsancebrian.com\/portal\/wp-content\/uploads\/2024\/05\/DSC_0010-150x150.jpg\" class=\"attachment-thumbnail size-thumbnail\" alt=\"\" aria-describedby=\"gallery-1-12592\" srcset=\"https:\/\/www.fundacionsancebrian.com\/portal\/wp-content\/uploads\/2024\/05\/DSC_0010-150x150.jpg 150w, https:\/\/www.fundacionsancebrian.com\/portal\/wp-content\/uploads\/2024\/05\/DSC_0010-375x375.jpg 375w\" sizes=\"(max-width: 150px) 100vw, 150px\" \/><\/a>\n\t\t\t<\/dt>\n\t\t\t\t<dd class='wp-caption-text gallery-caption' id='gallery-1-12592'>\n\t\t\t\tBaile\n\t\t\t\t<\/dd><\/dl><dl class='gallery-item'>\n\t\t\t<dt class='gallery-icon landscape'>\n\t\t\t\t<a href='https:\/\/www.fundacionsancebrian.com\/portal\/el-dia-de-familias-llena-de-musica-diversion-y-convivencia-el-servicio-de-san-cebrian-de-campos\/whatsapp-image-2024-05-26-at-21-00-39-1\/#main'><img loading=\"lazy\" decoding=\"async\" width=\"150\" height=\"150\" src=\"https:\/\/www.fundacionsancebrian.com\/portal\/wp-content\/uploads\/2024\/05\/WhatsApp-Image-2024-05-26-at-21.00.39-1-150x150.jpeg\" class=\"attachment-thumbnail size-thumbnail\" alt=\"\" aria-describedby=\"gallery-1-12590\" srcset=\"https:\/\/www.fundacionsancebrian.com\/portal\/wp-content\/uploads\/2024\/05\/WhatsApp-Image-2024-05-26-at-21.00.39-1-150x150.jpeg 150w, https:\/\/www.fundacionsancebrian.com\/portal\/wp-content\/uploads\/2024\/05\/WhatsApp-Image-2024-05-26-at-21.00.39-1-375x375.jpeg 375w\" sizes=\"(max-width: 150px) 100vw, 150px\" \/><\/a>\n\t\t\t<\/dt>\n\t\t\t\t<dd class='wp-caption-text gallery-caption' id='gallery-1-12590'>\n\t\t\t\tBaile\n\t\t\t\t<\/dd><\/dl><dl class='gallery-item'>\n\t\t\t<dt class='gallery-icon landscape'>\n\t\t\t\t<a href='https:\/\/www.fundacionsancebrian.com\/portal\/el-dia-de-familias-llena-de-musica-diversion-y-convivencia-el-servicio-de-san-cebrian-de-campos\/53749244671_a72d0dd8ca_k-1\/#main'><img loading=\"lazy\" decoding=\"async\" width=\"150\" height=\"150\" src=\"https:\/\/www.fundacionsancebrian.com\/portal\/wp-content\/uploads\/2024\/05\/53749244671_a72d0dd8ca_k-1-150x150.jpg\" class=\"attachment-thumbnail size-thumbnail\" alt=\"\" aria-describedby=\"gallery-1-12589\" srcset=\"https:\/\/www.fundacionsancebrian.com\/portal\/wp-content\/uploads\/2024\/05\/53749244671_a72d0dd8ca_k-1-150x150.jpg 150w, https:\/\/www.fundacionsancebrian.com\/portal\/wp-content\/uploads\/2024\/05\/53749244671_a72d0dd8ca_k-1-375x375.jpg 375w\" sizes=\"(max-width: 150px) 100vw, 150px\" \/><\/a>\n\t\t\t<\/dt>\n\t\t\t\t<dd class='wp-caption-text gallery-caption' id='gallery-1-12589'>\n\t\t\t\tBaile\n\t\t\t\t<\/dd><\/dl><br style=\"clear: both\" \/><dl class='gallery-item'>\n\t\t\t<dt class='gallery-icon landscape'>\n\t\t\t\t<a href='https:\/\/www.fundacionsancebrian.com\/portal\/el-dia-de-familias-llena-de-musica-diversion-y-convivencia-el-servicio-de-san-cebrian-de-campos\/53749410188_5057527bd5_6k\/#main'><img loading=\"lazy\" decoding=\"async\" width=\"150\" height=\"150\" src=\"https:\/\/www.fundacionsancebrian.com\/portal\/wp-content\/uploads\/2024\/05\/53749410188_5057527bd5_6k-150x150.jpg\" class=\"attachment-thumbnail size-thumbnail\" alt=\"\" aria-describedby=\"gallery-1-12588\" srcset=\"https:\/\/www.fundacionsancebrian.com\/portal\/wp-content\/uploads\/2024\/05\/53749410188_5057527bd5_6k-150x150.jpg 150w, https:\/\/www.fundacionsancebrian.com\/portal\/wp-content\/uploads\/2024\/05\/53749410188_5057527bd5_6k-375x375.jpg 375w\" sizes=\"(max-width: 150px) 100vw, 150px\" \/><\/a>\n\t\t\t<\/dt>\n\t\t\t\t<dd class='wp-caption-text gallery-caption' id='gallery-1-12588'>\n\t\t\t\tAlumnas Programa Mixto\n\t\t\t\t<\/dd><\/dl><dl class='gallery-item'>\n\t\t\t<dt class='gallery-icon landscape'>\n\t\t\t\t<a href='https:\/\/www.fundacionsancebrian.com\/portal\/el-dia-de-familias-llena-de-musica-diversion-y-convivencia-el-servicio-de-san-cebrian-de-campos\/53749325841_4c1a705aad_k\/#main'><img loading=\"lazy\" decoding=\"async\" width=\"150\" height=\"150\" src=\"https:\/\/www.fundacionsancebrian.com\/portal\/wp-content\/uploads\/2024\/05\/53749325841_4c1a705aad_k-150x150.jpg\" class=\"attachment-thumbnail size-thumbnail\" alt=\"\" aria-describedby=\"gallery-1-12587\" srcset=\"https:\/\/www.fundacionsancebrian.com\/portal\/wp-content\/uploads\/2024\/05\/53749325841_4c1a705aad_k-150x150.jpg 150w, https:\/\/www.fundacionsancebrian.com\/portal\/wp-content\/uploads\/2024\/05\/53749325841_4c1a705aad_k-375x375.jpg 375w\" sizes=\"(max-width: 150px) 100vw, 150px\" \/><\/a>\n\t\t\t<\/dt>\n\t\t\t\t<dd class='wp-caption-text gallery-caption' id='gallery-1-12587'>\n\t\t\t\tEquipos furbito\n\t\t\t\t<\/dd><\/dl><dl class='gallery-item'>\n\t\t\t<dt class='gallery-icon landscape'>\n\t\t\t\t<a href='https:\/\/www.fundacionsancebrian.com\/portal\/el-dia-de-familias-llena-de-musica-diversion-y-convivencia-el-servicio-de-san-cebrian-de-campos\/dsc_0099\/#main'><img loading=\"lazy\" decoding=\"async\" width=\"150\" height=\"150\" src=\"https:\/\/www.fundacionsancebrian.com\/portal\/wp-content\/uploads\/2024\/05\/DSC_0099-150x150.jpg\" class=\"attachment-thumbnail size-thumbnail\" alt=\"\" aria-describedby=\"gallery-1-12597\" srcset=\"https:\/\/www.fundacionsancebrian.com\/portal\/wp-content\/uploads\/2024\/05\/DSC_0099-150x150.jpg 150w, https:\/\/www.fundacionsancebrian.com\/portal\/wp-content\/uploads\/2024\/05\/DSC_0099-375x375.jpg 375w\" sizes=\"(max-width: 150px) 100vw, 150px\" \/><\/a>\n\t\t\t<\/dt>\n\t\t\t\t<dd class='wp-caption-text gallery-caption' id='gallery-1-12597'>\n\t\t\t\tMercadillo\n\t\t\t\t<\/dd><\/dl><dl class='gallery-item'>\n\t\t\t<dt class='gallery-icon landscape'>\n\t\t\t\t<a href='https:\/\/www.fundacionsancebrian.com\/portal\/el-dia-de-familias-llena-de-musica-diversion-y-convivencia-el-servicio-de-san-cebrian-de-campos\/dsc_0103\/#main'><img loading=\"lazy\" decoding=\"async\" width=\"150\" height=\"150\" src=\"https:\/\/www.fundacionsancebrian.com\/portal\/wp-content\/uploads\/2024\/05\/DSC_0103-150x150.jpg\" class=\"attachment-thumbnail size-thumbnail\" alt=\"\" aria-describedby=\"gallery-1-12599\" srcset=\"https:\/\/www.fundacionsancebrian.com\/portal\/wp-content\/uploads\/2024\/05\/DSC_0103-150x150.jpg 150w, https:\/\/www.fundacionsancebrian.com\/portal\/wp-content\/uploads\/2024\/05\/DSC_0103-375x375.jpg 375w\" sizes=\"(max-width: 150px) 100vw, 150px\" \/><\/a>\n\t\t\t<\/dt>\n\t\t\t\t<dd class='wp-caption-text gallery-caption' id='gallery-1-12599'>\n\t\t\t\tMercadillo\n\t\t\t\t<\/dd><\/dl><br style=\"clear: both\" \/>\n\t\t<\/div>\n\n<\/div>\n<\/div><\/div><\/div><\/div><\/div>","protected":false},"excerpt":{"rendered":"<p>D\u00eda de las familias 2024. La Fundaci\u00f3n San Cebri\u00e1n celebro el domingo 26 de mayo el d\u00eda de las familias. Es un d\u00eda de convivencia entre familias, usuarios y trabajadores. El d\u00eda empez\u00f3 a las 12 del mediod\u00eda con estas actividades: Mercadillo de productos que hacen en los servicios. Reparto de caipiri\u00f1a sin alcohol. Taller [&hellip;]<\/p>\n","protected":false},"author":1,"featured_media":12595,"comment_status":"closed","ping_status":"open","sticky":false,"template":"","format":"standard","meta":{"_seopress_robots_primary_cat":"none","_seopress_titles_title":"","_seopress_titles_desc":"","_seopress_robots_index":"","_eb_attr":"","footnotes":""},"categories":[8],"tags":[],"class_list":["post-12584","post","type-post","status-publish","format-standard","has-post-thumbnail","hentry","category-noticias","post-with-thumbnail","post-with-thumbnail-icon"],"_links":{"self":[{"href":"https:\/\/www.fundacionsancebrian.com\/portal\/wp-json\/wp\/v2\/posts\/12584","targetHints":{"allow":["GET"]}}],"collection":[{"href":"https:\/\/www.fundacionsancebrian.com\/portal\/wp-json\/wp\/v2\/posts"}],"about":[{"href":"https:\/\/www.fundacionsancebrian.com\/portal\/wp-json\/wp\/v2\/types\/post"}],"author":[{"embeddable":true,"href":"https:\/\/www.fundacionsancebrian.com\/portal\/wp-json\/wp\/v2\/users\/1"}],"replies":[{"embeddable":true,"href":"https:\/\/www.fundacionsancebrian.com\/portal\/wp-json\/wp\/v2\/comments?post=12584"}],"version-history":[{"count":9,"href":"https:\/\/www.fundacionsancebrian.com\/portal\/wp-json\/wp\/v2\/posts\/12584\/revisions"}],"predecessor-version":[{"id":12609,"href":"https:\/\/www.fundacionsancebrian.com\/portal\/wp-json\/wp\/v2\/posts\/12584\/revisions\/12609"}],"wp:featuredmedia":[{"embeddable":true,"href":"https:\/\/www.fundacionsancebrian.com\/portal\/wp-json\/wp\/v2\/media\/12595"}],"wp:attachment":[{"href":"https:\/\/www.fundacionsancebrian.com\/portal\/wp-json\/wp\/v2\/media?parent=12584"}],"wp:term":[{"taxonomy":"category","embeddable":true,"href":"https:\/\/www.fundacionsancebrian.com\/portal\/wp-json\/wp\/v2\/categories?post=12584"},{"taxonomy":"post_tag","embeddable":true,"href":"https:\/\/www.fundacionsancebrian.com\/portal\/wp-json\/wp\/v2\/tags?post=12584"}],"curies":[{"name":"wp","href":"https:\/\/api.w.org\/{rel}","templated":true}]}}