{"id":12661,"date":"2024-06-14T11:38:20","date_gmt":"2024-06-14T09:38:20","guid":{"rendered":"https:\/\/www.fundacionsancebrian.com\/portal\/?p=12661"},"modified":"2024-06-18T11:55:55","modified_gmt":"2024-06-18T09:55:55","slug":"el-grupo-fundacion-san-cebrian-y-palausa-citroen-juntos-en-la-generacion-de-alianzas-para-facilitar-oportunidades-a-todas-las-personas","status":"publish","type":"post","link":"https:\/\/www.fundacionsancebrian.com\/portal\/el-grupo-fundacion-san-cebrian-y-palausa-citroen-juntos-en-la-generacion-de-alianzas-para-facilitar-oportunidades-a-todas-las-personas\/","title":{"rendered":"El Grupo Fundaci\u00f3n San Cebri\u00e1n y Palausa Citr\u00f6en juntos en la generaci\u00f3n de alianzas para facilitar oportunidades a todas las personas"},"content":{"rendered":"<div id=\"pl-12661\"  class=\"panel-layout\" ><div id=\"pg-12661-0\"  class=\"panel-grid panel-no-style\" ><div id=\"pgc-12661-0-0\"  class=\"panel-grid-cell panel-grid-cell-mobile-last\" ><div id=\"panel-12661-0-0-0\" class=\"so-panel widget widget_sow-image panel-first-child\" data-index=\"0\" ><div class=\"panel-widget-style panel-widget-style-for-12661-0-0-0\" ><div\n\t\t\t\n\t\t\tclass=\"so-widget-sow-image so-widget-sow-image-default-4e6925654b7a-12661\"\n\t\t\t\n\t\t>\n<div class=\"sow-image-container\">\n\t\t<img \n\tsrc=\"https:\/\/www.fundacionsancebrian.com\/portal\/wp-content\/uploads\/2024\/05\/Lecturafacil1.png\" width=\"250\" height=\"50\" sizes=\"(max-width: 250px) 100vw, 250px\" alt=\"\" \t\tclass=\"so-widget-image\"\/>\n\t<\/div>\n\n<\/div><\/div><\/div><div id=\"panel-12661-0-0-1\" class=\"so-panel widget widget_sow-editor panel-last-child\" data-index=\"1\" ><div class=\"panel-widget-style panel-widget-style-for-12661-0-0-1\" ><div\n\t\t\t\n\t\t\tclass=\"so-widget-sow-editor so-widget-sow-editor-base\"\n\t\t\t\n\t\t>\n<div class=\"siteorigin-widget-tinymce textwidget\">\n\t<div style=\"font-size: 18px; line-height: 1.8em; font-family: Arial;\">\n<p><strong>Palausa Citro\u00ebn colabora con la Fundaci\u00f3n San Cebri\u00e1n.<\/strong><\/p>\n<p>El concesionario Palausa Citr\u00f6en ha prestado un veh\u00edculo al Grupo Fundaci\u00f3n San Cebri\u00e1n.<\/p>\n<p>El objetivo es ayudar a todas personas a acceder a recursos<br \/>\ny actividades de la comunidad.<\/p>\n<p>La gerente de la Fundaci\u00f3n, Eva del R\u00edo,<br \/>\nesta muy agradecida con esta colaboraci\u00f3n<br \/>\nporque mejorar\u00e1 la calidad de vida de las personas.<\/p>\n<\/div>\n<\/div>\n<\/div><\/div><\/div><\/div><div id=\"pgc-12661-0-1\"  class=\"panel-grid-cell panel-grid-cell-empty\" ><\/div><\/div><div id=\"pg-12661-1\"  class=\"panel-grid panel-no-style\" ><div id=\"pgc-12661-1-0\"  class=\"panel-grid-cell\" ><div id=\"panel-12661-1-0-0\" class=\"so-panel widget widget_sow-editor panel-first-child panel-last-child\" data-index=\"2\" ><div\n\t\t\t\n\t\t\tclass=\"so-widget-sow-editor so-widget-sow-editor-base\"\n\t\t\t\n\t\t><h3 class=\"widget-title\">El nuevo veh\u00edculo se suma a la flota que tiene la entidad social y que permite mejorar la comunicaci\u00f3n de las personas, que residen en la Provincia.<\/h3>\n<div class=\"siteorigin-widget-tinymce textwidget\">\n\t<p><a href=\"https:\/\/www.fundacionsancebrian.com\/portal\/wp-content\/uploads\/2024\/06\/1000022364-scaled.jpg\"><img fetchpriority=\"high\" fetchpriority=\"high\" decoding=\"async\" class=\"alignright wp-image-12666 size-medium\" src=\"https:\/\/www.fundacionsancebrian.com\/portal\/wp-content\/uploads\/2024\/06\/1000022364-300x300.jpg\" alt=\"\" width=\"300\" height=\"300\" srcset=\"https:\/\/www.fundacionsancebrian.com\/portal\/wp-content\/uploads\/2024\/06\/1000022364-300x300.jpg 300w, https:\/\/www.fundacionsancebrian.com\/portal\/wp-content\/uploads\/2024\/06\/1000022364-1024x1024.jpg 1024w, https:\/\/www.fundacionsancebrian.com\/portal\/wp-content\/uploads\/2024\/06\/1000022364-150x150.jpg 150w, https:\/\/www.fundacionsancebrian.com\/portal\/wp-content\/uploads\/2024\/06\/1000022364-768x768.jpg 768w, https:\/\/www.fundacionsancebrian.com\/portal\/wp-content\/uploads\/2024\/06\/1000022364-1536x1536.jpg 1536w, https:\/\/www.fundacionsancebrian.com\/portal\/wp-content\/uploads\/2024\/06\/1000022364-2048x2048.jpg 2048w, https:\/\/www.fundacionsancebrian.com\/portal\/wp-content\/uploads\/2024\/06\/1000022364-375x375.jpg 375w\" sizes=\"(max-width: 300px) 100vw, 300px\" \/><\/a>El Grupo Fundaci\u00f3n San Cebri\u00e1n apuesta por apoyar la movilidad de todas las personas para que puedan acceder a los recursos y actividades comunitarias independientemente de donde residan. Por ello, que otros colectivos, como el concesionario Palausa Citr\u00f6en apueste por ello, con la entrega de un veh\u00edculo esta misma ma\u00f1ana, \u201c<em>es sin duda un ejemplo de compromiso social de Palausa, que genera valor social y que permite que todas las personas puedan acceder a los recursos comunitarios\u201d,<\/em> apunt\u00f3 la gerente del Grupo Fundaci\u00f3n San Cebri\u00e1n, Eva del R\u00edo, tras la entrega esta ma\u00f1ana del nuevo veh\u00edculo.<\/p>\n<p>Esta ma\u00f1ana, la gerente del Grupo, Eva del R\u00edo ha asistido a la entrega del nuevo veh\u00edculo en las instalaciones del concesionario palentino, de la mano del Jefe de Ventas de Palausa Citr\u00f6en, Mariano D\u00edez.<\/p>\n<p>De esta manera, la entidad social puede ampliar los servicios de movilidad de las personas, que residen en la Provincia, permitiendo as\u00ed que las personas a las que apoya puedan seguir participando en actividades comunitarias, independientemente del lugar en el que residan.<\/p>\n<\/div>\n<\/div><\/div><\/div><\/div><\/div>","protected":false},"excerpt":{"rendered":"<p>El Grupo Fundaci\u00f3n San Cebri\u00e1n apuesta por apoyar la movilidad de todas las personas para que puedan acceder a los recursos y actividades comunitarias independientemente de donde residan.<\/p>\n","protected":false},"author":1,"featured_media":12666,"comment_status":"closed","ping_status":"open","sticky":false,"template":"","format":"standard","meta":{"_seopress_robots_primary_cat":"none","_seopress_titles_title":"","_seopress_titles_desc":"","_seopress_robots_index":"","_eb_attr":"","footnotes":""},"categories":[8],"tags":[],"class_list":["post-12661","post","type-post","status-publish","format-standard","has-post-thumbnail","hentry","category-noticias","post-with-thumbnail","post-with-thumbnail-icon"],"_links":{"self":[{"href":"https:\/\/www.fundacionsancebrian.com\/portal\/wp-json\/wp\/v2\/posts\/12661","targetHints":{"allow":["GET"]}}],"collection":[{"href":"https:\/\/www.fundacionsancebrian.com\/portal\/wp-json\/wp\/v2\/posts"}],"about":[{"href":"https:\/\/www.fundacionsancebrian.com\/portal\/wp-json\/wp\/v2\/types\/post"}],"author":[{"embeddable":true,"href":"https:\/\/www.fundacionsancebrian.com\/portal\/wp-json\/wp\/v2\/users\/1"}],"replies":[{"embeddable":true,"href":"https:\/\/www.fundacionsancebrian.com\/portal\/wp-json\/wp\/v2\/comments?post=12661"}],"version-history":[{"count":5,"href":"https:\/\/www.fundacionsancebrian.com\/portal\/wp-json\/wp\/v2\/posts\/12661\/revisions"}],"predecessor-version":[{"id":12734,"href":"https:\/\/www.fundacionsancebrian.com\/portal\/wp-json\/wp\/v2\/posts\/12661\/revisions\/12734"}],"wp:featuredmedia":[{"embeddable":true,"href":"https:\/\/www.fundacionsancebrian.com\/portal\/wp-json\/wp\/v2\/media\/12666"}],"wp:attachment":[{"href":"https:\/\/www.fundacionsancebrian.com\/portal\/wp-json\/wp\/v2\/media?parent=12661"}],"wp:term":[{"taxonomy":"category","embeddable":true,"href":"https:\/\/www.fundacionsancebrian.com\/portal\/wp-json\/wp\/v2\/categories?post=12661"},{"taxonomy":"post_tag","embeddable":true,"href":"https:\/\/www.fundacionsancebrian.com\/portal\/wp-json\/wp\/v2\/tags?post=12661"}],"curies":[{"name":"wp","href":"https:\/\/api.w.org\/{rel}","templated":true}]}}