{"id":12717,"date":"2024-06-01T10:49:20","date_gmt":"2024-06-01T08:49:20","guid":{"rendered":"https:\/\/www.fundacionsancebrian.com\/portal\/?p=12717"},"modified":"2024-06-21T12:59:50","modified_gmt":"2024-06-21T10:59:50","slug":"curso-de-monitor","status":"publish","type":"post","link":"https:\/\/www.fundacionsancebrian.com\/portal\/curso-de-monitor\/","title":{"rendered":"Curso de monitor de ocio y tiempo libre junio julio 2024"},"content":{"rendered":"<div id=\"pl-12717\"  class=\"panel-layout\" ><div id=\"pg-12717-0\"  class=\"panel-grid panel-no-style\" ><div id=\"pgc-12717-0-0\"  class=\"panel-grid-cell\" ><div id=\"panel-12717-0-0-0\" class=\"so-panel widget widget_sow-editor panel-first-child panel-last-child\" data-index=\"0\" ><div\n\t\t\t\n\t\t\tclass=\"so-widget-sow-editor so-widget-sow-editor-base\"\n\t\t\t\n\t\t>\n<div class=\"siteorigin-widget-tinymce textwidget\">\n\t<h1><strong>Monitor\/a de tiempo libre junio - julio 2024<\/strong><\/h1>\n<hr \/>\n<p>&nbsp;<\/p>\n<p><a href=\"https:\/\/www.fundacionsancebrian.com\/portal\/escuela-de-animacion-puntos-suspensivos\/\"><div class=\"su-service\"><div class=\"su-service-title\" style=\"padding-left:78px;min-height:64px;line-height:64px\"><img decoding=\"async\" src=\"https:\/\/www.fundacionsancebrian.com\/portal\/wp-content\/uploads\/2020\/07\/formularios-de-google.png\" width=\"64\" height=\"64\" alt=\"P\u00e1gina de inscripci\u00f3n\" style=\"width:64px;height:64px\" \/> P\u00e1gina de inscripci\u00f3n<\/div><div class=\"su-service-content su-u-clearfix su-u-trim\" style=\"padding-left:78px\"><\/div><\/div><\/a><\/p>\n<hr \/>\n<p>La titulaci\u00f3n se organiza en dos fases formativas, te\u00f3rica y pr\u00e1ctica, debiendo finalizar y estar evaluadas en el plazo de 24 meses a contar desde su inicio.<\/p>\n<p><strong>FASE FORMATIVA TE\u00d3RICA:<\/strong><br \/>\n150 horas.<\/p>\n<p><strong>FASE FORMATIVA DE PR\u00c1CTICAS NO LABORALES:<br \/>\n<\/strong>160 horas. Se realizar\u00e1 una vez superada la fase te\u00f3rica en alguna actividad de tiempo libre.<\/p>\n<p>En total\u00a0310 horas\u00a0de duraci\u00f3n.<\/p>\n<hr \/>\n<h2>M\u00f3dulos formativos:<\/h2>\n<p>El curso para la obtenci\u00f3n de la titulaci\u00f3n de monitor\/a de tiempo libre tendr\u00e1 la duraci\u00f3n y contenidos recogidos en el\u00a0<em>Real Decreto 1537\/2011, de 31 de octubre, por el que se establece el certificado de profesionalidad de dinamizaci\u00f3n de actividades<\/em>.<\/p>\n<p>M\u00f3dulos formativos:<\/p>\n<ul>\n<li>MF1866_2: Actividades de educaci\u00f3n en el tiempo libre infantil y juvenil. 60 horas.<\/li>\n<li>MF1867_2: Procesos grupales y educativos en el tiempo libre infantil y juvenil. 30 horas.<\/li>\n<li>MF1868_2: T\u00e9cnicas y recursos de animaci\u00f3n en actividades de tiempo libre. 60 horas.<\/li>\n<li>MP0270: M\u00f3dulo de pr\u00e1cticas profesionales no laborales de Dinamizaci\u00f3n de actividades de tiempo libre educativo infantil y juvenil. 160 horas.<\/li>\n<\/ul>\n<hr \/>\n<h2>Requisitos necesarios:<\/h2>\n<ul>\n<li>Tener 18 a\u00f1os cumplidos a la fecha de inicio del curso.<\/li>\n<li>Estar en posesi\u00f3n de alguna de las siguientes titulaciones o certificados:\n<ul>\n<li>T\u00edtulo de graduado en educaci\u00f3n secundaria obligatoria o titulaci\u00f3n equivalente*.<\/li>\n<li>Certificado de profesionalidad o certificado profesional de nivel 2 de cualquier familia y \u00e1rea profesional.<\/li>\n<\/ul>\n<\/li>\n<\/ul>\n<hr \/>\n<h2>Fechas de realizaci\u00f3n<\/h2>\n<p>Del 25 de junio al 22 de julio.<\/p>\n<p>Formaci\u00f3n presencial: de 8:15 a 15:00 d\u00edas 25 junio a 12 julio.<\/p>\n<p>Formaci\u00f3n online: del 13 julio al 21 julio.<\/p>\n<p>Dia 22 julio examen. Presencial de 10:00 a 13:00<\/p>\n<hr \/>\n<h2>Lugar realizaci\u00f3n<\/h2>\n<p>Centro Lecrac, Avenida de Valladolid, Palencia.<\/p>\n<hr \/>\n<h2>Matricula<\/h2>\n<p>190 \u20ac para inscripciones desde el 3 hasta el 16 de junio.<\/p>\n<p>215 \u20ac desde el 17 hasta el 23 de junio.<\/p>\n<p>Fecha l\u00edmite para inscripciones hasta el 23 de junio.<\/p>\n<p>Las inscripciones deben ser con el formulario de esta misma p\u00e1gina.<\/p>\n<\/div>\n<\/div><\/div><\/div><\/div><\/div>","protected":false},"excerpt":{"rendered":"<p>Toda la informaci\u00f3n sobre el nuevo curso de monitor. Inscr\u00edbete aqu\u00ed.<\/p>\n","protected":false},"author":2,"featured_media":12722,"comment_status":"closed","ping_status":"open","sticky":false,"template":"","format":"standard","meta":{"_seopress_robots_primary_cat":"none","_seopress_titles_title":"","_seopress_titles_desc":"","_seopress_robots_index":"","_eb_attr":"","footnotes":""},"categories":[8],"tags":[],"class_list":["post-12717","post","type-post","status-publish","format-standard","has-post-thumbnail","hentry","category-noticias","post-with-thumbnail","post-with-thumbnail-icon"],"_links":{"self":[{"href":"https:\/\/www.fundacionsancebrian.com\/portal\/wp-json\/wp\/v2\/posts\/12717","targetHints":{"allow":["GET"]}}],"collection":[{"href":"https:\/\/www.fundacionsancebrian.com\/portal\/wp-json\/wp\/v2\/posts"}],"about":[{"href":"https:\/\/www.fundacionsancebrian.com\/portal\/wp-json\/wp\/v2\/types\/post"}],"author":[{"embeddable":true,"href":"https:\/\/www.fundacionsancebrian.com\/portal\/wp-json\/wp\/v2\/users\/2"}],"replies":[{"embeddable":true,"href":"https:\/\/www.fundacionsancebrian.com\/portal\/wp-json\/wp\/v2\/comments?post=12717"}],"version-history":[{"count":6,"href":"https:\/\/www.fundacionsancebrian.com\/portal\/wp-json\/wp\/v2\/posts\/12717\/revisions"}],"predecessor-version":[{"id":12730,"href":"https:\/\/www.fundacionsancebrian.com\/portal\/wp-json\/wp\/v2\/posts\/12717\/revisions\/12730"}],"wp:featuredmedia":[{"embeddable":true,"href":"https:\/\/www.fundacionsancebrian.com\/portal\/wp-json\/wp\/v2\/media\/12722"}],"wp:attachment":[{"href":"https:\/\/www.fundacionsancebrian.com\/portal\/wp-json\/wp\/v2\/media?parent=12717"}],"wp:term":[{"taxonomy":"category","embeddable":true,"href":"https:\/\/www.fundacionsancebrian.com\/portal\/wp-json\/wp\/v2\/categories?post=12717"},{"taxonomy":"post_tag","embeddable":true,"href":"https:\/\/www.fundacionsancebrian.com\/portal\/wp-json\/wp\/v2\/tags?post=12717"}],"curies":[{"name":"wp","href":"https:\/\/api.w.org\/{rel}","templated":true}]}}