{"id":12781,"date":"2024-06-05T14:11:45","date_gmt":"2024-06-05T12:11:45","guid":{"rendered":"https:\/\/www.fundacionsancebrian.com\/portal\/?p=12781"},"modified":"2024-06-24T09:28:02","modified_gmt":"2024-06-24T07:28:02","slug":"participacion-del-proyecto-revital-en-el-evento-de-innovacion-en-bioingenieria-en-bidart-francia","status":"publish","type":"post","link":"https:\/\/www.fundacionsancebrian.com\/portal\/participacion-del-proyecto-revital-en-el-evento-de-innovacion-en-bioingenieria-en-bidart-francia\/","title":{"rendered":"Participaci\u00f3n del proyecto REVITAL en el evento de Innovaci\u00f3n en Bioingenier\u00eda en Bidart, Francia"},"content":{"rendered":"<div id=\"pl-12781\"  class=\"panel-layout\" ><div id=\"pg-12781-0\"  class=\"panel-grid panel-no-style\" ><div id=\"pgc-12781-0-0\"  class=\"panel-grid-cell\" ><div id=\"panel-12781-0-0-0\" class=\"so-panel widget widget_sow-editor panel-first-child panel-last-child\" data-index=\"0\" ><div\n\t\t\t\n\t\t\tclass=\"so-widget-sow-editor so-widget-sow-editor-base\"\n\t\t\t\n\t\t>\n<div class=\"siteorigin-widget-tinymce textwidget\">\n\t<p>El 4 de junio de 2024, el proyecto REVITAL, coordinado por esta entidad y financiado por los Fondos SUDOE Interreg, particip\u00f3 en un evento destacado en las instalaciones de ESTIA, en Bidart, Francia (Pa\u00eds Vasco Franc\u00e9s). Este encuentro<strong> reuni\u00f3 a diversas entidades y empresas relacionadas con la biotecnolog\u00eda<\/strong>, los sistemas de apoyo y rehabilitaci\u00f3n, y el sector de la educaci\u00f3n superior, con el objetivo de fomentar la colaboraci\u00f3n y la innovaci\u00f3n en el \u00e1mbito de la salud y la rehabilitaci\u00f3n.<\/p>\n<p><a href=\"https:\/\/www.fundacionsancebrian.com\/portal\/wp-content\/uploads\/2024\/06\/Collage-evento-ESTIA.jpeg\"><img fetchpriority=\"high\" fetchpriority=\"high\" decoding=\"async\" class=\"alignright wp-image-12784 size-medium\" src=\"https:\/\/www.fundacionsancebrian.com\/portal\/wp-content\/uploads\/2024\/06\/Collage-evento-ESTIA-300x300.jpeg\" alt=\"\" width=\"300\" height=\"300\" srcset=\"https:\/\/www.fundacionsancebrian.com\/portal\/wp-content\/uploads\/2024\/06\/Collage-evento-ESTIA-300x300.jpeg 300w, https:\/\/www.fundacionsancebrian.com\/portal\/wp-content\/uploads\/2024\/06\/Collage-evento-ESTIA-1024x1024.jpeg 1024w, https:\/\/www.fundacionsancebrian.com\/portal\/wp-content\/uploads\/2024\/06\/Collage-evento-ESTIA-150x150.jpeg 150w, https:\/\/www.fundacionsancebrian.com\/portal\/wp-content\/uploads\/2024\/06\/Collage-evento-ESTIA-768x768.jpeg 768w, https:\/\/www.fundacionsancebrian.com\/portal\/wp-content\/uploads\/2024\/06\/Collage-evento-ESTIA-1536x1536.jpeg 1536w, https:\/\/www.fundacionsancebrian.com\/portal\/wp-content\/uploads\/2024\/06\/Collage-evento-ESTIA-375x375.jpeg 375w, https:\/\/www.fundacionsancebrian.com\/portal\/wp-content\/uploads\/2024\/06\/Collage-evento-ESTIA.jpeg 1920w\" sizes=\"(max-width: 300px) 100vw, 300px\" \/><\/a>Entre los participantes destacaron:<\/p>\n<ul>\n<li>Cl\u00faster SIVI<\/li>\n<li>DEUSTO<\/li>\n<li>ESTIA<\/li>\n<li>Cl\u00faster SIVI con la presentaci\u00f3n del proyecto REVITAL<\/li>\n<li>Basque Health Cluster<\/li>\n<li>OROI<\/li>\n<li>GOGOA<\/li>\n<li>TECNALIA<\/li>\n<li>LOJELIS<\/li>\n<li>Hospital de Garazi<\/li>\n<\/ul>\n<p>Durante el evento, se llevaron a cabo presentaciones que permitieron a los asistentes compartir conocimientos y explorar las actuales oportunidades de innovaci\u00f3n en el \u00e1mbito de la salud y la rehabilitaci\u00f3n. La participaci\u00f3n del proyecto REVITAL subray\u00f3 la importancia en la mejora de las condiciones de vida en las regiones rurales del suroeste europeo. Esta intervenci\u00f3n fue realizada por Cluster SIVI.<\/p>\n<p>Tambi\u00e9n en relaci\u00f3n con el proyecto, el Hospital de Garazi comparti\u00f3 las oportunidades que le abre REVITAL en su proceso de innovaci\u00f3n en cuanto a la tecnolog\u00eda cada vez m\u00e1s creciente en la medicina.<\/p>\n<p>Las empresas OROI, GOGOA, TECNALIA y LOJELIS, reconocidas por ofrecer tecnolog\u00edas avanzadas para la rehabilitaci\u00f3n, presentaron sus \u00faltimas innovaciones y demostraron c\u00f3mo sus soluciones est\u00e1n transformando el sector de la salud y mejorando la calidad de vida de los pacientes.<\/p>\n<p>Este evento no solo reforz\u00f3 los lazos entre las entidades participantes, sino que tambi\u00e9n impuls\u00f3 el intercambio de ideas y experiencias en la b\u00fasqueda de soluciones innovadoras para los desaf\u00edos actuales en el campo de la biomedicina y la rehabilitaci\u00f3n.<\/p>\n<p>C\u00f3digo del proyecto S1\/4.5\/E0037<br \/>\nImporte FEDER aprobado: 1.598.331,75\u20ac<br \/>\nProyecto financiado por el programa Interreg VI-B Sudoe. 1\u00aa convocatoria Sudoe 2021-2027<\/p>\n<\/div>\n<\/div><\/div><\/div><\/div><\/div>","protected":false},"excerpt":{"rendered":"<p>El 4 de junio de 2024, el proyecto REVITAL, coordinado por esta entidad y financiado por los Fondos SUDOE Interreg, particip\u00f3 en un evento destacado en las instalaciones de ESTIA, en Bidart, Francia (Pa\u00eds Vasco Franc\u00e9s). Este encuentro reuni\u00f3 a diversas entidades y empresas relacionadas con la biotecnolog\u00eda, los sistemas de apoyo y rehabilitaci\u00f3n, y [&hellip;]<\/p>\n","protected":false},"author":1,"featured_media":12784,"comment_status":"closed","ping_status":"open","sticky":false,"template":"","format":"standard","meta":{"_seopress_robots_primary_cat":"none","_seopress_titles_title":"","_seopress_titles_desc":"","_seopress_robots_index":"","_eb_attr":"","footnotes":""},"categories":[8],"tags":[],"class_list":["post-12781","post","type-post","status-publish","format-standard","has-post-thumbnail","hentry","category-noticias","post-with-thumbnail","post-with-thumbnail-icon"],"_links":{"self":[{"href":"https:\/\/www.fundacionsancebrian.com\/portal\/wp-json\/wp\/v2\/posts\/12781","targetHints":{"allow":["GET"]}}],"collection":[{"href":"https:\/\/www.fundacionsancebrian.com\/portal\/wp-json\/wp\/v2\/posts"}],"about":[{"href":"https:\/\/www.fundacionsancebrian.com\/portal\/wp-json\/wp\/v2\/types\/post"}],"author":[{"embeddable":true,"href":"https:\/\/www.fundacionsancebrian.com\/portal\/wp-json\/wp\/v2\/users\/1"}],"replies":[{"embeddable":true,"href":"https:\/\/www.fundacionsancebrian.com\/portal\/wp-json\/wp\/v2\/comments?post=12781"}],"version-history":[{"count":3,"href":"https:\/\/www.fundacionsancebrian.com\/portal\/wp-json\/wp\/v2\/posts\/12781\/revisions"}],"predecessor-version":[{"id":12813,"href":"https:\/\/www.fundacionsancebrian.com\/portal\/wp-json\/wp\/v2\/posts\/12781\/revisions\/12813"}],"wp:featuredmedia":[{"embeddable":true,"href":"https:\/\/www.fundacionsancebrian.com\/portal\/wp-json\/wp\/v2\/media\/12784"}],"wp:attachment":[{"href":"https:\/\/www.fundacionsancebrian.com\/portal\/wp-json\/wp\/v2\/media?parent=12781"}],"wp:term":[{"taxonomy":"category","embeddable":true,"href":"https:\/\/www.fundacionsancebrian.com\/portal\/wp-json\/wp\/v2\/categories?post=12781"},{"taxonomy":"post_tag","embeddable":true,"href":"https:\/\/www.fundacionsancebrian.com\/portal\/wp-json\/wp\/v2\/tags?post=12781"}],"curies":[{"name":"wp","href":"https:\/\/api.w.org\/{rel}","templated":true}]}}