{"id":12814,"date":"2024-06-24T13:31:54","date_gmt":"2024-06-24T11:31:54","guid":{"rendered":"https:\/\/www.fundacionsancebrian.com\/portal\/?p=12814"},"modified":"2024-06-26T09:55:56","modified_gmt":"2024-06-26T07:55:56","slug":"el-espacio-abierto-angel-aguado-de-villamuriel-contara-con-una-sala-de-estimulacion-neuromotora-para-ninos-y-adolescentes-gracias-a-la-donacion-de-la-7a-carrera-solidaria-organizada-por-los-centros","status":"publish","type":"post","link":"https:\/\/www.fundacionsancebrian.com\/portal\/el-espacio-abierto-angel-aguado-de-villamuriel-contara-con-una-sala-de-estimulacion-neuromotora-para-ninos-y-adolescentes-gracias-a-la-donacion-de-la-7a-carrera-solidaria-organizada-por-los-centros\/","title":{"rendered":"El Espacio Abierto \u00c1ngel Aguado de Villamuriel contar\u00e1 con una sala de estimulaci\u00f3n neuromotora para ni\u00f1os y adolescentes, gracias a la donaci\u00f3n de la 7\u00aa Carrera Solidaria, organizada por los centros educativos"},"content":{"rendered":"<div id=\"pl-12814\"  class=\"panel-layout\" ><div id=\"pg-12814-0\"  class=\"panel-grid panel-no-style\" ><div id=\"pgc-12814-0-0\"  class=\"panel-grid-cell\" ><div id=\"panel-12814-0-0-0\" class=\"so-panel widget widget_sow-image panel-first-child\" data-index=\"0\" ><div class=\"panel-widget-style panel-widget-style-for-12814-0-0-0\" ><div\n\t\t\t\n\t\t\tclass=\"so-widget-sow-image so-widget-sow-image-default-4e6925654b7a-12814\"\n\t\t\t\n\t\t>\n<div class=\"sow-image-container\">\n\t\t<img \n\tsrc=\"https:\/\/www.fundacionsancebrian.com\/portal\/wp-content\/uploads\/2024\/05\/Lecturafacil1.png\" width=\"250\" height=\"50\" sizes=\"(max-width: 250px) 100vw, 250px\" alt=\"\" \t\tclass=\"so-widget-image\"\/>\n\t<\/div>\n\n<\/div><\/div><\/div><div id=\"panel-12814-0-0-1\" class=\"so-panel widget widget_sow-editor panel-last-child\" data-index=\"1\" ><div class=\"panel-widget-style panel-widget-style-for-12814-0-0-1\" ><div\n\t\t\t\n\t\t\tclass=\"so-widget-sow-editor so-widget-sow-editor-base\"\n\t\t\t\n\t\t>\n<div class=\"siteorigin-widget-tinymce textwidget\">\n\t<div style=\"font-size: 18px; line-height: 1.8em; font-family: Arial;\">\n<p><b>Nueva sala para el Espacio Abierto \u00c1ngel Aguado.<\/b><\/p>\n<p>El Espacio Abierto \u00c1ngel Aguado en Villamuriel de Cerrato<br \/>\ntendr\u00e1 una sala de estimulaci\u00f3n neuromotora para ni\u00f1os y adolescentes.<br \/>\nEs decir, una sala de educaci\u00f3n y estimulaci\u00f3n<br \/>\npara mejorar el funcionamiento del cerebro.<\/p>\n<p>El dinero necesario para hacer esta sala<br \/>\nse consigui\u00f3 gracias a una <strong>carrera solidaria<\/strong><br \/>\norganizada por colegios de Villamuriel de Cerrato.<\/p>\n<p>Casi mil alumnos participaron en la carrera<br \/>\ny se recaudaron mas de 6 mil euros.<\/p>\n<\/div>\n<\/div>\n<\/div><\/div><\/div><\/div><div id=\"pgc-12814-0-1\"  class=\"panel-grid-cell\" ><div id=\"panel-12814-0-1-0\" class=\"so-panel widget widget_sow-image panel-first-child\" data-index=\"2\" ><div class=\"panel-widget-style panel-widget-style-for-12814-0-1-0\" ><div\n\t\t\t\n\t\t\tclass=\"so-widget-sow-image so-widget-sow-image-default-4e6925654b7a-12814\"\n\t\t\t\n\t\t>\n<div class=\"sow-image-container\">\n\t\t<img \n\tsrc=\"https:\/\/www.fundacionsancebrian.com\/portal\/wp-content\/uploads\/2024\/05\/Glosario1.png\" width=\"250\" height=\"50\" sizes=\"(max-width: 250px) 100vw, 250px\" alt=\"\" \t\tclass=\"so-widget-image\"\/>\n\t<\/div>\n\n<\/div><\/div><\/div><div id=\"panel-12814-0-1-1\" class=\"so-panel widget widget_sow-editor panel-last-child\" data-index=\"3\" ><div class=\"panel-widget-style panel-widget-style-for-12814-0-1-1\" ><div\n\t\t\t\n\t\t\tclass=\"so-widget-sow-editor so-widget-sow-editor-base\"\n\t\t\t\n\t\t>\n<div class=\"siteorigin-widget-tinymce textwidget\">\n\t<div style=\"font-size: 18px; line-height: 1.8em; font-family: Arial;\">\n<p><strong>Carrera solidaria<\/strong>:<br \/>\nEs una carrera donde los participantes<br \/>\ndonan dinero para un proyecto.<\/p>\n<\/div>\n<\/div>\n<\/div><\/div><\/div><\/div><\/div><div id=\"pg-12814-1\"  class=\"panel-grid panel-no-style\" ><div id=\"pgc-12814-1-0\"  class=\"panel-grid-cell\" ><div id=\"panel-12814-1-0-0\" class=\"so-panel widget widget_sow-editor panel-first-child panel-last-child\" data-index=\"4\" ><div\n\t\t\t\n\t\t\tclass=\"so-widget-sow-editor so-widget-sow-editor-base\"\n\t\t\t\n\t\t>\n<div class=\"siteorigin-widget-tinymce textwidget\">\n\t<p>El Espacio Abierto \u00c1ngel Aguado en Villamuriel de Cerrato, el nuevo espacio del Grupo Fundaci\u00f3n San Cebri\u00e1n abierto a toda la comunidad, que abri\u00f3 sus puertas en enero de este a\u00f1o, contar\u00e1 en los pr\u00f3ximos meses con una sala de estimulaci\u00f3n neuromotora para ni\u00f1os y adolescentes de la localidad, \u00a0que as\u00ed lo requieran.<\/p>\n<p><a href=\"https:\/\/www.fundacionsancebrian.com\/portal\/wp-content\/uploads\/2024\/06\/Acto-entrega-Dinero-recaudado-7a-Carrera-Solidaria-1-scaled.jpg\"><img fetchpriority=\"high\" fetchpriority=\"high\" decoding=\"async\" class=\"alignright wp-image-12817\" src=\"https:\/\/www.fundacionsancebrian.com\/portal\/wp-content\/uploads\/2024\/06\/Acto-entrega-Dinero-recaudado-7a-Carrera-Solidaria-1-300x231.jpg\" alt=\"\" width=\"400\" height=\"309\" srcset=\"https:\/\/www.fundacionsancebrian.com\/portal\/wp-content\/uploads\/2024\/06\/Acto-entrega-Dinero-recaudado-7a-Carrera-Solidaria-1-300x231.jpg 300w, https:\/\/www.fundacionsancebrian.com\/portal\/wp-content\/uploads\/2024\/06\/Acto-entrega-Dinero-recaudado-7a-Carrera-Solidaria-1-1024x790.jpg 1024w, https:\/\/www.fundacionsancebrian.com\/portal\/wp-content\/uploads\/2024\/06\/Acto-entrega-Dinero-recaudado-7a-Carrera-Solidaria-1-768x592.jpg 768w, https:\/\/www.fundacionsancebrian.com\/portal\/wp-content\/uploads\/2024\/06\/Acto-entrega-Dinero-recaudado-7a-Carrera-Solidaria-1-1536x1185.jpg 1536w, https:\/\/www.fundacionsancebrian.com\/portal\/wp-content\/uploads\/2024\/06\/Acto-entrega-Dinero-recaudado-7a-Carrera-Solidaria-1-2048x1580.jpg 2048w\" sizes=\"(max-width: 400px) 100vw, 400px\" \/><\/a>El proyecto podr\u00e1 llevarse a cabo gracias al dinero recaudado en la 7\u00aa Carrera Solidaria, celebrada en la localidad cerrate\u00f1a el pasado 24 de abril y organizada por los siguientes centros escolares de Villamuriel: IESO Canal de Castilla, CEIP G\u00f3mez Manrique, CEIP Pradera de la Aguilera, Escuelas Infantiles Koala y Centro Don Bosco (Salesianos). En la carrera tambi\u00e9n se cont\u00f3 con la colaboraci\u00f3n del Ayuntamiento de Villamuriel, el Club de Triatl\u00f3n de Villamuriel y alumnos de la Facultad de Educaci\u00f3n de Palencia.<\/p>\n<p>Cerca de 1.000 alumnos participaron en la carrera en la que se recaudaron 6245,66\u20ac, que esta ma\u00f1ana han sido entregados, de forma simb\u00f3lica en el Espacio Abierto \u00c1ngel Aguado, en un acto al que han asistido representantes de los centros educativos; el alcalde de Villamuriel, Roberto Mart\u00edn y la gerente del Grupo Fundaci\u00f3n San Cebri\u00e1n, Eva del R\u00edo, junto al responsable del Espacio, \u00c1lvaro Rosales.<\/p>\n<p><em>\u201cEs importante que los ni\u00f1os y adolescentes tengan contacto con personas con discapacidad, porque ellos son el futuro y as\u00ed estamos construyendo una sociedad m\u00e1s justa y solidaria\u201d, <\/em>apunt\u00f3 la gerente del Grupo Fundaci\u00f3n San Cebri\u00e1n, Eva del R\u00edo durante la entrega simb\u00f3lica, quien agradeci\u00f3 a todos su implicaci\u00f3n en la carrera.<\/p>\n<p>Por su parte, el alcalde de Villamuriel, Roberto Mart\u00edn destac\u00f3 que \u201c<em>es un placer poder contribuir a que un espacio como \u00e9ste, el Espacio abierto \u00c1ngel Aguado siga creciendo ya que dar\u00e1 servicio y ya lo est\u00e1 haciendo a todos los vecinos de la localidad\u201d. <\/em><\/p>\n<p>Esta Carrera Solidaria, seg\u00fan apunt\u00f3 Marta Pascual del CEIP G\u00f3mez Manrique, <em>\u201ces mucho m\u00e1s que una actividad deportiva, sino que tambi\u00e9n es una actividad de convivencia porque se logra reunir a toda la infancia y adolescencia en una \u00fanica actividad<\/em>\u201d.<\/p>\n<p>&nbsp;<\/p>\n\n\t\t<style type=\"text\/css\">\n\t\t\t#gallery-1 {\n\t\t\t\tmargin: auto;\n\t\t\t}\n\t\t\t#gallery-1 .gallery-item {\n\t\t\t\tfloat: left;\n\t\t\t\tmargin-top: 10px;\n\t\t\t\ttext-align: center;\n\t\t\t\twidth: 33%;\n\t\t\t}\n\t\t\t#gallery-1 img {\n\t\t\t\tborder: 2px solid #cfcfcf;\n\t\t\t}\n\t\t\t#gallery-1 .gallery-caption {\n\t\t\t\tmargin-left: 0;\n\t\t\t}\n\t\t\t\/* see gallery_shortcode() in wp-includes\/media.php *\/\n\t\t<\/style>\n\t\t<div id='gallery-1' class='gallery galleryid-12814 gallery-columns-3 gallery-size-thumbnail'><dl class='gallery-item'>\n\t\t\t<dt class='gallery-icon landscape'>\n\t\t\t\t<a href='https:\/\/www.fundacionsancebrian.com\/portal\/el-espacio-abierto-angel-aguado-de-villamuriel-contara-con-una-sala-de-estimulacion-neuromotora-para-ninos-y-adolescentes-gracias-a-la-donacion-de-la-7a-carrera-solidaria-organizada-por-los-centros\/53811304387_de5896a7f6_k\/#main'><img loading=\"lazy\" decoding=\"async\" width=\"150\" height=\"150\" src=\"https:\/\/www.fundacionsancebrian.com\/portal\/wp-content\/uploads\/2024\/06\/53811304387_de5896a7f6_k-150x150.jpg\" class=\"attachment-thumbnail size-thumbnail\" alt=\"\" srcset=\"https:\/\/www.fundacionsancebrian.com\/portal\/wp-content\/uploads\/2024\/06\/53811304387_de5896a7f6_k-150x150.jpg 150w, https:\/\/www.fundacionsancebrian.com\/portal\/wp-content\/uploads\/2024\/06\/53811304387_de5896a7f6_k-300x300.jpg 300w, https:\/\/www.fundacionsancebrian.com\/portal\/wp-content\/uploads\/2024\/06\/53811304387_de5896a7f6_k-1024x1024.jpg 1024w, https:\/\/www.fundacionsancebrian.com\/portal\/wp-content\/uploads\/2024\/06\/53811304387_de5896a7f6_k-768x768.jpg 768w, https:\/\/www.fundacionsancebrian.com\/portal\/wp-content\/uploads\/2024\/06\/53811304387_de5896a7f6_k-1536x1536.jpg 1536w, https:\/\/www.fundacionsancebrian.com\/portal\/wp-content\/uploads\/2024\/06\/53811304387_de5896a7f6_k-375x375.jpg 375w, https:\/\/www.fundacionsancebrian.com\/portal\/wp-content\/uploads\/2024\/06\/53811304387_de5896a7f6_k.jpg 2048w\" sizes=\"(max-width: 150px) 100vw, 150px\" \/><\/a>\n\t\t\t<\/dt><\/dl><dl class='gallery-item'>\n\t\t\t<dt class='gallery-icon landscape'>\n\t\t\t\t<a href='https:\/\/www.fundacionsancebrian.com\/portal\/el-espacio-abierto-angel-aguado-de-villamuriel-contara-con-una-sala-de-estimulacion-neuromotora-para-ninos-y-adolescentes-gracias-a-la-donacion-de-la-7a-carrera-solidaria-organizada-por-los-centros\/53812232731_9f72f93600_k\/#main'><img loading=\"lazy\" decoding=\"async\" width=\"150\" height=\"150\" src=\"https:\/\/www.fundacionsancebrian.com\/portal\/wp-content\/uploads\/2024\/06\/53812232731_9f72f93600_k-150x150.jpg\" class=\"attachment-thumbnail size-thumbnail\" alt=\"\" srcset=\"https:\/\/www.fundacionsancebrian.com\/portal\/wp-content\/uploads\/2024\/06\/53812232731_9f72f93600_k-150x150.jpg 150w, https:\/\/www.fundacionsancebrian.com\/portal\/wp-content\/uploads\/2024\/06\/53812232731_9f72f93600_k-300x300.jpg 300w, https:\/\/www.fundacionsancebrian.com\/portal\/wp-content\/uploads\/2024\/06\/53812232731_9f72f93600_k-1024x1024.jpg 1024w, https:\/\/www.fundacionsancebrian.com\/portal\/wp-content\/uploads\/2024\/06\/53812232731_9f72f93600_k-768x768.jpg 768w, https:\/\/www.fundacionsancebrian.com\/portal\/wp-content\/uploads\/2024\/06\/53812232731_9f72f93600_k-1536x1536.jpg 1536w, https:\/\/www.fundacionsancebrian.com\/portal\/wp-content\/uploads\/2024\/06\/53812232731_9f72f93600_k-375x375.jpg 375w, https:\/\/www.fundacionsancebrian.com\/portal\/wp-content\/uploads\/2024\/06\/53812232731_9f72f93600_k.jpg 2048w\" sizes=\"(max-width: 150px) 100vw, 150px\" \/><\/a>\n\t\t\t<\/dt><\/dl><dl class='gallery-item'>\n\t\t\t<dt class='gallery-icon landscape'>\n\t\t\t\t<a href='https:\/\/www.fundacionsancebrian.com\/portal\/el-espacio-abierto-angel-aguado-de-villamuriel-contara-con-una-sala-de-estimulacion-neuromotora-para-ninos-y-adolescentes-gracias-a-la-donacion-de-la-7a-carrera-solidaria-organizada-por-los-centros\/53812566274_b8983aa8fc_k\/#main'><img loading=\"lazy\" decoding=\"async\" width=\"150\" height=\"150\" src=\"https:\/\/www.fundacionsancebrian.com\/portal\/wp-content\/uploads\/2024\/06\/53812566274_b8983aa8fc_k-150x150.jpg\" class=\"attachment-thumbnail size-thumbnail\" alt=\"\" srcset=\"https:\/\/www.fundacionsancebrian.com\/portal\/wp-content\/uploads\/2024\/06\/53812566274_b8983aa8fc_k-150x150.jpg 150w, https:\/\/www.fundacionsancebrian.com\/portal\/wp-content\/uploads\/2024\/06\/53812566274_b8983aa8fc_k-300x300.jpg 300w, https:\/\/www.fundacionsancebrian.com\/portal\/wp-content\/uploads\/2024\/06\/53812566274_b8983aa8fc_k-1024x1024.jpg 1024w, https:\/\/www.fundacionsancebrian.com\/portal\/wp-content\/uploads\/2024\/06\/53812566274_b8983aa8fc_k-768x768.jpg 768w, https:\/\/www.fundacionsancebrian.com\/portal\/wp-content\/uploads\/2024\/06\/53812566274_b8983aa8fc_k-1536x1536.jpg 1536w, https:\/\/www.fundacionsancebrian.com\/portal\/wp-content\/uploads\/2024\/06\/53812566274_b8983aa8fc_k-375x375.jpg 375w, https:\/\/www.fundacionsancebrian.com\/portal\/wp-content\/uploads\/2024\/06\/53812566274_b8983aa8fc_k.jpg 2048w\" sizes=\"(max-width: 150px) 100vw, 150px\" \/><\/a>\n\t\t\t<\/dt><\/dl><br style=\"clear: both\" \/><dl class='gallery-item'>\n\t\t\t<dt class='gallery-icon landscape'>\n\t\t\t\t<a href='https:\/\/www.fundacionsancebrian.com\/portal\/el-espacio-abierto-angel-aguado-de-villamuriel-contara-con-una-sala-de-estimulacion-neuromotora-para-ninos-y-adolescentes-gracias-a-la-donacion-de-la-7a-carrera-solidaria-organizada-por-los-centros\/53812566359_fa09120dea_3k\/#main'><img loading=\"lazy\" decoding=\"async\" width=\"150\" height=\"150\" src=\"https:\/\/www.fundacionsancebrian.com\/portal\/wp-content\/uploads\/2024\/06\/53812566359_fa09120dea_3k-150x150.jpg\" class=\"attachment-thumbnail size-thumbnail\" alt=\"\" srcset=\"https:\/\/www.fundacionsancebrian.com\/portal\/wp-content\/uploads\/2024\/06\/53812566359_fa09120dea_3k-150x150.jpg 150w, https:\/\/www.fundacionsancebrian.com\/portal\/wp-content\/uploads\/2024\/06\/53812566359_fa09120dea_3k-300x300.jpg 300w, https:\/\/www.fundacionsancebrian.com\/portal\/wp-content\/uploads\/2024\/06\/53812566359_fa09120dea_3k-1024x1024.jpg 1024w, https:\/\/www.fundacionsancebrian.com\/portal\/wp-content\/uploads\/2024\/06\/53812566359_fa09120dea_3k-768x768.jpg 768w, https:\/\/www.fundacionsancebrian.com\/portal\/wp-content\/uploads\/2024\/06\/53812566359_fa09120dea_3k-1536x1536.jpg 1536w, https:\/\/www.fundacionsancebrian.com\/portal\/wp-content\/uploads\/2024\/06\/53812566359_fa09120dea_3k-2048x2048.jpg 2048w, https:\/\/www.fundacionsancebrian.com\/portal\/wp-content\/uploads\/2024\/06\/53812566359_fa09120dea_3k-375x375.jpg 375w\" sizes=\"(max-width: 150px) 100vw, 150px\" \/><\/a>\n\t\t\t<\/dt><\/dl><dl class='gallery-item'>\n\t\t\t<dt class='gallery-icon landscape'>\n\t\t\t\t<a href='https:\/\/www.fundacionsancebrian.com\/portal\/el-espacio-abierto-angel-aguado-de-villamuriel-contara-con-una-sala-de-estimulacion-neuromotora-para-ninos-y-adolescentes-gracias-a-la-donacion-de-la-7a-carrera-solidaria-organizada-por-los-centros\/53812233181_77f474d038_3k\/#main'><img loading=\"lazy\" decoding=\"async\" width=\"150\" height=\"150\" src=\"https:\/\/www.fundacionsancebrian.com\/portal\/wp-content\/uploads\/2024\/06\/53812233181_77f474d038_3k-150x150.jpg\" class=\"attachment-thumbnail size-thumbnail\" alt=\"\" srcset=\"https:\/\/www.fundacionsancebrian.com\/portal\/wp-content\/uploads\/2024\/06\/53812233181_77f474d038_3k-150x150.jpg 150w, https:\/\/www.fundacionsancebrian.com\/portal\/wp-content\/uploads\/2024\/06\/53812233181_77f474d038_3k-300x300.jpg 300w, https:\/\/www.fundacionsancebrian.com\/portal\/wp-content\/uploads\/2024\/06\/53812233181_77f474d038_3k-1024x1024.jpg 1024w, https:\/\/www.fundacionsancebrian.com\/portal\/wp-content\/uploads\/2024\/06\/53812233181_77f474d038_3k-768x768.jpg 768w, https:\/\/www.fundacionsancebrian.com\/portal\/wp-content\/uploads\/2024\/06\/53812233181_77f474d038_3k-1536x1536.jpg 1536w, https:\/\/www.fundacionsancebrian.com\/portal\/wp-content\/uploads\/2024\/06\/53812233181_77f474d038_3k-2048x2048.jpg 2048w, https:\/\/www.fundacionsancebrian.com\/portal\/wp-content\/uploads\/2024\/06\/53812233181_77f474d038_3k-375x375.jpg 375w\" sizes=\"(max-width: 150px) 100vw, 150px\" \/><\/a>\n\t\t\t<\/dt><\/dl><dl class='gallery-item'>\n\t\t\t<dt class='gallery-icon landscape'>\n\t\t\t\t<a href='https:\/\/www.fundacionsancebrian.com\/portal\/el-espacio-abierto-angel-aguado-de-villamuriel-contara-con-una-sala-de-estimulacion-neuromotora-para-ninos-y-adolescentes-gracias-a-la-donacion-de-la-7a-carrera-solidaria-organizada-por-los-centros\/53812566574_5d2fa96ae5_k\/#main'><img loading=\"lazy\" decoding=\"async\" width=\"150\" height=\"150\" src=\"https:\/\/www.fundacionsancebrian.com\/portal\/wp-content\/uploads\/2024\/06\/53812566574_5d2fa96ae5_k-150x150.jpg\" class=\"attachment-thumbnail size-thumbnail\" alt=\"\" srcset=\"https:\/\/www.fundacionsancebrian.com\/portal\/wp-content\/uploads\/2024\/06\/53812566574_5d2fa96ae5_k-150x150.jpg 150w, https:\/\/www.fundacionsancebrian.com\/portal\/wp-content\/uploads\/2024\/06\/53812566574_5d2fa96ae5_k-300x300.jpg 300w, https:\/\/www.fundacionsancebrian.com\/portal\/wp-content\/uploads\/2024\/06\/53812566574_5d2fa96ae5_k-1024x1024.jpg 1024w, https:\/\/www.fundacionsancebrian.com\/portal\/wp-content\/uploads\/2024\/06\/53812566574_5d2fa96ae5_k-768x768.jpg 768w, https:\/\/www.fundacionsancebrian.com\/portal\/wp-content\/uploads\/2024\/06\/53812566574_5d2fa96ae5_k-1536x1536.jpg 1536w, https:\/\/www.fundacionsancebrian.com\/portal\/wp-content\/uploads\/2024\/06\/53812566574_5d2fa96ae5_k-375x375.jpg 375w, https:\/\/www.fundacionsancebrian.com\/portal\/wp-content\/uploads\/2024\/06\/53812566574_5d2fa96ae5_k.jpg 2048w\" sizes=\"(max-width: 150px) 100vw, 150px\" \/><\/a>\n\t\t\t<\/dt><\/dl><br style=\"clear: both\" \/>\n\t\t<\/div>\n\n<p>&nbsp;<\/p>\n<\/div>\n<\/div><\/div><\/div><\/div><\/div>","protected":false},"excerpt":{"rendered":"<p>Nueva sala para el Espacio Abierto \u00c1ngel Aguado. El Espacio Abierto \u00c1ngel Aguado en Villamuriel de Cerrato tendr\u00e1 una sala de estimulaci\u00f3n neuromotora para ni\u00f1os y adolescentes. Es decir, una sala de educaci\u00f3n y estimulaci\u00f3n para mejorar el funcionamiento del cerebro. El dinero necesario para hacer esta sala se consigui\u00f3 gracias a una carrera solidaria [&hellip;]<\/p>\n","protected":false},"author":1,"featured_media":12817,"comment_status":"closed","ping_status":"open","sticky":false,"template":"","format":"standard","meta":{"_seopress_robots_primary_cat":"none","_seopress_titles_title":"","_seopress_titles_desc":"","_seopress_robots_index":"","_eb_attr":"","footnotes":""},"categories":[8],"tags":[],"class_list":["post-12814","post","type-post","status-publish","format-standard","has-post-thumbnail","hentry","category-noticias","post-with-thumbnail","post-with-thumbnail-icon"],"_links":{"self":[{"href":"https:\/\/www.fundacionsancebrian.com\/portal\/wp-json\/wp\/v2\/posts\/12814","targetHints":{"allow":["GET"]}}],"collection":[{"href":"https:\/\/www.fundacionsancebrian.com\/portal\/wp-json\/wp\/v2\/posts"}],"about":[{"href":"https:\/\/www.fundacionsancebrian.com\/portal\/wp-json\/wp\/v2\/types\/post"}],"author":[{"embeddable":true,"href":"https:\/\/www.fundacionsancebrian.com\/portal\/wp-json\/wp\/v2\/users\/1"}],"replies":[{"embeddable":true,"href":"https:\/\/www.fundacionsancebrian.com\/portal\/wp-json\/wp\/v2\/comments?post=12814"}],"version-history":[{"count":7,"href":"https:\/\/www.fundacionsancebrian.com\/portal\/wp-json\/wp\/v2\/posts\/12814\/revisions"}],"predecessor-version":[{"id":12835,"href":"https:\/\/www.fundacionsancebrian.com\/portal\/wp-json\/wp\/v2\/posts\/12814\/revisions\/12835"}],"wp:featuredmedia":[{"embeddable":true,"href":"https:\/\/www.fundacionsancebrian.com\/portal\/wp-json\/wp\/v2\/media\/12817"}],"wp:attachment":[{"href":"https:\/\/www.fundacionsancebrian.com\/portal\/wp-json\/wp\/v2\/media?parent=12814"}],"wp:term":[{"taxonomy":"category","embeddable":true,"href":"https:\/\/www.fundacionsancebrian.com\/portal\/wp-json\/wp\/v2\/categories?post=12814"},{"taxonomy":"post_tag","embeddable":true,"href":"https:\/\/www.fundacionsancebrian.com\/portal\/wp-json\/wp\/v2\/tags?post=12814"}],"curies":[{"name":"wp","href":"https:\/\/api.w.org\/{rel}","templated":true}]}}