{"id":12906,"date":"2024-09-11T13:29:53","date_gmt":"2024-09-11T11:29:53","guid":{"rendered":"https:\/\/www.fundacionsancebrian.com\/portal\/?p=12906"},"modified":"2024-09-11T16:10:34","modified_gmt":"2024-09-11T14:10:34","slug":"la-xv-edicion-de-la-marcha-inclusiva-del-grupo-fundacion-san-cebrian-tendra-lugar-el-sabado-28-de-septiembre-y-recorrera-las-localidades-de-astudillo-y-villodre","status":"publish","type":"post","link":"https:\/\/www.fundacionsancebrian.com\/portal\/la-xv-edicion-de-la-marcha-inclusiva-del-grupo-fundacion-san-cebrian-tendra-lugar-el-sabado-28-de-septiembre-y-recorrera-las-localidades-de-astudillo-y-villodre\/","title":{"rendered":"La XV edici\u00f3n de la Marcha Inclusiva del Grupo Fundaci\u00f3n San Cebri\u00e1n tendr\u00e1 lugar el s\u00e1bado 28 de septiembre y recorrer\u00e1 las localidades de Astudillo y Villodre"},"content":{"rendered":"<div id=\"pl-12906\"  class=\"panel-layout\" ><div id=\"pg-12906-0\"  class=\"panel-grid panel-no-style\" ><div id=\"pgc-12906-0-0\"  class=\"panel-grid-cell panel-grid-cell-mobile-last\" ><div id=\"panel-12906-0-0-0\" class=\"so-panel widget widget_sow-image panel-first-child\" data-index=\"0\" ><div class=\"panel-widget-style panel-widget-style-for-12906-0-0-0\" ><div\n\t\t\t\n\t\t\tclass=\"so-widget-sow-image so-widget-sow-image-default-4e6925654b7a-12906\"\n\t\t\t\n\t\t>\n<div class=\"sow-image-container\">\n\t\t<img loading=\"lazy\" \n\tsrc=\"https:\/\/www.fundacionsancebrian.com\/portal\/wp-content\/uploads\/2024\/05\/Lecturafacil1.png\" width=\"250\" height=\"50\" sizes=\"(max-width: 250px) 100vw, 250px\" alt=\"\" \t\tclass=\"so-widget-image\"\/>\n\t<\/div>\n\n<\/div><\/div><\/div><div id=\"panel-12906-0-0-1\" class=\"so-panel widget widget_sow-editor panel-last-child\" data-index=\"1\" ><div class=\"panel-widget-style panel-widget-style-for-12906-0-0-1\" ><div\n\t\t\t\n\t\t\tclass=\"so-widget-sow-editor so-widget-sow-editor-base\"\n\t\t\t\n\t\t>\n<div class=\"siteorigin-widget-tinymce textwidget\">\n\t<div style=\"font-size: 18px; line-height: 1.8em; font-family: Arial;\">\n<p><strong>Marcha inclusiva 2024.<\/strong><\/p>\n<p>El Grupo Fundaci\u00f3n San Cebri\u00e1n organizar\u00e1 su Marcha Inclusiva.<br \/>\nSer\u00e1 pr\u00f3ximo s\u00e1bado 28 de septiembre<br \/>\nEste evento es muy importante para la fundaci\u00f3n<br \/>\nporque el objetivo es que todas las personas participen en la sociedad<br \/>\ny la convivencia entre personas con discapacidad y sin discapacidad.<\/p>\n<p>La marcha ser\u00e1 desde Astudillo hasta Villodre<br \/>\ny vuelta a Astudillo.<br \/>\nLa marcha empezar\u00e1 a las 10 y media de la ma\u00f1ana<br \/>\ny se tarda unas 3 horas andando.<\/p>\n<p>Despu\u00e9s de la marcha habr\u00e1 juegos populares y comida.<br \/>\nLa comida ser\u00e1 una fideu\u00e1 con el cocinero Roberto Espeso<br \/>\nque tendr\u00e1 ayuda de personas con discapacidad de la fundaci\u00f3n.<\/p>\n<p>Puedes apuntarte en estos sitios:<\/p>\n<p>Online:<\/p>\n<ul>\n<li>https:\/\/www.rockthesport.com\/es\/evento\/marcha-inclusivafundacionsancebrian.com\/marcha<\/li>\n<\/ul>\n<p>Presencial:<\/p>\n<ul>\n<li>Sede Social Palencia<br \/>\nPlaza Juan XXIII N\u00ba5.<br \/>\nTel\u00e9fono: 979706954<br \/>\n(de lunes a viernes de 9 de la ma\u00f1ana a 5 de la tarde)<\/li>\n<li>Centro V.I. Fidel Ramos (Palencia)<br \/>\nPaseo del Otero esquina C\/Miguel Benavides.<br \/>\nTel\u00e9fono: 979740699<\/li>\n<li>Centro Ocupacional: Pol. ind. de Carri\u00f3n de los Condes.<br \/>\nTel\u00e9fono: 979880927<\/li>\n<li>Sede San Cebri\u00e1n de Campos.<\/li>\n<li>Centro Ocupacional Caminal. Fr\u00f3mista.<\/li>\n<\/ul>\n<\/div>\n<div style=\"font-size: 18px; line-height: 1.8em; font-family: Arial;\">\n<p>&nbsp;<\/p>\n<\/div>\n<\/div>\n<\/div><\/div><\/div><\/div><div id=\"pgc-12906-0-1\"  class=\"panel-grid-cell panel-grid-cell-empty\" ><\/div><\/div><div id=\"pg-12906-1\"  class=\"panel-grid panel-no-style\" ><div id=\"pgc-12906-1-0\"  class=\"panel-grid-cell\" ><div id=\"panel-12906-1-0-0\" class=\"so-panel widget widget_sow-editor panel-first-child panel-last-child\" data-index=\"2\" ><div\n\t\t\t\n\t\t\tclass=\"so-widget-sow-editor so-widget-sow-editor-base\"\n\t\t\t\n\t\t><h3 class=\"widget-title\">El lema de este a\u00f1o es \u2018La marcha da juego\u2019 ya que la tem\u00e1tica principal de la marcha ser\u00e1n los JJOO celebrados este pasado verano en Par\u00eds.<\/h3>\n<div class=\"siteorigin-widget-tinymce textwidget\">\n\t<p>El Grupo Fundaci\u00f3n San Cebri\u00e1n ha presentado esta ma\u00f1ana los pormenores de uno de los eventos principales de presencia social de la entidad como es la Marcha Inclusiva, que este a\u00f1o cumple 15 ediciones y que se celebrar\u00e1 el s\u00e1bado, 28 de septiembre con una ruta circular de 13 km que partir\u00e1 de Astudillo, pasando por Villodre y finalizar\u00e1 de nuevo en Astudillo.<\/p>\n<p><a href=\"https:\/\/www.fundacionsancebrian.com\/portal\/wp-content\/uploads\/2024\/09\/53987347493_a449c1eaad_k.jpg\"><img fetchpriority=\"high\" fetchpriority=\"high\" decoding=\"async\" class=\"size-large wp-image-12919 alignright\" src=\"https:\/\/www.fundacionsancebrian.com\/portal\/wp-content\/uploads\/2024\/09\/53987347493_a449c1eaad_k-1024x577.jpg\" alt=\"\" width=\"720\" height=\"406\" srcset=\"https:\/\/www.fundacionsancebrian.com\/portal\/wp-content\/uploads\/2024\/09\/53987347493_a449c1eaad_k-1024x577.jpg 1024w, https:\/\/www.fundacionsancebrian.com\/portal\/wp-content\/uploads\/2024\/09\/53987347493_a449c1eaad_k-300x169.jpg 300w, https:\/\/www.fundacionsancebrian.com\/portal\/wp-content\/uploads\/2024\/09\/53987347493_a449c1eaad_k-768x433.jpg 768w, https:\/\/www.fundacionsancebrian.com\/portal\/wp-content\/uploads\/2024\/09\/53987347493_a449c1eaad_k-1536x865.jpg 1536w, https:\/\/www.fundacionsancebrian.com\/portal\/wp-content\/uploads\/2024\/09\/53987347493_a449c1eaad_k.jpg 2047w\" sizes=\"(max-width: 720px) 100vw, 720px\" \/><\/a><\/p>\n<p>En la rueda de prensa han estado presentes, la gerente de la entidad, Eva del R\u00edo, acompa\u00f1ada de Mar\u00eda Mart\u00ednez, miembros del equipo organizador de la marcha y representantes de los ayuntamientos de las localidades por las que pasar\u00e1 la marcha, Luis Santos, alcalde de Astudillo y Ana D\u00edez, alcaldesa de Villodre.<\/p>\n<p>Este a\u00f1o el lema de la Marcha es \u2018<em>La Marcha da juego<\/em>\u2019 ya que la tem\u00e1tica ser\u00e1n los Juegos Ol\u00edmpicos, coincidiendo con la celebraci\u00f3n este pasado verano de los Juegos ol\u00edmpicos en Par\u00eds. Por ello, los padrinos de la marcha ser\u00e1n deportistas y entrenadores de la provincia y fuera de ella que han participado en estos pasados Juegos Ol\u00edmpicos, como David Pineda, atleta soriano, que particip\u00f3 en las paraolimpiadas consiguiendo una medalla de Plata en la prueba de los 400; Daniel Molina, deportista paral\u00edmpico, que consegu\u00eda la Medalla de Oro en la modalidad PTS3 de triatl\u00f3n o el nadador vallisoletano, Luis Huerta, que gan\u00f3 diploma ol\u00edmpico en los pasados Paral\u00edmpicos. Adem\u00e1s, se est\u00e1 en conversaciones ya con otros deportistas en este caso palentinos, como Marta Garc\u00eda y \u00d3scar Husillos, entre otros.<\/p>\n<p>Se pretende as\u00ed centrar toda la Marcha en el deporte y en las olimpiadas, invitando a todos los participantes a acudir a hacer la Marcha con algo caracter\u00edstico de alguna modalidad deportiva de los Juegos Ol\u00edmpicos (individual o colectivo) y hacerse una foto durante el recorrido de la marcha para luego subirla a las Redes sociales de la entidad en Instagram, Facebook o X mencionando al Grupo Fundaci\u00f3n San Cebri\u00e1n y poniendo el hastag #<em>lamarchadajuego. <\/em>Tras la marcha, un jurado formado por los grupos de inter\u00e9s de la entidad (familias, profesionales, personas con discapacidad\u2026) determinar\u00e1 la foto m\u00e1s original.<\/p>\n<p>Adem\u00e1s, cada uno de los participantes recibir\u00e1 como detalle una medalla elaborada por personas con discapacidad de nuestros servicios. A la llegada a Astudillo, habr\u00e1 juegos como boccia o mini bolos y un photocall con un p\u00f3dium en el que todo el que quiera podr\u00e1 hacerse fotos.<\/p>\n<p>La marcha partir\u00e1 de Astudillo en torno a las 10,30 horas y los primeros andarines llegar\u00e1n a Astudillo en torno a las 12,30 de la ma\u00f1ana donde est\u00e1n previstos juegos populares, para amenizar la ma\u00f1ana antes de la comida, que tendr\u00e1 lugar a las 14 horas. La comida, una fideu\u00e1 ser\u00e1 elaborada por el cocinero Roberto Espeso, que contar\u00e1 con el apoyo de personas con discapacidad de la entidad formadas en cocina.<\/p>\n<p>Tambi\u00e9n se ha establecido un n\u00famero de cuenta para que quien lo desee haga una donaci\u00f3n: Fila Cero: ES05 2103 4532 5100 3206 7061 y el n\u00famero de BIZUM con el c\u00f3digo 00927<\/p>\n<p>La inscripci\u00f3n podr\u00e1 hacerse:<\/p>\n<ul>\n<li><strong>Online<\/strong>: <a href=\"http:\/\/www.fundacionsancebrian.com\/marcha\">https:\/\/www.rockthesport.com\/es\/evento\/marcha-inclusivafundacionsancebrian.com\/marcha<\/a><\/li>\n<li><strong>Presencial<\/strong>:<\/li>\n<li>Sede Social Palencia: Plaza Juan XXIII n\u00ba5. 979 706954 (en horario de lunes a viernes de 9:00 a 17:00 h.)<\/li>\n<li>Centro V.I. Fidel Ramos (Palencia): Paseo del Otero esquina c\/Miguel Benavides. Telf. 979 740699.<\/li>\n<li>Centro Ocupacional: Pol. ind. de Carri\u00f3n de los Condes. Telf. 979 880927.<\/li>\n<li>Sede San Cebri\u00e1n de Campos.<\/li>\n<li>Centro Ocupacional Caminal. Fr\u00f3mista.<\/li>\n<\/ul>\n<p>&nbsp;<\/p>\n<p><a href=\"https:\/\/www.fundacionsancebrian.com\/portal\/wp-content\/uploads\/2024\/09\/CARTEL-MARCHA-INCLUSIVA-2024.jpg\"><img decoding=\"async\" class=\"alignnone size-large wp-image-12920\" src=\"https:\/\/www.fundacionsancebrian.com\/portal\/wp-content\/uploads\/2024\/09\/CARTEL-MARCHA-INCLUSIVA-2024-726x1024.jpg\" alt=\"\" width=\"720\" height=\"1016\" srcset=\"https:\/\/www.fundacionsancebrian.com\/portal\/wp-content\/uploads\/2024\/09\/CARTEL-MARCHA-INCLUSIVA-2024-726x1024.jpg 726w, https:\/\/www.fundacionsancebrian.com\/portal\/wp-content\/uploads\/2024\/09\/CARTEL-MARCHA-INCLUSIVA-2024-213x300.jpg 213w, https:\/\/www.fundacionsancebrian.com\/portal\/wp-content\/uploads\/2024\/09\/CARTEL-MARCHA-INCLUSIVA-2024-768x1083.jpg 768w, https:\/\/www.fundacionsancebrian.com\/portal\/wp-content\/uploads\/2024\/09\/CARTEL-MARCHA-INCLUSIVA-2024-1089x1536.jpg 1089w, https:\/\/www.fundacionsancebrian.com\/portal\/wp-content\/uploads\/2024\/09\/CARTEL-MARCHA-INCLUSIVA-2024.jpg 1418w\" sizes=\"(max-width: 720px) 100vw, 720px\" \/><\/a><a href=\"https:\/\/www.fundacionsancebrian.com\/portal\/wp-content\/uploads\/2024\/09\/53987540005_aa3ce95428_k.jpg\"><img decoding=\"async\" class=\"alignnone size-large wp-image-12918\" src=\"https:\/\/www.fundacionsancebrian.com\/portal\/wp-content\/uploads\/2024\/09\/53987540005_aa3ce95428_k-1024x1024.jpg\" alt=\"\" width=\"720\" height=\"720\" srcset=\"https:\/\/www.fundacionsancebrian.com\/portal\/wp-content\/uploads\/2024\/09\/53987540005_aa3ce95428_k-1024x1024.jpg 1024w, https:\/\/www.fundacionsancebrian.com\/portal\/wp-content\/uploads\/2024\/09\/53987540005_aa3ce95428_k-300x300.jpg 300w, https:\/\/www.fundacionsancebrian.com\/portal\/wp-content\/uploads\/2024\/09\/53987540005_aa3ce95428_k-150x150.jpg 150w, https:\/\/www.fundacionsancebrian.com\/portal\/wp-content\/uploads\/2024\/09\/53987540005_aa3ce95428_k-768x768.jpg 768w, https:\/\/www.fundacionsancebrian.com\/portal\/wp-content\/uploads\/2024\/09\/53987540005_aa3ce95428_k-1536x1536.jpg 1536w, https:\/\/www.fundacionsancebrian.com\/portal\/wp-content\/uploads\/2024\/09\/53987540005_aa3ce95428_k-375x375.jpg 375w, https:\/\/www.fundacionsancebrian.com\/portal\/wp-content\/uploads\/2024\/09\/53987540005_aa3ce95428_k.jpg 2048w\" sizes=\"(max-width: 720px) 100vw, 720px\" \/><\/a><\/p>\n<p>&nbsp;<\/p>\n<\/div>\n<\/div><\/div><\/div><\/div><\/div>","protected":false},"excerpt":{"rendered":"<p>Marcha inclusiva 2024. El Grupo Fundaci\u00f3n San Cebri\u00e1n organizar\u00e1 su Marcha Inclusiva. Ser\u00e1 pr\u00f3ximo s\u00e1bado 28 de septiembre Este evento es muy importante para la fundaci\u00f3n porque el objetivo es que todas las personas participen en la sociedad y la convivencia entre personas con discapacidad y sin discapacidad. La marcha ser\u00e1 desde Astudillo hasta Villodre [&hellip;]<\/p>\n","protected":false},"author":1,"featured_media":12919,"comment_status":"closed","ping_status":"open","sticky":false,"template":"","format":"standard","meta":{"_seopress_robots_primary_cat":"none","_seopress_titles_title":"","_seopress_titles_desc":"","_seopress_robots_index":"","_eb_attr":"","footnotes":""},"categories":[8],"tags":[],"class_list":["post-12906","post","type-post","status-publish","format-standard","has-post-thumbnail","hentry","category-noticias","post-with-thumbnail","post-with-thumbnail-icon"],"_links":{"self":[{"href":"https:\/\/www.fundacionsancebrian.com\/portal\/wp-json\/wp\/v2\/posts\/12906","targetHints":{"allow":["GET"]}}],"collection":[{"href":"https:\/\/www.fundacionsancebrian.com\/portal\/wp-json\/wp\/v2\/posts"}],"about":[{"href":"https:\/\/www.fundacionsancebrian.com\/portal\/wp-json\/wp\/v2\/types\/post"}],"author":[{"embeddable":true,"href":"https:\/\/www.fundacionsancebrian.com\/portal\/wp-json\/wp\/v2\/users\/1"}],"replies":[{"embeddable":true,"href":"https:\/\/www.fundacionsancebrian.com\/portal\/wp-json\/wp\/v2\/comments?post=12906"}],"version-history":[{"count":5,"href":"https:\/\/www.fundacionsancebrian.com\/portal\/wp-json\/wp\/v2\/posts\/12906\/revisions"}],"predecessor-version":[{"id":12925,"href":"https:\/\/www.fundacionsancebrian.com\/portal\/wp-json\/wp\/v2\/posts\/12906\/revisions\/12925"}],"wp:featuredmedia":[{"embeddable":true,"href":"https:\/\/www.fundacionsancebrian.com\/portal\/wp-json\/wp\/v2\/media\/12919"}],"wp:attachment":[{"href":"https:\/\/www.fundacionsancebrian.com\/portal\/wp-json\/wp\/v2\/media?parent=12906"}],"wp:term":[{"taxonomy":"category","embeddable":true,"href":"https:\/\/www.fundacionsancebrian.com\/portal\/wp-json\/wp\/v2\/categories?post=12906"},{"taxonomy":"post_tag","embeddable":true,"href":"https:\/\/www.fundacionsancebrian.com\/portal\/wp-json\/wp\/v2\/tags?post=12906"}],"curies":[{"name":"wp","href":"https:\/\/api.w.org\/{rel}","templated":true}]}}