{"id":12937,"date":"2024-09-25T15:25:39","date_gmt":"2024-09-25T13:25:39","guid":{"rendered":"https:\/\/www.fundacionsancebrian.com\/portal\/?p=12937"},"modified":"2024-09-25T15:25:40","modified_gmt":"2024-09-25T13:25:40","slug":"la-xv-marcha-inclusiva-lamarchadajuego-alcanza-ya-los-400-inscritos-y-contara-con-la-presencia-del-atleta-astudillano-oscar-husillos","status":"publish","type":"post","link":"https:\/\/www.fundacionsancebrian.com\/portal\/la-xv-marcha-inclusiva-lamarchadajuego-alcanza-ya-los-400-inscritos-y-contara-con-la-presencia-del-atleta-astudillano-oscar-husillos\/","title":{"rendered":"La XV Marcha Inclusiva #lamarchadajuego alcanza ya los 400 inscritos y contar\u00e1 con la presencia del atleta astudillano \u00d3scar Husillos"},"content":{"rendered":"<div id=\"pl-12937\"  class=\"panel-layout\" ><div id=\"pg-12937-0\"  class=\"panel-grid panel-no-style\" ><div id=\"pgc-12937-0-0\"  class=\"panel-grid-cell\" ><div id=\"panel-12937-0-0-0\" class=\"so-panel widget widget_sow-editor panel-first-child panel-last-child\" data-index=\"0\" ><div\n\t\t\t\n\t\t\tclass=\"so-widget-sow-editor so-widget-sow-editor-base\"\n\t\t\t\n\t\t><h3 class=\"widget-title\">La marcha partir\u00e1 este s\u00e1bado, 28 de septiembre de Astudillo, pasar\u00e1 por Villodre y regresar\u00e1 por Astudillo. En total 13 km de recorrido.<\/h3>\n<div class=\"siteorigin-widget-tinymce textwidget\">\n\t<p>A tres d\u00edas para celebrar la XV Marcha Inclusiva del Grupo Fundaci\u00f3n San Cebri\u00e1n, bajo el nombre #lamarchadajuego, el n\u00famero de inscritos alcanza ya los 400 andarines que recorrer\u00e1n el s\u00e1bado, 28 de septiembre los 13 km entre Astudillo-Villodre y Astudillo. Las inscripciones, que pueden hacerse online en la web www.fundacionsancebrian.com o directamente en este enlace <a href=\"https:\/\/www.rockthesport.com\/es\/evento\/marcha-inclusiva\">Inscripci\u00f3n a la marcha<\/a>\u00a0 y de forma presencialmente (en las oficinas de la entidad social) contin\u00faan abiertas hasta el viernes. <a href=\"https:\/\/www.fundacionsancebrian.com\/portal\/wp-content\/uploads\/2024\/09\/CARTEL-MARCHA-INCLUSIVA-2024.jpg\"><img fetchpriority=\"high\" fetchpriority=\"high\" decoding=\"async\" class=\"wp-image-12920 size-medium alignright\" src=\"https:\/\/www.fundacionsancebrian.com\/portal\/wp-content\/uploads\/2024\/09\/CARTEL-MARCHA-INCLUSIVA-2024-213x300.jpg\" alt=\"\" width=\"213\" height=\"300\" srcset=\"https:\/\/www.fundacionsancebrian.com\/portal\/wp-content\/uploads\/2024\/09\/CARTEL-MARCHA-INCLUSIVA-2024-213x300.jpg 213w, https:\/\/www.fundacionsancebrian.com\/portal\/wp-content\/uploads\/2024\/09\/CARTEL-MARCHA-INCLUSIVA-2024-726x1024.jpg 726w, https:\/\/www.fundacionsancebrian.com\/portal\/wp-content\/uploads\/2024\/09\/CARTEL-MARCHA-INCLUSIVA-2024-768x1083.jpg 768w, https:\/\/www.fundacionsancebrian.com\/portal\/wp-content\/uploads\/2024\/09\/CARTEL-MARCHA-INCLUSIVA-2024-1089x1536.jpg 1089w, https:\/\/www.fundacionsancebrian.com\/portal\/wp-content\/uploads\/2024\/09\/CARTEL-MARCHA-INCLUSIVA-2024.jpg 1418w\" sizes=\"(max-width: 213px) 100vw, 213px\" \/><\/a><\/p>\n<p>La Marcha partir\u00e1 de Astudillo a las 10,30 horas y contar\u00e1 con la presencia del atleta astudillano, \u00d3scar Husillos, que ejercer\u00e1 de padrino de la marcha como lo han hecho de forma virtual otros deportistas que participaron en los pasados JJOO de Par\u00eds como las palentinas Sara Bay\u00f3n y Marta Garc\u00eda; o los deportistas paral\u00edmpicos, David Pineda, atleta soriano; Daniel Molina, deportista paral\u00edmpico, que consegu\u00eda la Medalla de Oro en la modalidad PTS3 de triatl\u00f3n o el nadador vallisoletano, Luis Huerta, que gan\u00f3 diploma ol\u00edmpico en los pasados Paral\u00edmpicos.<\/p>\n<p>El dinero recaudado en la Marcha ir\u00e1 destinado a sufragar una parte de los gastos generados por la marcha y otra a sufragar los gastos generados por la presencia el pr\u00f3ximo a\u00f1o de 4 deportistas del Club deportivo San Cebri\u00e1n en los Juegos Mundiales de Invierno, en la categor\u00eda de esqu\u00ed n\u00f3rdico, junto a un entrenador del Club Deportivo.<\/p>\n<p>Adem\u00e1s, este a\u00f1o se invita a todos los participantes a acudir a hacer la Marcha con algo caracter\u00edstico de alguna modalidad deportiva de los Juegos Ol\u00edmpicos (individual o colectivo) y hacerse una foto durante el recorrido de la marcha para luego subirla a las Redes sociales de la entidad en Instagram, Facebook o X mencionando al Grupo Fundaci\u00f3n San Cebri\u00e1n y poniendo el hastag #lamarchadajuego. Tras la marcha, un jurado formado por los grupos de inter\u00e9s de la entidad (familias, profesionales, personas con discapacidad\u2026) determinar\u00e1 la foto m\u00e1s original.<\/p>\n<\/div>\n<\/div><\/div><\/div><\/div><\/div>","protected":false},"excerpt":{"rendered":"<p>A tres d\u00edas para celebrar la XV Marcha Inclusiva del Grupo Fundaci\u00f3n San Cebri\u00e1n, bajo el nombre #lamarchadajuego, el n\u00famero de inscritos alcanza ya los 400 andarines que recorrer\u00e1n el s\u00e1bado, 28 de septiembre los 13 km entre Astudillo-Villodre y Astudillo. Las inscripciones, que pueden hacerse online en la web www.fundacionsancebrian.com o directamente en este [&hellip;]<\/p>\n","protected":false},"author":1,"featured_media":12920,"comment_status":"closed","ping_status":"open","sticky":false,"template":"","format":"standard","meta":{"_seopress_robots_primary_cat":"none","_seopress_titles_title":"","_seopress_titles_desc":"","_seopress_robots_index":"","_eb_attr":"","footnotes":""},"categories":[8],"tags":[],"class_list":["post-12937","post","type-post","status-publish","format-standard","has-post-thumbnail","hentry","category-noticias","post-with-thumbnail","post-with-thumbnail-icon"],"_links":{"self":[{"href":"https:\/\/www.fundacionsancebrian.com\/portal\/wp-json\/wp\/v2\/posts\/12937","targetHints":{"allow":["GET"]}}],"collection":[{"href":"https:\/\/www.fundacionsancebrian.com\/portal\/wp-json\/wp\/v2\/posts"}],"about":[{"href":"https:\/\/www.fundacionsancebrian.com\/portal\/wp-json\/wp\/v2\/types\/post"}],"author":[{"embeddable":true,"href":"https:\/\/www.fundacionsancebrian.com\/portal\/wp-json\/wp\/v2\/users\/1"}],"replies":[{"embeddable":true,"href":"https:\/\/www.fundacionsancebrian.com\/portal\/wp-json\/wp\/v2\/comments?post=12937"}],"version-history":[{"count":2,"href":"https:\/\/www.fundacionsancebrian.com\/portal\/wp-json\/wp\/v2\/posts\/12937\/revisions"}],"predecessor-version":[{"id":12941,"href":"https:\/\/www.fundacionsancebrian.com\/portal\/wp-json\/wp\/v2\/posts\/12937\/revisions\/12941"}],"wp:featuredmedia":[{"embeddable":true,"href":"https:\/\/www.fundacionsancebrian.com\/portal\/wp-json\/wp\/v2\/media\/12920"}],"wp:attachment":[{"href":"https:\/\/www.fundacionsancebrian.com\/portal\/wp-json\/wp\/v2\/media?parent=12937"}],"wp:term":[{"taxonomy":"category","embeddable":true,"href":"https:\/\/www.fundacionsancebrian.com\/portal\/wp-json\/wp\/v2\/categories?post=12937"},{"taxonomy":"post_tag","embeddable":true,"href":"https:\/\/www.fundacionsancebrian.com\/portal\/wp-json\/wp\/v2\/tags?post=12937"}],"curies":[{"name":"wp","href":"https:\/\/api.w.org\/{rel}","templated":true}]}}