{"id":12953,"date":"2024-10-02T11:00:06","date_gmt":"2024-10-02T09:00:06","guid":{"rendered":"https:\/\/www.fundacionsancebrian.com\/portal\/?p=12953"},"modified":"2024-10-14T14:57:25","modified_gmt":"2024-10-14T12:57:25","slug":"mas-de-600-personas-cruzan-la-linea-de-meta-de-la-xv-marcha-inclusiva-del-grupo-fundacion-san-cebrian-lamarchadajuego","status":"publish","type":"post","link":"https:\/\/www.fundacionsancebrian.com\/portal\/mas-de-600-personas-cruzan-la-linea-de-meta-de-la-xv-marcha-inclusiva-del-grupo-fundacion-san-cebrian-lamarchadajuego\/","title":{"rendered":"M\u00e1s de 600 personas cruzan la l\u00ednea de meta de la XV Marcha Inclusiva del Grupo Fundaci\u00f3n San Cebri\u00e1n #lamarchadajuego"},"content":{"rendered":"<div id=\"pl-12953\"  class=\"panel-layout\" ><div id=\"pg-12953-0\"  class=\"panel-grid panel-no-style\" ><div id=\"pgc-12953-0-0\"  class=\"panel-grid-cell panel-grid-cell-mobile-last\" ><div id=\"panel-12953-0-0-0\" class=\"so-panel widget widget_sow-image panel-first-child\" data-index=\"0\" ><div class=\"panel-widget-style panel-widget-style-for-12953-0-0-0\" ><div\n\t\t\t\n\t\t\tclass=\"so-widget-sow-image so-widget-sow-image-default-4e6925654b7a-12953\"\n\t\t\t\n\t\t>\n<div class=\"sow-image-container\">\n\t\t<img \n\tsrc=\"https:\/\/www.fundacionsancebrian.com\/portal\/wp-content\/uploads\/2024\/05\/Lecturafacil1.png\" width=\"250\" height=\"50\" sizes=\"(max-width: 250px) 100vw, 250px\" alt=\"\" \t\tclass=\"so-widget-image\"\/>\n\t<\/div>\n\n<\/div><\/div><\/div><div id=\"panel-12953-0-0-1\" class=\"so-panel widget widget_sow-editor panel-last-child\" data-index=\"1\" ><div class=\"panel-widget-style panel-widget-style-for-12953-0-0-1\" ><div\n\t\t\t\n\t\t\tclass=\"so-widget-sow-editor so-widget-sow-editor-base\"\n\t\t\t\n\t\t>\n<div class=\"siteorigin-widget-tinymce textwidget\">\n\t<div style=\"font-size: 18px; line-height: 1.8em; font-family: Arial;\">\n<p><strong>Escucha la noticia aqu\u00ed:<\/strong><\/p>\n<audio class=\"wp-audio-shortcode\" id=\"audio-12953-1\" preload=\"none\" style=\"width: 100%;\" controls=\"controls\"><source type=\"audio\/mpeg\" src=\"https:\/\/www.fundacionsancebrian.com\/portal\/wp-content\/uploads\/2024\/10\/Marcha.mp3?_=1\" \/><a href=\"https:\/\/www.fundacionsancebrian.com\/portal\/wp-content\/uploads\/2024\/10\/Marcha.mp3\">https:\/\/www.fundacionsancebrian.com\/portal\/wp-content\/uploads\/2024\/10\/Marcha.mp3<\/a><\/audio>\n<hr \/>\n<p><strong>Marcha ol\u00edmpica.<\/strong><\/p>\n<p>El Grupo Fundaci\u00f3n San Cebri\u00e1n organiz\u00f3 el s\u00e1bado 28 de septiembre una Marcha.<br \/>\nEste a\u00f1o es la marcha numero 15<br \/>\ny el tema fue los Juegos Ol\u00edmpicos.<\/p>\n<p>Este a\u00f1o participaron m\u00e1s de 600 personas<br \/>\ny recorrieron 13 kil\u00f3metros desde Astudillo a Villodre y volver.<\/p>\n<p>La Marcha empez\u00f3 a las 10 y media de la ma\u00f1ana<br \/>\ny acab\u00f3 a las 12 y media.<\/p>\n<p>Despu\u00e9s de la llegada hubo actividades deportivas, como juegos de bolos<br \/>\ny una demostraci\u00f3n de rugby del Rugby Club Palencia.<\/p>\n<p>Tambi\u00e9n hubo comida preparada por el cocinero Roberto Espeso<br \/>\ncon la ayuda de un grupo de personas con discapacidad<br \/>\nque trabajan en la cocina de la fundaci\u00f3n.<\/p>\n<p>El d\u00eda termin\u00f3 con un sorteo de m\u00e1s de 80 regalos.<\/p>\n<p>Con el dinero de las entradas de la Marcha<br \/>\nel Club Deportivo San Cebri\u00e1n pagar\u00e1 el los gastos<br \/>\npara participar en los Juegos Mundiales de Invierno del 2025.<\/p>\n<\/div>\n<div style=\"font-size: 18px; line-height: 1.8em; font-family: Arial;\">\n<p>&nbsp;<\/p>\n<\/div>\n<\/div>\n<\/div><\/div><\/div><\/div><div id=\"pgc-12953-0-1\"  class=\"panel-grid-cell panel-grid-cell-empty\" ><\/div><\/div><div id=\"pg-12953-1\"  class=\"panel-grid panel-no-style\" ><div id=\"pgc-12953-1-0\"  class=\"panel-grid-cell\" ><div id=\"panel-12953-1-0-0\" class=\"so-panel widget widget_sow-editor panel-first-child panel-last-child\" data-index=\"2\" ><div\n\t\t\t\n\t\t\tclass=\"so-widget-sow-editor so-widget-sow-editor-base\"\n\t\t\t\n\t\t><h3 class=\"widget-title\">El dinero recaudado de la Marcha ir\u00e1 destinado a sufragar los gastos de la participaci\u00f3n de 5 deportistas y una entrenador del Club Deportivo San Cebri\u00e1n en los Juegos Mundiales de Invierno del 2025<\/h3>\n<div class=\"siteorigin-widget-tinymce textwidget\">\n\t<div>\n<p><a href=\"https:\/\/www.fundacionsancebrian.com\/portal\/wp-content\/uploads\/2024\/10\/DSC_0092-1-scaled.jpg\"><img fetchpriority=\"high\" fetchpriority=\"high\" decoding=\"async\" class=\"alignright wp-image-12956\" src=\"https:\/\/www.fundacionsancebrian.com\/portal\/wp-content\/uploads\/2024\/10\/DSC_0092-1-scaled.jpg\" alt=\"\" width=\"400\" height=\"267\" srcset=\"https:\/\/www.fundacionsancebrian.com\/portal\/wp-content\/uploads\/2024\/10\/DSC_0092-1-scaled.jpg 2560w, https:\/\/www.fundacionsancebrian.com\/portal\/wp-content\/uploads\/2024\/10\/DSC_0092-1-300x200.jpg 300w, https:\/\/www.fundacionsancebrian.com\/portal\/wp-content\/uploads\/2024\/10\/DSC_0092-1-1024x683.jpg 1024w, https:\/\/www.fundacionsancebrian.com\/portal\/wp-content\/uploads\/2024\/10\/DSC_0092-1-768x512.jpg 768w, https:\/\/www.fundacionsancebrian.com\/portal\/wp-content\/uploads\/2024\/10\/DSC_0092-1-600x400.jpg 600w, https:\/\/www.fundacionsancebrian.com\/portal\/wp-content\/uploads\/2024\/10\/DSC_0092-1-1536x1024.jpg 1536w, https:\/\/www.fundacionsancebrian.com\/portal\/wp-content\/uploads\/2024\/10\/DSC_0092-1-2048x1365.jpg 2048w, https:\/\/www.fundacionsancebrian.com\/portal\/wp-content\/uploads\/2024\/10\/DSC_0092-1-272x182.jpg 272w, https:\/\/www.fundacionsancebrian.com\/portal\/wp-content\/uploads\/2024\/10\/DSC_0092-1-720x480.jpg 720w\" sizes=\"(max-width: 400px) 100vw, 400px\" \/><\/a>El Grupo Fundaci\u00f3n San Cebri\u00e1n celebr\u00f3 el s\u00e1bado, 28 de septiembre su tradicional Marcha, que este a\u00f1o cumpl\u00eda 15 ediciones y cuya tem\u00e1tica fueron los Juegos Ol\u00edmpicos. M\u00e1s de 600 personas recorrieron los 13 km entre Astudillo-Villodre y Astudillo -la ruta era circular- en una jornada l\u00fadica y festiva que se celebr\u00f3 sin ninguna incidencia destacada<\/p>\n<p>La Marcha arranc\u00f3 pasadas las 10,30 horas de la ma\u00f1ana - tras la llegada de los distintos autobuses dispuestos en Palencia, Fr\u00f3mista, Carri\u00f3n y San Cebri\u00e1n de Campos- y tras la presentaci\u00f3n por parte de la gerente, Eva del R\u00edo, que estuvo acompa\u00f1ada, del alcalde de Astudillo, Luis Santos; la alcaldesa de Villodre, Ana D\u00edez; el diputado del \u00c1rea de Servicios Sociales, Juan Antonio Obispo y la gerente provincial de servicios sociales, Almudena Narganes.<\/p>\n<p>El atleta astudillano, \u00d3scar Husillos acompa\u00f1\u00f3 a los andarines en la marcha ejerciendo de padrino presencial de la Marcha, junto a otros padrinos que trasladaron su apoyo de forma virtual, como la entrenadora, Sara Bay\u00f3n; el entrenador, Luis Guill; y los deportistas paral\u00edmpicos David Pineda, atleta soriano; Daniel Molina, deportista paral\u00edmpico madrile\u00f1o y el nadador vallisoletano, Luis Huerta.<\/p>\n<p>Tras el recorrido que arranc\u00f3 a las 10,30 horas de la Plaza de Astudillo, los primeros andarines tras pasar por Villodre regresaron de nuevo a la localidad astudillana en torno a las 12,30 horas, donde se realizaron diferentes actividades deportivas, como juegos de bolos, demostraci\u00f3n de rugby, gracias a los deportistas del Rugby Club Palencia<\/p>\n<p>La comida fue elaborada por el cocinero Roberto Espeso junto a un grupo de personas con discapacidad, formadas en cocina en la entidad social.<\/p>\n<p>La jornada termin\u00f3 con un sorteo con m\u00e1s de 80 regalos, cedidos por m\u00e1s de 30 proveedores y colaboradores.<\/p>\n<p>&nbsp;<\/p>\n<p><a href=\"https:\/\/www.flickr.com\/photos\/136135221@N07\/albums\/72177720320712821\/\"><div class=\"su-service\"><div class=\"su-service-title\" style=\"padding-left:78px;min-height:64px;line-height:64px\"><i class=\"sui sui-photo\" style=\"font-size:64px;color:#000000\"><\/i> \u00c1lbum completo de la marcha ol\u00edmpica<\/div><div class=\"su-service-content su-u-clearfix su-u-trim\" style=\"padding-left:78px\"><\/div><\/div><\/a><\/p>\n<p>&nbsp;<\/p>\n\n\t\t<style type=\"text\/css\">\n\t\t\t#gallery-1 {\n\t\t\t\tmargin: auto;\n\t\t\t}\n\t\t\t#gallery-1 .gallery-item {\n\t\t\t\tfloat: left;\n\t\t\t\tmargin-top: 10px;\n\t\t\t\ttext-align: center;\n\t\t\t\twidth: 33%;\n\t\t\t}\n\t\t\t#gallery-1 img {\n\t\t\t\tborder: 2px solid #cfcfcf;\n\t\t\t}\n\t\t\t#gallery-1 .gallery-caption {\n\t\t\t\tmargin-left: 0;\n\t\t\t}\n\t\t\t\/* see gallery_shortcode() in wp-includes\/media.php *\/\n\t\t<\/style>\n\t\t<div id='gallery-1' class='gallery galleryid-12953 gallery-columns-3 gallery-size-medium'><dl class='gallery-item'>\n\t\t\t<dt class='gallery-icon landscape'>\n\t\t\t\t<a href='https:\/\/www.fundacionsancebrian.com\/portal\/mas-de-600-personas-cruzan-la-linea-de-meta-de-la-xv-marcha-inclusiva-del-grupo-fundacion-san-cebrian-lamarchadajuego\/54032472774_ea3173f68c_b\/#main'><img decoding=\"async\" width=\"300\" height=\"169\" src=\"https:\/\/www.fundacionsancebrian.com\/portal\/wp-content\/uploads\/2024\/10\/54032472774_ea3173f68c_b-300x169.jpg\" class=\"attachment-medium size-medium\" alt=\"\" srcset=\"https:\/\/www.fundacionsancebrian.com\/portal\/wp-content\/uploads\/2024\/10\/54032472774_ea3173f68c_b-300x169.jpg 300w, https:\/\/www.fundacionsancebrian.com\/portal\/wp-content\/uploads\/2024\/10\/54032472774_ea3173f68c_b-768x433.jpg 768w, https:\/\/www.fundacionsancebrian.com\/portal\/wp-content\/uploads\/2024\/10\/54032472774_ea3173f68c_b.jpg 1024w\" sizes=\"(max-width: 300px) 100vw, 300px\" \/><\/a>\n\t\t\t<\/dt><\/dl><dl class='gallery-item'>\n\t\t\t<dt class='gallery-icon landscape'>\n\t\t\t\t<a href='https:\/\/www.fundacionsancebrian.com\/portal\/mas-de-600-personas-cruzan-la-linea-de-meta-de-la-xv-marcha-inclusiva-del-grupo-fundacion-san-cebrian-lamarchadajuego\/christian-anton-2\/#main'><img loading=\"lazy\" decoding=\"async\" width=\"300\" height=\"200\" src=\"https:\/\/www.fundacionsancebrian.com\/portal\/wp-content\/uploads\/2024\/10\/DSC_0074-1-300x200.jpg\" class=\"attachment-medium size-medium\" alt=\"\" srcset=\"https:\/\/www.fundacionsancebrian.com\/portal\/wp-content\/uploads\/2024\/10\/DSC_0074-1-300x200.jpg 300w, https:\/\/www.fundacionsancebrian.com\/portal\/wp-content\/uploads\/2024\/10\/DSC_0074-1-1024x683.jpg 1024w, https:\/\/www.fundacionsancebrian.com\/portal\/wp-content\/uploads\/2024\/10\/DSC_0074-1-768x512.jpg 768w, https:\/\/www.fundacionsancebrian.com\/portal\/wp-content\/uploads\/2024\/10\/DSC_0074-1-600x400.jpg 600w, https:\/\/www.fundacionsancebrian.com\/portal\/wp-content\/uploads\/2024\/10\/DSC_0074-1-1536x1024.jpg 1536w, https:\/\/www.fundacionsancebrian.com\/portal\/wp-content\/uploads\/2024\/10\/DSC_0074-1-2048x1365.jpg 2048w, https:\/\/www.fundacionsancebrian.com\/portal\/wp-content\/uploads\/2024\/10\/DSC_0074-1-272x182.jpg 272w, https:\/\/www.fundacionsancebrian.com\/portal\/wp-content\/uploads\/2024\/10\/DSC_0074-1-720x480.jpg 720w, https:\/\/www.fundacionsancebrian.com\/portal\/wp-content\/uploads\/2024\/10\/DSC_0074-1-950x630.jpg 950w\" sizes=\"(max-width: 300px) 100vw, 300px\" \/><\/a>\n\t\t\t<\/dt><\/dl><dl class='gallery-item'>\n\t\t\t<dt class='gallery-icon landscape'>\n\t\t\t\t<a href='https:\/\/www.fundacionsancebrian.com\/portal\/mas-de-600-personas-cruzan-la-linea-de-meta-de-la-xv-marcha-inclusiva-del-grupo-fundacion-san-cebrian-lamarchadajuego\/christian-anton\/#main'><img loading=\"lazy\" decoding=\"async\" width=\"300\" height=\"200\" src=\"https:\/\/www.fundacionsancebrian.com\/portal\/wp-content\/uploads\/2024\/10\/DSC_0092-1-300x200.jpg\" class=\"attachment-medium size-medium\" alt=\"\" srcset=\"https:\/\/www.fundacionsancebrian.com\/portal\/wp-content\/uploads\/2024\/10\/DSC_0092-1-300x200.jpg 300w, https:\/\/www.fundacionsancebrian.com\/portal\/wp-content\/uploads\/2024\/10\/DSC_0092-1-1024x683.jpg 1024w, https:\/\/www.fundacionsancebrian.com\/portal\/wp-content\/uploads\/2024\/10\/DSC_0092-1-768x512.jpg 768w, https:\/\/www.fundacionsancebrian.com\/portal\/wp-content\/uploads\/2024\/10\/DSC_0092-1-600x400.jpg 600w, https:\/\/www.fundacionsancebrian.com\/portal\/wp-content\/uploads\/2024\/10\/DSC_0092-1-1536x1024.jpg 1536w, https:\/\/www.fundacionsancebrian.com\/portal\/wp-content\/uploads\/2024\/10\/DSC_0092-1-2048x1365.jpg 2048w, https:\/\/www.fundacionsancebrian.com\/portal\/wp-content\/uploads\/2024\/10\/DSC_0092-1-272x182.jpg 272w, https:\/\/www.fundacionsancebrian.com\/portal\/wp-content\/uploads\/2024\/10\/DSC_0092-1-720x480.jpg 720w, https:\/\/www.fundacionsancebrian.com\/portal\/wp-content\/uploads\/2024\/10\/DSC_0092-1-950x630.jpg 950w\" sizes=\"(max-width: 300px) 100vw, 300px\" \/><\/a>\n\t\t\t<\/dt><\/dl><br style=\"clear: both\" \/>\n\t\t<\/div>\n\n<\/div>\n<\/div>\n<\/div><\/div><\/div><\/div><\/div>","protected":false},"excerpt":{"rendered":"<p>Escucha la noticia aqu\u00ed: Marcha ol\u00edmpica. El Grupo Fundaci\u00f3n San Cebri\u00e1n organiz\u00f3 el s\u00e1bado 28 de septiembre una Marcha. Este a\u00f1o es la marcha numero 15 y el tema fue los Juegos Ol\u00edmpicos. Este a\u00f1o participaron m\u00e1s de 600 personas y recorrieron 13 kil\u00f3metros desde Astudillo a Villodre y volver. La Marcha empez\u00f3 a las [&hellip;]<\/p>\n","protected":false},"author":1,"featured_media":12956,"comment_status":"closed","ping_status":"open","sticky":false,"template":"","format":"standard","meta":{"_seopress_robots_primary_cat":"none","_seopress_titles_title":"","_seopress_titles_desc":"","_seopress_robots_index":"","_eb_attr":"","footnotes":""},"categories":[8],"tags":[],"class_list":["post-12953","post","type-post","status-publish","format-standard","has-post-thumbnail","hentry","category-noticias","post-with-thumbnail","post-with-thumbnail-icon"],"_links":{"self":[{"href":"https:\/\/www.fundacionsancebrian.com\/portal\/wp-json\/wp\/v2\/posts\/12953","targetHints":{"allow":["GET"]}}],"collection":[{"href":"https:\/\/www.fundacionsancebrian.com\/portal\/wp-json\/wp\/v2\/posts"}],"about":[{"href":"https:\/\/www.fundacionsancebrian.com\/portal\/wp-json\/wp\/v2\/types\/post"}],"author":[{"embeddable":true,"href":"https:\/\/www.fundacionsancebrian.com\/portal\/wp-json\/wp\/v2\/users\/1"}],"replies":[{"embeddable":true,"href":"https:\/\/www.fundacionsancebrian.com\/portal\/wp-json\/wp\/v2\/comments?post=12953"}],"version-history":[{"count":12,"href":"https:\/\/www.fundacionsancebrian.com\/portal\/wp-json\/wp\/v2\/posts\/12953\/revisions"}],"predecessor-version":[{"id":12982,"href":"https:\/\/www.fundacionsancebrian.com\/portal\/wp-json\/wp\/v2\/posts\/12953\/revisions\/12982"}],"wp:featuredmedia":[{"embeddable":true,"href":"https:\/\/www.fundacionsancebrian.com\/portal\/wp-json\/wp\/v2\/media\/12956"}],"wp:attachment":[{"href":"https:\/\/www.fundacionsancebrian.com\/portal\/wp-json\/wp\/v2\/media?parent=12953"}],"wp:term":[{"taxonomy":"category","embeddable":true,"href":"https:\/\/www.fundacionsancebrian.com\/portal\/wp-json\/wp\/v2\/categories?post=12953"},{"taxonomy":"post_tag","embeddable":true,"href":"https:\/\/www.fundacionsancebrian.com\/portal\/wp-json\/wp\/v2\/tags?post=12953"}],"curies":[{"name":"wp","href":"https:\/\/api.w.org\/{rel}","templated":true}]}}