{"id":12987,"date":"2024-10-15T15:15:44","date_gmt":"2024-10-15T13:15:44","guid":{"rendered":"https:\/\/www.fundacionsancebrian.com\/portal\/?p=12987"},"modified":"2024-10-15T16:57:06","modified_gmt":"2024-10-15T14:57:06","slug":"el-grupo-fundacion-san-cebrian-fomenta-el-empleo-de-la-mujer-rural","status":"publish","type":"post","link":"https:\/\/www.fundacionsancebrian.com\/portal\/el-grupo-fundacion-san-cebrian-fomenta-el-empleo-de-la-mujer-rural\/","title":{"rendered":"El Grupo Fundaci\u00f3n San Cebri\u00e1n fomenta el empleo de la mujer rural"},"content":{"rendered":"<div id=\"pl-12987\"  class=\"panel-layout\" ><div id=\"pg-12987-0\"  class=\"panel-grid panel-no-style\" ><div id=\"pgc-12987-0-0\"  class=\"panel-grid-cell panel-grid-cell-mobile-last\" ><div id=\"panel-12987-0-0-0\" class=\"so-panel widget widget_sow-image panel-first-child\" data-index=\"0\" ><div class=\"panel-widget-style panel-widget-style-for-12987-0-0-0\" ><div\n\t\t\t\n\t\t\tclass=\"so-widget-sow-image so-widget-sow-image-default-4e6925654b7a-12987\"\n\t\t\t\n\t\t>\n<div class=\"sow-image-container\">\n\t\t<img \n\tsrc=\"https:\/\/www.fundacionsancebrian.com\/portal\/wp-content\/uploads\/2024\/05\/Lecturafacil1.png\" width=\"250\" height=\"50\" sizes=\"(max-width: 250px) 100vw, 250px\" alt=\"\" \t\tclass=\"so-widget-image\"\/>\n\t<\/div>\n\n<\/div><\/div><\/div><div id=\"panel-12987-0-0-1\" class=\"so-panel widget widget_sow-editor panel-last-child\" data-index=\"1\" ><div class=\"panel-widget-style panel-widget-style-for-12987-0-0-1\" ><div\n\t\t\t\n\t\t\tclass=\"so-widget-sow-editor so-widget-sow-editor-base\"\n\t\t\t\n\t\t>\n<div class=\"siteorigin-widget-tinymce textwidget\">\n\t<div style=\"font-size: 18px; line-height: 1.8em; font-family: Arial;\">\n<p><strong>Escucha este art\u00edculo:<\/strong><\/p>\n<audio class=\"wp-audio-shortcode\" id=\"audio-12987-1\" preload=\"none\" style=\"width: 100%;\" controls=\"controls\"><source type=\"audio\/mpeg\" src=\"https:\/\/www.fundacionsancebrian.com\/portal\/wp-content\/uploads\/2024\/10\/Mujer-rural-1.mp3?_=1\" \/><a href=\"https:\/\/www.fundacionsancebrian.com\/portal\/wp-content\/uploads\/2024\/10\/Mujer-rural-1.mp3\">https:\/\/www.fundacionsancebrian.com\/portal\/wp-content\/uploads\/2024\/10\/Mujer-rural-1.mp3<\/a><\/audio>\n<p><strong>Dia de la mujer rural.<\/strong><\/p>\n<p>La Fundaci\u00f3n San Cebri\u00e1n quiere crear empleo<br \/>\npara las mujeres de Palencia que viven en pueblos.<\/p>\n<p>Hoy 15 de octubre es el d\u00eda de la mujer rural.<\/p>\n<p>En el Grupo Fundaci\u00f3n San Cebri\u00e1n trabajan 234 mujeres<br \/>\nque viven en pueblos.<\/p>\n<p>Estas mujeres tienen diferentes puestos de trabajo<br \/>\npor ejemplo, responsables, atenci\u00f3n directa o asistentes personales.<br \/>\nY trabajan en diferentes pueblos como Carri\u00f3n de los Condes,<br \/>\nFr\u00f3mista, Villamuriel de Cerrato, San Cebri\u00e1n de Campos y Bahillo.<br \/>\nTambi\u00e9n las ciudades de Palencia y Soria.<\/p>\n<\/div>\n<\/div>\n<\/div><\/div><\/div><\/div><div id=\"pgc-12987-0-1\"  class=\"panel-grid-cell panel-grid-cell-empty\" ><\/div><\/div><div id=\"pg-12987-1\"  class=\"panel-grid panel-no-style\" ><div id=\"pgc-12987-1-0\"  class=\"panel-grid-cell\" ><div id=\"panel-12987-1-0-0\" class=\"so-panel widget widget_sow-editor panel-first-child panel-last-child\" data-index=\"2\" ><div\n\t\t\t\n\t\t\tclass=\"so-widget-sow-editor so-widget-sow-editor-base\"\n\t\t\t\n\t\t><h3 class=\"widget-title\">Actualmente el n\u00famero de mujeres trabajadoras que residen en el medio rural alcanza las 234 mujeres<\/h3>\n<div class=\"siteorigin-widget-tinymce textwidget\">\n\t<p><a href=\"https:\/\/www.fundacionsancebrian.com\/portal\/wp-content\/uploads\/2024\/10\/53002272454_b108c99bcd_k.jpg\"><img fetchpriority=\"high\" fetchpriority=\"high\" decoding=\"async\" class=\"alignright wp-image-12990\" src=\"https:\/\/www.fundacionsancebrian.com\/portal\/wp-content\/uploads\/2024\/10\/53002272454_b108c99bcd_k-300x200.jpg\" alt=\"\" width=\"400\" height=\"266\" srcset=\"https:\/\/www.fundacionsancebrian.com\/portal\/wp-content\/uploads\/2024\/10\/53002272454_b108c99bcd_k-300x200.jpg 300w, https:\/\/www.fundacionsancebrian.com\/portal\/wp-content\/uploads\/2024\/10\/53002272454_b108c99bcd_k-1024x681.jpg 1024w, https:\/\/www.fundacionsancebrian.com\/portal\/wp-content\/uploads\/2024\/10\/53002272454_b108c99bcd_k-768x511.jpg 768w, https:\/\/www.fundacionsancebrian.com\/portal\/wp-content\/uploads\/2024\/10\/53002272454_b108c99bcd_k-600x400.jpg 600w, https:\/\/www.fundacionsancebrian.com\/portal\/wp-content\/uploads\/2024\/10\/53002272454_b108c99bcd_k-1536x1022.jpg 1536w, https:\/\/www.fundacionsancebrian.com\/portal\/wp-content\/uploads\/2024\/10\/53002272454_b108c99bcd_k-272x182.jpg 272w, https:\/\/www.fundacionsancebrian.com\/portal\/wp-content\/uploads\/2024\/10\/53002272454_b108c99bcd_k-720x480.jpg 720w, https:\/\/www.fundacionsancebrian.com\/portal\/wp-content\/uploads\/2024\/10\/53002272454_b108c99bcd_k-950x630.jpg 950w, https:\/\/www.fundacionsancebrian.com\/portal\/wp-content\/uploads\/2024\/10\/53002272454_b108c99bcd_k.jpg 2048w\" sizes=\"(max-width: 400px) 100vw, 400px\" \/><\/a>Fomentar el empleo en el medio rural, promover el empleo de la mujer que reside en el medio rural y apostar por la provincia, son tres de las premisas a las que se da respuesta en el Grupo Fundaci\u00f3n San Cebri\u00e1n comprobando los datos de profesionales mujeres y residentes en la provincia que trabajan actualmente en la entidad social, que cuenta con servicios de apoyo y programas en cinco localidades palentinas m\u00e1s la capital, como son Carri\u00f3n de los Condes, Fr\u00f3mista, San Cebri\u00e1n de Campos, Villamuriel de Cerrato y Bahillo; a los que se suman desde hace unos meses los servicios de apoyo de programas como Intecum y A Gusto en la Provincia de Soria.<\/p>\n<p>En el D\u00eda de la Mujer Rural, que se conmemora hoy d\u00eda 15 de octubre,\u00a0 la entidad social ha querido recordar estos datos.<\/p>\n<p>Actualmente, la plantilla del Grupo Fundaci\u00f3n San Cebri\u00e1n cuenta con 234 mujeres que residen en el medio rural- de una plantilla de 450 profesionales-, que desarrollan su trabajo en diferentes puestos, entre ellos, responsables de \u00e1reas en diferentes \u00e1mbitos; atenci\u00f3n directa; asistentes personales, gestoras de caso; secciones de empleo... Mujeres que desarrollan su trabajo en los distintos servicios de apoyo que tenemos en 5 localidades palentinas: Carri\u00f3n de los Condes, Fr\u00f3mista, Villamuriel de Cerrato, San Cebri\u00e1n de Campos y Bahillo; en la capital palentina y tambi\u00e9n en la Provincia de Soria (con los programas INTECUM y A Gusto<\/p>\n<p>&nbsp;<\/p>\n<p><a href=\"https:\/\/www.fundacionsancebrian.com\/portal\/wp-content\/uploads\/2024\/10\/53371306984_836f85f4e4_k.jpg\"><img decoding=\"async\" class=\"aligncenter wp-image-12992 size-large\" src=\"https:\/\/www.fundacionsancebrian.com\/portal\/wp-content\/uploads\/2024\/10\/53371306984_836f85f4e4_k-1024x768.jpg\" alt=\"\" width=\"720\" height=\"540\" srcset=\"https:\/\/www.fundacionsancebrian.com\/portal\/wp-content\/uploads\/2024\/10\/53371306984_836f85f4e4_k-1024x768.jpg 1024w, https:\/\/www.fundacionsancebrian.com\/portal\/wp-content\/uploads\/2024\/10\/53371306984_836f85f4e4_k-300x225.jpg 300w, https:\/\/www.fundacionsancebrian.com\/portal\/wp-content\/uploads\/2024\/10\/53371306984_836f85f4e4_k-768x576.jpg 768w, https:\/\/www.fundacionsancebrian.com\/portal\/wp-content\/uploads\/2024\/10\/53371306984_836f85f4e4_k-1536x1152.jpg 1536w, https:\/\/www.fundacionsancebrian.com\/portal\/wp-content\/uploads\/2024\/10\/53371306984_836f85f4e4_k.jpg 2048w\" sizes=\"(max-width: 720px) 100vw, 720px\" \/><\/a><\/p>\n<p>&nbsp;<\/p>\n<\/div>\n<\/div><\/div><\/div><\/div><\/div>","protected":false},"excerpt":{"rendered":"<p>Escucha este art\u00edculo: Dia de la mujer rural. La Fundaci\u00f3n San Cebri\u00e1n quiere crear empleo para las mujeres de Palencia que viven en pueblos. Hoy 15 de octubre es el d\u00eda de la mujer rural. En el Grupo Fundaci\u00f3n San Cebri\u00e1n trabajan 234 mujeres que viven en pueblos. Estas mujeres tienen diferentes puestos de trabajo [&hellip;]<\/p>\n","protected":false},"author":1,"featured_media":12990,"comment_status":"closed","ping_status":"open","sticky":false,"template":"","format":"standard","meta":{"_seopress_robots_primary_cat":"none","_seopress_titles_title":"","_seopress_titles_desc":"","_seopress_robots_index":"","_eb_attr":"","footnotes":""},"categories":[8],"tags":[],"class_list":["post-12987","post","type-post","status-publish","format-standard","has-post-thumbnail","hentry","category-noticias","post-with-thumbnail","post-with-thumbnail-icon"],"_links":{"self":[{"href":"https:\/\/www.fundacionsancebrian.com\/portal\/wp-json\/wp\/v2\/posts\/12987","targetHints":{"allow":["GET"]}}],"collection":[{"href":"https:\/\/www.fundacionsancebrian.com\/portal\/wp-json\/wp\/v2\/posts"}],"about":[{"href":"https:\/\/www.fundacionsancebrian.com\/portal\/wp-json\/wp\/v2\/types\/post"}],"author":[{"embeddable":true,"href":"https:\/\/www.fundacionsancebrian.com\/portal\/wp-json\/wp\/v2\/users\/1"}],"replies":[{"embeddable":true,"href":"https:\/\/www.fundacionsancebrian.com\/portal\/wp-json\/wp\/v2\/comments?post=12987"}],"version-history":[{"count":4,"href":"https:\/\/www.fundacionsancebrian.com\/portal\/wp-json\/wp\/v2\/posts\/12987\/revisions"}],"predecessor-version":[{"id":12998,"href":"https:\/\/www.fundacionsancebrian.com\/portal\/wp-json\/wp\/v2\/posts\/12987\/revisions\/12998"}],"wp:featuredmedia":[{"embeddable":true,"href":"https:\/\/www.fundacionsancebrian.com\/portal\/wp-json\/wp\/v2\/media\/12990"}],"wp:attachment":[{"href":"https:\/\/www.fundacionsancebrian.com\/portal\/wp-json\/wp\/v2\/media?parent=12987"}],"wp:term":[{"taxonomy":"category","embeddable":true,"href":"https:\/\/www.fundacionsancebrian.com\/portal\/wp-json\/wp\/v2\/categories?post=12987"},{"taxonomy":"post_tag","embeddable":true,"href":"https:\/\/www.fundacionsancebrian.com\/portal\/wp-json\/wp\/v2\/tags?post=12987"}],"curies":[{"name":"wp","href":"https:\/\/api.w.org\/{rel}","templated":true}]}}