{"id":13000,"date":"2024-10-17T14:57:24","date_gmt":"2024-10-17T12:57:24","guid":{"rendered":"https:\/\/www.fundacionsancebrian.com\/portal\/?p=13000"},"modified":"2024-10-17T17:01:17","modified_gmt":"2024-10-17T15:01:17","slug":"la-fundacion-san-cebrian-inicia-un-itinerario-de-insercion-sociolaboral-de-personas-en-situacion-o-riesgo-de-exclusion-social-hasta-marzo-de-2025","status":"publish","type":"post","link":"https:\/\/www.fundacionsancebrian.com\/portal\/la-fundacion-san-cebrian-inicia-un-itinerario-de-insercion-sociolaboral-de-personas-en-situacion-o-riesgo-de-exclusion-social-hasta-marzo-de-2025\/","title":{"rendered":"La Fundaci\u00f3n San Cebri\u00e1n inicia un Itinerario de inserci\u00f3n sociolaboral de personas en situaci\u00f3n o riesgo de exclusi\u00f3n social hasta marzo de 2025"},"content":{"rendered":"<div id=\"pl-13000\"  class=\"panel-layout\" ><div id=\"pg-13000-0\"  class=\"panel-grid panel-no-style\" ><div id=\"pgc-13000-0-0\"  class=\"panel-grid-cell\" ><div id=\"panel-13000-0-0-0\" class=\"so-panel widget widget_sow-image panel-first-child\" data-index=\"0\" ><div class=\"panel-widget-style panel-widget-style-for-13000-0-0-0\" ><div\n\t\t\t\n\t\t\tclass=\"so-widget-sow-image so-widget-sow-image-default-4e6925654b7a-13000\"\n\t\t\t\n\t\t>\n<div class=\"sow-image-container\">\n\t\t<img \n\tsrc=\"https:\/\/www.fundacionsancebrian.com\/portal\/wp-content\/uploads\/2024\/05\/Lecturafacil1.png\" width=\"250\" height=\"50\" sizes=\"(max-width: 250px) 100vw, 250px\" alt=\"\" \t\tclass=\"so-widget-image\"\/>\n\t<\/div>\n\n<\/div><\/div><\/div><div id=\"panel-13000-0-0-1\" class=\"so-panel widget widget_sow-editor panel-last-child\" data-index=\"1\" ><div class=\"panel-widget-style panel-widget-style-for-13000-0-0-1\" ><div\n\t\t\t\n\t\t\tclass=\"so-widget-sow-editor so-widget-sow-editor-base\"\n\t\t\t\n\t\t>\n<div class=\"siteorigin-widget-tinymce textwidget\">\n\t<div style=\"font-size: 18px; line-height: 1.8em; font-family: Arial;\">\n<p><strong>Curso de cocina.<\/strong><\/p>\n<p>La Fundaci\u00f3n San Cebri\u00e1n ha empezado un proyecto<br \/>\npara ayudar a personas que lo est\u00e1n pasando mal<br \/>\ny que tienen problemas para encontrar trabajo.<\/p>\n<p>Este programa se hace con la ayuda de la Junta de Castilla y Le\u00f3n<br \/>\ny el Fondo Social Europeo<br \/>\nque es una organizaci\u00f3n que ayuda a mejorar la vida de las personas.<\/p>\n<p>En este programa participan 16 personas<br \/>\nque necesitan ayuda para mejorar su vida.<\/p>\n<p>Estas personas van a aprender a cocinar<br \/>\npara encontrar un trabajo.<\/p>\n<p>Estas personas van a tener ayuda<br \/>\npara conseguir sus objetivos.<\/p>\n<p>El proyecto empezar\u00e1 ahora<br \/>\ny terminar\u00e1 el 31 de marzo de 2025.<\/p>\n<\/div>\n<\/div>\n<\/div><\/div><\/div><\/div><div id=\"pgc-13000-0-1\"  class=\"panel-grid-cell\" ><div id=\"panel-13000-0-1-0\" class=\"so-panel widget widget_sow-image panel-first-child\" data-index=\"2\" ><div class=\"panel-widget-style panel-widget-style-for-13000-0-1-0\" ><div\n\t\t\t\n\t\t\tclass=\"so-widget-sow-image so-widget-sow-image-default-4e6925654b7a-13000\"\n\t\t\t\n\t\t>\n<div class=\"sow-image-container\">\n\t\t<img \n\tsrc=\"https:\/\/www.fundacionsancebrian.com\/portal\/wp-content\/uploads\/2024\/10\/Glosario.png\" width=\"250\" height=\"50\" sizes=\"(max-width: 250px) 100vw, 250px\" title=\"#bf360c\" alt=\"\" \t\tclass=\"so-widget-image\"\/>\n\t<\/div>\n\n<\/div><\/div><\/div><div id=\"panel-13000-0-1-1\" class=\"so-panel widget widget_sow-editor panel-last-child\" data-index=\"3\" ><div class=\"panel-widget-style panel-widget-style-for-13000-0-1-1\" ><div\n\t\t\t\n\t\t\tclass=\"so-widget-sow-editor so-widget-sow-editor-base\"\n\t\t\t\n\t\t>\n<div class=\"siteorigin-widget-tinymce textwidget\">\n\t<audio class=\"wp-audio-shortcode\" id=\"audio-13000-1\" preload=\"none\" style=\"width: 100%;\" controls=\"controls\"><source type=\"audio\/mpeg\" src=\"https:\/\/www.fundacionsancebrian.com\/portal\/wp-content\/uploads\/2024\/10\/Curso-cocina-2.mp3?_=1\" \/><a href=\"https:\/\/www.fundacionsancebrian.com\/portal\/wp-content\/uploads\/2024\/10\/Curso-cocina-2.mp3\">https:\/\/www.fundacionsancebrian.com\/portal\/wp-content\/uploads\/2024\/10\/Curso-cocina-2.mp3<\/a><\/audio>\n<\/div>\n<\/div><\/div><\/div><\/div><\/div><div id=\"pg-13000-1\"  class=\"panel-grid panel-no-style\" ><div id=\"pgc-13000-1-0\"  class=\"panel-grid-cell\" ><div id=\"panel-13000-1-0-0\" class=\"so-panel widget widget_sow-editor panel-first-child panel-last-child\" data-index=\"4\" ><div\n\t\t\t\n\t\t\tclass=\"so-widget-sow-editor so-widget-sow-editor-base\"\n\t\t\t\n\t\t><h3 class=\"widget-title\">El Itinerario contar\u00e1 con un curso de Operaciones b\u00e1sicas de cocina<\/h3>\n<div class=\"siteorigin-widget-tinymce textwidget\">\n\t<p><a href=\"https:\/\/www.fundacionsancebrian.com\/portal\/wp-content\/uploads\/2024\/10\/54033193565_812a2127d6_6k-scaled.jpg\"><img fetchpriority=\"high\" fetchpriority=\"high\" decoding=\"async\" class=\"alignright wp-image-13003\" src=\"https:\/\/www.fundacionsancebrian.com\/portal\/wp-content\/uploads\/2024\/10\/54033193565_812a2127d6_6k-300x200.jpg\" alt=\"\" width=\"400\" height=\"267\" srcset=\"https:\/\/www.fundacionsancebrian.com\/portal\/wp-content\/uploads\/2024\/10\/54033193565_812a2127d6_6k-300x200.jpg 300w, https:\/\/www.fundacionsancebrian.com\/portal\/wp-content\/uploads\/2024\/10\/54033193565_812a2127d6_6k-1024x683.jpg 1024w, https:\/\/www.fundacionsancebrian.com\/portal\/wp-content\/uploads\/2024\/10\/54033193565_812a2127d6_6k-768x512.jpg 768w, https:\/\/www.fundacionsancebrian.com\/portal\/wp-content\/uploads\/2024\/10\/54033193565_812a2127d6_6k-600x400.jpg 600w, https:\/\/www.fundacionsancebrian.com\/portal\/wp-content\/uploads\/2024\/10\/54033193565_812a2127d6_6k-1536x1024.jpg 1536w, https:\/\/www.fundacionsancebrian.com\/portal\/wp-content\/uploads\/2024\/10\/54033193565_812a2127d6_6k-2048x1365.jpg 2048w, https:\/\/www.fundacionsancebrian.com\/portal\/wp-content\/uploads\/2024\/10\/54033193565_812a2127d6_6k-272x182.jpg 272w, https:\/\/www.fundacionsancebrian.com\/portal\/wp-content\/uploads\/2024\/10\/54033193565_812a2127d6_6k-720x480.jpg 720w\" sizes=\"(max-width: 400px) 100vw, 400px\" \/><\/a>La Fundaci\u00f3n San Cebri\u00e1n ha iniciado hoy un Itinerario de Inserci\u00f3n sociolaboral de personas en riesgo de exclusi\u00f3n, gracias a las ayudas convocadas por la Gerencia de Servicios, Sociales de Castilla y Le\u00f3n, cofinanciadas por el Fondo Social Europeo plus (FSE+). El n\u00famero total de alumnos es de 16.<\/p>\n<p>Durante el itinerario recibir\u00e1n formaci\u00f3n en Operaciones B\u00e1sicas de cocina.<\/p>\n<p>La finalidad de los itinerarios de inserci\u00f3n sociolaboral es mejorar las condiciones personales, sociales y laborales, necesarias para el acceso al mercado laboral de las personas en situaci\u00f3n o riesgo de exclusi\u00f3n social, partiendo del apoyo t\u00e9cnico para la activaci\u00f3n de su proyecto de vida y mediante actuaciones integrales y personalizadas de informaci\u00f3n, valoraci\u00f3n y diagn\u00f3stico, orientaci\u00f3n, formaci\u00f3n, intermediaci\u00f3n e inserci\u00f3n laboral, as\u00ed como acompa\u00f1amiento y seguimiento social y laboral, entre otras.<\/p>\n<p>El Itinerario que ha arrancado hoy finalizar\u00e1 el 31de marzo de 2025.<\/p>\n<p>&nbsp;<\/p>\n<p>&nbsp;<\/p>\n<\/div>\n<\/div><\/div><\/div><\/div><\/div>","protected":false},"excerpt":{"rendered":"<p>Curso de cocina. La Fundaci\u00f3n San Cebri\u00e1n ha empezado un proyecto para ayudar a personas que lo est\u00e1n pasando mal y que tienen problemas para encontrar trabajo. Este programa se hace con la ayuda de la Junta de Castilla y Le\u00f3n y el Fondo Social Europeo que es una organizaci\u00f3n que ayuda a mejorar la [&hellip;]<\/p>\n","protected":false},"author":1,"featured_media":13003,"comment_status":"closed","ping_status":"open","sticky":false,"template":"","format":"standard","meta":{"_seopress_robots_primary_cat":"none","_seopress_titles_title":"","_seopress_titles_desc":"","_seopress_robots_index":"","_eb_attr":"","footnotes":""},"categories":[8],"tags":[],"class_list":["post-13000","post","type-post","status-publish","format-standard","has-post-thumbnail","hentry","category-noticias","post-with-thumbnail","post-with-thumbnail-icon"],"_links":{"self":[{"href":"https:\/\/www.fundacionsancebrian.com\/portal\/wp-json\/wp\/v2\/posts\/13000","targetHints":{"allow":["GET"]}}],"collection":[{"href":"https:\/\/www.fundacionsancebrian.com\/portal\/wp-json\/wp\/v2\/posts"}],"about":[{"href":"https:\/\/www.fundacionsancebrian.com\/portal\/wp-json\/wp\/v2\/types\/post"}],"author":[{"embeddable":true,"href":"https:\/\/www.fundacionsancebrian.com\/portal\/wp-json\/wp\/v2\/users\/1"}],"replies":[{"embeddable":true,"href":"https:\/\/www.fundacionsancebrian.com\/portal\/wp-json\/wp\/v2\/comments?post=13000"}],"version-history":[{"count":6,"href":"https:\/\/www.fundacionsancebrian.com\/portal\/wp-json\/wp\/v2\/posts\/13000\/revisions"}],"predecessor-version":[{"id":13012,"href":"https:\/\/www.fundacionsancebrian.com\/portal\/wp-json\/wp\/v2\/posts\/13000\/revisions\/13012"}],"wp:featuredmedia":[{"embeddable":true,"href":"https:\/\/www.fundacionsancebrian.com\/portal\/wp-json\/wp\/v2\/media\/13003"}],"wp:attachment":[{"href":"https:\/\/www.fundacionsancebrian.com\/portal\/wp-json\/wp\/v2\/media?parent=13000"}],"wp:term":[{"taxonomy":"category","embeddable":true,"href":"https:\/\/www.fundacionsancebrian.com\/portal\/wp-json\/wp\/v2\/categories?post=13000"},{"taxonomy":"post_tag","embeddable":true,"href":"https:\/\/www.fundacionsancebrian.com\/portal\/wp-json\/wp\/v2\/tags?post=13000"}],"curies":[{"name":"wp","href":"https:\/\/api.w.org\/{rel}","templated":true}]}}