{"id":13016,"date":"2024-10-18T15:05:25","date_gmt":"2024-10-18T13:05:25","guid":{"rendered":"https:\/\/www.fundacionsancebrian.com\/portal\/?p=13016"},"modified":"2024-10-18T16:51:24","modified_gmt":"2024-10-18T14:51:24","slug":"la-fundacion-san-cebrian-presenta-el-proyecto-revital-a-entidades-sociales-e-instituciones-palentinas","status":"publish","type":"post","link":"https:\/\/www.fundacionsancebrian.com\/portal\/la-fundacion-san-cebrian-presenta-el-proyecto-revital-a-entidades-sociales-e-instituciones-palentinas\/","title":{"rendered":"La Fundaci\u00f3n San Cebri\u00e1n presenta el Proyecto REVITAL a entidades sociales e instituciones palentinas"},"content":{"rendered":"<div id=\"pl-13016\"  class=\"panel-layout\" ><div id=\"pg-13016-0\"  class=\"panel-grid panel-no-style\" ><div id=\"pgc-13016-0-0\"  class=\"panel-grid-cell panel-grid-cell-mobile-last\" ><div id=\"panel-13016-0-0-0\" class=\"so-panel widget widget_sow-image panel-first-child\" data-index=\"0\" ><div class=\"panel-widget-style panel-widget-style-for-13016-0-0-0\" ><div\n\t\t\t\n\t\t\tclass=\"so-widget-sow-image so-widget-sow-image-default-4e6925654b7a-13016\"\n\t\t\t\n\t\t>\n<div class=\"sow-image-container\">\n\t\t<img loading=\"lazy\" \n\tsrc=\"https:\/\/www.fundacionsancebrian.com\/portal\/wp-content\/uploads\/2024\/05\/Lecturafacil1.png\" width=\"250\" height=\"50\" sizes=\"(max-width: 250px) 100vw, 250px\" alt=\"\" \t\tclass=\"so-widget-image\"\/>\n\t<\/div>\n\n<\/div><\/div><\/div><div id=\"panel-13016-0-0-1\" class=\"so-panel widget widget_sow-editor panel-last-child\" data-index=\"1\" ><div class=\"panel-widget-style panel-widget-style-for-13016-0-0-1\" ><div\n\t\t\t\n\t\t\tclass=\"so-widget-sow-editor so-widget-sow-editor-base\"\n\t\t\t\n\t\t>\n<div class=\"siteorigin-widget-tinymce textwidget\">\n\t<div style=\"font-size: 18px; line-height: 1.8em; font-family: Arial;\">\n<p><strong>Proyecto Revital<\/strong><\/p>\n<p>REVITAL es un proyecto europeo para mejorar la vida de personas mayores<br \/>\ny con discapacidad en zonas rurales.<br \/>\nEl objetivo es ofrecer servicios de salud<br \/>\ny rehabilitaci\u00f3n en sus hogares.<\/p>\n<p>Es decir, que las personas puedan recibir atenci\u00f3n m\u00e9dica<br \/>\ny realizar ejercicios de rehabilitaci\u00f3n desde sus casas<br \/>\ncon el apoyo de profesionales.<\/p>\n<p>El proyecto es para zonas o pueblos con pocos habitantes<br \/>\nporque hay menos servicios de salud.<br \/>\nAdem\u00e1s con este proyecto se crear\u00e1n puestos de trabajo.<\/p>\n<p>En resumen REVITAL es un proyecto que utiliza la tecnolog\u00eda<br \/>\npara mejorar la vida de las personas en zonas rurales.<\/p>\n<\/div>\n<\/div>\n<\/div><\/div><\/div><\/div><div id=\"pgc-13016-0-1\"  class=\"panel-grid-cell panel-grid-cell-empty\" ><\/div><\/div><div id=\"pg-13016-1\"  class=\"panel-grid panel-no-style\" ><div id=\"pgc-13016-1-0\"  class=\"panel-grid-cell\" ><div id=\"panel-13016-1-0-0\" class=\"so-panel widget widget_sow-editor panel-first-child panel-last-child\" data-index=\"2\" ><div\n\t\t\t\n\t\t\tclass=\"so-widget-sow-editor so-widget-sow-editor-base\"\n\t\t\t\n\t\t><h3 class=\"widget-title\">El objetivo del proyecto es cubrir la necesidad de proveer servicios especializados de asistencia sanitaria y de rehabilitaci\u00f3n f\u00edsica y neurol\u00f3gica mediante herramientas tecnol\u00f3gicas que permitan ofrecer servicios de tele-asistencia y telerehabilitaci\u00f3n.<\/h3>\n<div class=\"siteorigin-widget-tinymce textwidget\">\n\t<p>En la jornada de ayer viernes, \u00a0la Fundaci\u00f3n San Cebri\u00e1n celebr\u00f3 una reuni\u00f3n informativa entre entidades sociales con \u00e1mbito de actuaci\u00f3n en Palencia (<em>Asociaci\u00f3n palentina de P\u00e1rkinson; Asociaci\u00f3n palentina de Esclerosis M\u00faltiple; ELACyL-Esclerosis Lateral Amiotr\u00f3fica de Castilla y Le\u00f3n-; Fedispa y Cocemfe<\/em>) e instituciones palentinas como Diputaci\u00f3n de Palencia, Ayuntamiento de Palencia y SACYL, con el objetivo de darles a conocer el proyecto europeo- en el que Fundaci\u00f3n San Cebri\u00e1n, junto a otras 8 entidades nacionales e internacionales participa- denominado <em>Proyecto REVITAL<\/em>: \u00a0<em>Revitalizaci\u00f3n socioecon\u00f3mica de zonas de baja densidad de poblaci\u00f3n mediante teleasistencia cl\u00ednica.<\/em><\/p>\n<p>&nbsp;<\/p>\n<p><a href=\"https:\/\/www.fundacionsancebrian.com\/portal\/wp-content\/uploads\/2024\/10\/20241018_123728-1-scaled.jpg\"><img fetchpriority=\"high\" fetchpriority=\"high\" decoding=\"async\" class=\"alignright wp-image-13024\" src=\"https:\/\/www.fundacionsancebrian.com\/portal\/wp-content\/uploads\/2024\/10\/20241018_123728-1-300x169.jpg\" alt=\"\" width=\"400\" height=\"225\" srcset=\"https:\/\/www.fundacionsancebrian.com\/portal\/wp-content\/uploads\/2024\/10\/20241018_123728-1-300x169.jpg 300w, https:\/\/www.fundacionsancebrian.com\/portal\/wp-content\/uploads\/2024\/10\/20241018_123728-1-1024x577.jpg 1024w, https:\/\/www.fundacionsancebrian.com\/portal\/wp-content\/uploads\/2024\/10\/20241018_123728-1-768x432.jpg 768w, https:\/\/www.fundacionsancebrian.com\/portal\/wp-content\/uploads\/2024\/10\/20241018_123728-1-1536x865.jpg 1536w, https:\/\/www.fundacionsancebrian.com\/portal\/wp-content\/uploads\/2024\/10\/20241018_123728-1-2048x1153.jpg 2048w\" sizes=\"(max-width: 400px) 100vw, 400px\" \/><\/a>El objetivo del proyecto es cubrir la necesidad de proveer servicios especializados de asistencia sanitaria y de rehabilitaci\u00f3n f\u00edsica y neurol\u00f3gica mediante herramientas tecnol\u00f3gicas que permitan ofrecer servicios de tele-asistencia y telerehabilitaci\u00f3n.Se pretende as\u00ed, dar a conocer el proyecto entre usuarios para que despu\u00e9s de un testeo y estudio, y siempre guiados por profesionales del sector (fisioterapeutas y logopedas) prueben en sus domicilios las tecnolog\u00edas recomendadas por el profesional.\u00a0El proyecto se desarrollar\u00e1 hasta el a\u00f1o 2026.<\/p>\n<p>Un proyecto que forma parte del Programa Interreg VI-B Sudoe 2021 \u2013 2027, cuyo objetivo es potenciar la investigaci\u00f3n, el desarrollo tecnol\u00f3gico y la innovaci\u00f3n entre Espa\u00f1a, Francia y Portugal.<\/p>\n<p>El Consorcio plurirregional del Proyecto Revital est\u00e1 formado por un total de 9 entidades del \u00e1mbito de la salud y sector sociosanitario de Espa\u00f1a, Francia y Portugal que desarrollan el Proyecto: Cl\u00faster Soluciones Innovadoras para la Vida Independiente (SIVI), Gerencia de Servicios Sociales de Castilla y Le\u00f3n, GOGOA Mobility Robots, \u00c9cole Sup\u00e9rieure des Technologies Industrielles Avanc\u00e9es (ESTIA), Universidad de DEUSTO, Etablissement Public de Sant\u00e9 de GARAZI, Associa\u00e7\u00e3o Empresarial da Beira Baixa (AEBB), Associa\u00e7\u00e3o Empresarial da Beira Baixa (AEBB), Instituto Polit\u00e9cnico de Castelo Branco (IPCB) y la Fundaci\u00f3n San Cebri\u00e1n.<\/p>\n<p>Informaci\u00f3n del Proyecto REVITAL<\/p>\n<p>El principal objetivo de REVITAL es cubrir la necesidad de proveer servicios especializados de asistencia sanitaria y de rehabilitaci\u00f3n f\u00edsica y neurol\u00f3gica (especialmente a personas dependientes y de mayor edad), mediante herramientas tecnol\u00f3gicas que permitan ofrecer servicios de tele-asistencia y telerehabilitaci\u00f3n, lo que adem\u00e1s contribuir\u00e1 a crear empleo cualificado y fijar nueva poblaci\u00f3n que dinamizar\u00e1 la econom\u00eda rural.<\/p>\n<p>Para lograrlo, el proyecto se centra en responder a la despoblaci\u00f3n y el envejecimiento de las zonas rurales interiores fijando nueva poblaci\u00f3n con formaci\u00f3n sociosanitaria, evitar que personas mayores y dependientes tengan que migrar a zonas urbanas para acceder a servicios cl\u00ednicos avanzados, as\u00ed como desarrollar sistemas productivos sostenibles basados en las tecnolog\u00edas de tele-asistencia y tele-rehabilitaci\u00f3n, dando respuesta a las necesidades sociales no suficientemente cubiertas en el \u00e1mbito de los servicios de asistencia sociosanitaria.<\/p>\n<p>Tanto los objetivos como los resultados previstos en el proyecto REVITAL se consideran de gran inter\u00e9s para las regiones en las que se llevar\u00e1 a cabo, Castilla y Le\u00f3n (Espa\u00f1a), Centro de Portugal y Nouvelle-Aquitaine (Francia), y para otras regiones SUDOE, debido al desaf\u00edo y necesidad com\u00fan de estas zonas rurales interiores es revitalizar su tejido econ\u00f3mico y social, potenciando oportunidades de empleo que resuelvan retos sociales desde la perspectiva de la innovaci\u00f3n, combinando necesidades sociales con oportunidades de desarrollo.<\/p>\n<h3>M\u00c1S INFORMACI\u00d3N EN LOS SIGUIENTES ENLACES<\/h3>\n<hr \/>\n<p><a href=\"https:\/\/drive.google.com\/file\/d\/1Z_6SNZd1mJvrJ44hQIz4KccrLYua9tNg\/view?usp=drive_link\">Presentaci\u00f3n del Proyecto<\/a><\/p>\n<p><a href=\"https:\/\/drive.google.com\/file\/d\/1BEqpteN99Oqrtp17KB6W702a4H2X0Ip_\/view?usp=drive_link\">Protocolo del proyecto<\/a><\/p>\n<p>C\u00f3digo del proyecto S1\/4.5\/E0037<br \/>\nImporte FEDER aprobado: 1.598.331,75\u20ac<br \/>\nCoste Total: 2.131.109,00 \u20ac<br \/>\nProyecto financiado por el programa Interreg VI-B Sudoe. 1\u00aa convocatoria Sudoe 2021-2027<\/p>\n<p><a href=\"https:\/\/www.fundacionsancebrian.com\/portal\/wp-content\/uploads\/2024\/10\/REVITAL_Debajo_RGB-01-1024x294-1.jpg\"><img decoding=\"async\" class=\"alignnone wp-image-13023 size-medium\" src=\"https:\/\/www.fundacionsancebrian.com\/portal\/wp-content\/uploads\/2024\/10\/REVITAL_Debajo_RGB-01-1024x294-1-300x86.jpg\" alt=\"\" width=\"300\" height=\"86\" srcset=\"https:\/\/www.fundacionsancebrian.com\/portal\/wp-content\/uploads\/2024\/10\/REVITAL_Debajo_RGB-01-1024x294-1-300x86.jpg 300w, https:\/\/www.fundacionsancebrian.com\/portal\/wp-content\/uploads\/2024\/10\/REVITAL_Debajo_RGB-01-1024x294-1-768x221.jpg 768w, https:\/\/www.fundacionsancebrian.com\/portal\/wp-content\/uploads\/2024\/10\/REVITAL_Debajo_RGB-01-1024x294-1.jpg 1024w\" sizes=\"(max-width: 300px) 100vw, 300px\" \/><\/a><\/p>\n<p><a href=\"https:\/\/www.fundacionsancebrian.com\/portal\/wp-content\/uploads\/2024\/10\/20241018_125342-scaled.jpg\"><img decoding=\"async\" class=\"alignleft wp-image-13022 size-large\" src=\"https:\/\/www.fundacionsancebrian.com\/portal\/wp-content\/uploads\/2024\/10\/20241018_125342-1024x577.jpg\" alt=\"\" width=\"720\" height=\"406\" srcset=\"https:\/\/www.fundacionsancebrian.com\/portal\/wp-content\/uploads\/2024\/10\/20241018_125342-1024x577.jpg 1024w, https:\/\/www.fundacionsancebrian.com\/portal\/wp-content\/uploads\/2024\/10\/20241018_125342-300x169.jpg 300w, https:\/\/www.fundacionsancebrian.com\/portal\/wp-content\/uploads\/2024\/10\/20241018_125342-768x432.jpg 768w, https:\/\/www.fundacionsancebrian.com\/portal\/wp-content\/uploads\/2024\/10\/20241018_125342-1536x865.jpg 1536w, https:\/\/www.fundacionsancebrian.com\/portal\/wp-content\/uploads\/2024\/10\/20241018_125342-2048x1153.jpg 2048w\" sizes=\"(max-width: 720px) 100vw, 720px\" \/><\/a><\/p>\n<p>&nbsp;<\/p>\n<p>&nbsp;<\/p>\n<p>&nbsp;<\/p>\n<\/div>\n<\/div><\/div><\/div><\/div><\/div>","protected":false},"excerpt":{"rendered":"<p>Proyecto Revital REVITAL es un proyecto europeo para mejorar la vida de personas mayores y con discapacidad en zonas rurales. El objetivo es ofrecer servicios de salud y rehabilitaci\u00f3n en sus hogares. Es decir, que las personas puedan recibir atenci\u00f3n m\u00e9dica y realizar ejercicios de rehabilitaci\u00f3n desde sus casas con el apoyo de profesionales. El [&hellip;]<\/p>\n","protected":false},"author":1,"featured_media":13024,"comment_status":"closed","ping_status":"open","sticky":false,"template":"","format":"standard","meta":{"_seopress_robots_primary_cat":"none","_seopress_titles_title":"","_seopress_titles_desc":"","_seopress_robots_index":"","_eb_attr":"","footnotes":""},"categories":[8],"tags":[],"class_list":["post-13016","post","type-post","status-publish","format-standard","has-post-thumbnail","hentry","category-noticias","post-with-thumbnail","post-with-thumbnail-icon"],"_links":{"self":[{"href":"https:\/\/www.fundacionsancebrian.com\/portal\/wp-json\/wp\/v2\/posts\/13016","targetHints":{"allow":["GET"]}}],"collection":[{"href":"https:\/\/www.fundacionsancebrian.com\/portal\/wp-json\/wp\/v2\/posts"}],"about":[{"href":"https:\/\/www.fundacionsancebrian.com\/portal\/wp-json\/wp\/v2\/types\/post"}],"author":[{"embeddable":true,"href":"https:\/\/www.fundacionsancebrian.com\/portal\/wp-json\/wp\/v2\/users\/1"}],"replies":[{"embeddable":true,"href":"https:\/\/www.fundacionsancebrian.com\/portal\/wp-json\/wp\/v2\/comments?post=13016"}],"version-history":[{"count":7,"href":"https:\/\/www.fundacionsancebrian.com\/portal\/wp-json\/wp\/v2\/posts\/13016\/revisions"}],"predecessor-version":[{"id":13033,"href":"https:\/\/www.fundacionsancebrian.com\/portal\/wp-json\/wp\/v2\/posts\/13016\/revisions\/13033"}],"wp:featuredmedia":[{"embeddable":true,"href":"https:\/\/www.fundacionsancebrian.com\/portal\/wp-json\/wp\/v2\/media\/13024"}],"wp:attachment":[{"href":"https:\/\/www.fundacionsancebrian.com\/portal\/wp-json\/wp\/v2\/media?parent=13016"}],"wp:term":[{"taxonomy":"category","embeddable":true,"href":"https:\/\/www.fundacionsancebrian.com\/portal\/wp-json\/wp\/v2\/categories?post=13016"},{"taxonomy":"post_tag","embeddable":true,"href":"https:\/\/www.fundacionsancebrian.com\/portal\/wp-json\/wp\/v2\/tags?post=13016"}],"curies":[{"name":"wp","href":"https:\/\/api.w.org\/{rel}","templated":true}]}}