{"id":13044,"date":"2024-10-24T15:30:30","date_gmt":"2024-10-24T13:30:30","guid":{"rendered":"https:\/\/www.fundacionsancebrian.com\/portal\/?p=13044"},"modified":"2024-10-25T11:11:41","modified_gmt":"2024-10-25T09:11:41","slug":"los-deportistas-del-club-deportivo-san-cebrian-logran-7-medallas-en-el-meeting-special-olimpcs-en-las-categorias-de-padel-y-petanca","status":"publish","type":"post","link":"https:\/\/www.fundacionsancebrian.com\/portal\/los-deportistas-del-club-deportivo-san-cebrian-logran-7-medallas-en-el-meeting-special-olimpcs-en-las-categorias-de-padel-y-petanca\/","title":{"rendered":"Los deportistas del Club Deportivo San Cebri\u00e1n logran 7 medallas en el Meeting Special Olimpcs en las categor\u00edas de p\u00e1del y petanca"},"content":{"rendered":"<div id=\"pl-13044\"  class=\"panel-layout\" ><div id=\"pg-13044-0\"  class=\"panel-grid panel-no-style\" ><div id=\"pgc-13044-0-0\"  class=\"panel-grid-cell\" ><div id=\"panel-13044-0-0-0\" class=\"so-panel widget widget_sow-image panel-first-child\" data-index=\"0\" ><div class=\"panel-widget-style panel-widget-style-for-13044-0-0-0\" ><div\n\t\t\t\n\t\t\tclass=\"so-widget-sow-image so-widget-sow-image-default-4e6925654b7a-13044\"\n\t\t\t\n\t\t>\n<div class=\"sow-image-container\">\n\t\t<img \n\tsrc=\"https:\/\/www.fundacionsancebrian.com\/portal\/wp-content\/uploads\/2024\/05\/Lecturafacil1.png\" width=\"250\" height=\"50\" sizes=\"(max-width: 250px) 100vw, 250px\" alt=\"\" \t\tclass=\"so-widget-image\"\/>\n\t<\/div>\n\n<\/div><\/div><\/div><div id=\"panel-13044-0-0-1\" class=\"so-panel widget widget_sow-editor panel-last-child\" data-index=\"1\" ><div class=\"panel-widget-style panel-widget-style-for-13044-0-0-1\" ><div\n\t\t\t\n\t\t\tclass=\"so-widget-sow-editor so-widget-sow-editor-base\"\n\t\t\t\n\t\t>\n<div class=\"siteorigin-widget-tinymce textwidget\">\n\t<div style=\"font-size: 18px; line-height: 1.8em; font-family: Arial;\">\n<p><strong>Encuentro deportivo de las Olimpiadas Especiales.<\/strong><\/p>\n<p>Este encuentro es una competici\u00f3n deportiva.<br \/>\nFue en Reus<br \/>\nque es una ciudad de Tarragona.<br \/>\nY participaron 400 deportistas de 8 pa\u00edses europeos<br \/>\ny de 15 comunidades aut\u00f3nomas.<\/p>\n<p>7 deportistas y 2 entrenadores del Club Deportivo San Cebri\u00e1n<br \/>\nparticiparon en el encuentro.<\/p>\n<p>Los deportistas participaron en 2 deportes:<br \/>\np\u00e1del y petanca.<br \/>\nY han logrado en total 7 medallas:<br \/>\n3 de oro, 1 de plata y 3 de bronce.<\/p>\n<p>Santiago Mat\u00e9, \u00c1lvaro Ortega y Daniel Sancho<br \/>\nconsiguieron medalla de oro en petanca.<\/p>\n<p>Adoraci\u00f3n P\u00e9rez, Marimar Gonz\u00e1lez y Luc\u00eda Estalayo<br \/>\nconsiguieron medalla de bronce en petanca.<\/p>\n<p>Fernando Lagunilla consigui\u00f3 medalla de plata en p\u00e1del.<\/p>\n<p>El objetivo de este encuentro es ense\u00f1ar<br \/>\nque el deporte es muy importante<br \/>\nen la vida de las personas con discapacidad.<\/p>\n<\/div>\n<\/div>\n<\/div><\/div><\/div><\/div><div id=\"pgc-13044-0-1\"  class=\"panel-grid-cell\" ><div id=\"panel-13044-0-1-0\" class=\"so-panel widget widget_sow-image panel-first-child\" data-index=\"2\" ><div class=\"panel-widget-style panel-widget-style-for-13044-0-1-0\" ><div\n\t\t\t\n\t\t\tclass=\"so-widget-sow-image so-widget-sow-image-default-4e6925654b7a-13044\"\n\t\t\t\n\t\t>\n<div class=\"sow-image-container\">\n\t\t<img \n\tsrc=\"https:\/\/www.fundacionsancebrian.com\/portal\/wp-content\/uploads\/2024\/10\/Glosario.png\" width=\"250\" height=\"50\" sizes=\"(max-width: 250px) 100vw, 250px\" title=\"#bf360c\" alt=\"\" \t\tclass=\"so-widget-image\"\/>\n\t<\/div>\n\n<\/div><\/div><\/div><div id=\"panel-13044-0-1-1\" class=\"so-panel widget widget_sow-editor panel-last-child\" data-index=\"3\" ><div class=\"panel-widget-style panel-widget-style-for-13044-0-1-1\" ><div\n\t\t\t\n\t\t\tclass=\"so-widget-sow-editor so-widget-sow-editor-base\"\n\t\t\t\n\t\t>\n<div class=\"siteorigin-widget-tinymce textwidget\">\n\t<audio class=\"wp-audio-shortcode\" id=\"audio-13044-1\" preload=\"none\" style=\"width: 100%;\" controls=\"controls\"><source type=\"audio\/mpeg\" src=\"https:\/\/www.fundacionsancebrian.com\/portal\/wp-content\/uploads\/2024\/10\/Olimpiadas.mp3?_=1\" \/><a href=\"https:\/\/www.fundacionsancebrian.com\/portal\/wp-content\/uploads\/2024\/10\/Olimpiadas.mp3\">https:\/\/www.fundacionsancebrian.com\/portal\/wp-content\/uploads\/2024\/10\/Olimpiadas.mp3<\/a><\/audio>\n<\/div>\n<\/div><\/div><\/div><\/div><\/div><div id=\"pg-13044-1\"  class=\"panel-grid panel-no-style\" ><div id=\"pgc-13044-1-0\"  class=\"panel-grid-cell\" ><div id=\"panel-13044-1-0-0\" class=\"so-panel widget widget_sow-editor panel-first-child panel-last-child\" data-index=\"4\" ><div\n\t\t\t\n\t\t\tclass=\"so-widget-sow-editor so-widget-sow-editor-base\"\n\t\t\t\n\t\t><h3 class=\"widget-title\">El Meeting Special Olimpics lo organiza Special Olympics y han participado 400 deportistas procedentes de 8 pa\u00edses europeos y de 15 comunidades aut\u00f3nomas. <\/h3>\n<div class=\"siteorigin-widget-tinymce textwidget\">\n\t<p>El Club Deportivo San Cebri\u00e1n con 7 de sus deportistas y dos entrenadores han participado este pasado fin de semana en Reus en el Meeting Special Olimpics, un encuentro competitivo que impulsa la organizaci\u00f3n internacional Special Olympics en el que se han dado cita m\u00e1s de 400 personas deportistas con discapacidad intelectual procedentes de ocho pa\u00edses de Europa y de quince comunidades aut\u00f3nomas del Estado.<\/p>\n<p><a href=\"https:\/\/www.fundacionsancebrian.com\/portal\/wp-content\/uploads\/2024\/10\/Equipo-completo-con-otros-companeros-1-scaled.jpg\"><img fetchpriority=\"high\" fetchpriority=\"high\" decoding=\"async\" class=\"alignright wp-image-13048\" src=\"https:\/\/www.fundacionsancebrian.com\/portal\/wp-content\/uploads\/2024\/10\/Equipo-completo-con-otros-companeros-1-300x225.jpg\" alt=\"\" width=\"400\" height=\"300\" srcset=\"https:\/\/www.fundacionsancebrian.com\/portal\/wp-content\/uploads\/2024\/10\/Equipo-completo-con-otros-companeros-1-300x225.jpg 300w, https:\/\/www.fundacionsancebrian.com\/portal\/wp-content\/uploads\/2024\/10\/Equipo-completo-con-otros-companeros-1-1024x768.jpg 1024w, https:\/\/www.fundacionsancebrian.com\/portal\/wp-content\/uploads\/2024\/10\/Equipo-completo-con-otros-companeros-1-768x576.jpg 768w, https:\/\/www.fundacionsancebrian.com\/portal\/wp-content\/uploads\/2024\/10\/Equipo-completo-con-otros-companeros-1-1536x1152.jpg 1536w, https:\/\/www.fundacionsancebrian.com\/portal\/wp-content\/uploads\/2024\/10\/Equipo-completo-con-otros-companeros-1-2048x1536.jpg 2048w\" sizes=\"(max-width: 400px) 100vw, 400px\" \/><\/a>Los deportistas que han competido en dos categor\u00edas: p\u00e1del y petanca han logrado en total 7 medallas: 3 de oro; una de plata y 3 de bronce. Las medallas han quedado repartidas as\u00ed:<\/p>\n<ul>\n<li>Santiago Mat\u00e9, \u00c1lvaro Ortega y Daniel Sancho en la modalidad de petanca \u2013 categor\u00eda avanzada lograron la medalla de ORO<\/li>\n<li>Adoraci\u00f3n P\u00e9rez, Marimar Gonz\u00e1lez y Luc\u00eda Estalayo en la modalidad de petanca -categor\u00eda avanzada- lograron medallas de Bronce.<\/li>\n<li>Y por \u00faltimo, Fernando Lagunilla, deportista del CD San Cebri\u00e1n compiti\u00f3 con otro compa\u00f1ero de la Comunidad en la modalidad de p\u00e1del y lograron la Medalla de Plata.<\/li>\n<\/ul>\n<p>Specials Olympics tiene el objetivo de mostrar en el mundo el deporte desarrollado por personas con capacidades especiales, trabajar la importancia y los beneficios del deporte para las personas con discapacidad intelectual en unas jornadas donde se pone de manifiesto valores como el esfuerzo y la superaci\u00f3n.<\/p>\n\n\t\t<style type=\"text\/css\">\n\t\t\t#gallery-1 {\n\t\t\t\tmargin: auto;\n\t\t\t}\n\t\t\t#gallery-1 .gallery-item {\n\t\t\t\tfloat: left;\n\t\t\t\tmargin-top: 10px;\n\t\t\t\ttext-align: center;\n\t\t\t\twidth: 50%;\n\t\t\t}\n\t\t\t#gallery-1 img {\n\t\t\t\tborder: 2px solid #cfcfcf;\n\t\t\t}\n\t\t\t#gallery-1 .gallery-caption {\n\t\t\t\tmargin-left: 0;\n\t\t\t}\n\t\t\t\/* see gallery_shortcode() in wp-includes\/media.php *\/\n\t\t<\/style>\n\t\t<div id='gallery-1' class='gallery galleryid-13044 gallery-columns-2 gallery-size-medium'><dl class='gallery-item'>\n\t\t\t<dt class='gallery-icon landscape'>\n\t\t\t\t<a href='https:\/\/www.fundacionsancebrian.com\/portal\/los-deportistas-del-club-deportivo-san-cebrian-logran-7-medallas-en-el-meeting-special-olimpcs-en-las-categorias-de-padel-y-petanca\/equipo-club-deportivo-san-cebrian-1\/#main'><img loading=\"lazy\" decoding=\"async\" width=\"300\" height=\"225\" src=\"https:\/\/www.fundacionsancebrian.com\/portal\/wp-content\/uploads\/2024\/10\/Equipo-Club-Deportivo-San-Cebrian-1-300x225.jpg\" class=\"attachment-medium size-medium\" alt=\"\" srcset=\"https:\/\/www.fundacionsancebrian.com\/portal\/wp-content\/uploads\/2024\/10\/Equipo-Club-Deportivo-San-Cebrian-1-300x225.jpg 300w, https:\/\/www.fundacionsancebrian.com\/portal\/wp-content\/uploads\/2024\/10\/Equipo-Club-Deportivo-San-Cebrian-1-1024x768.jpg 1024w, https:\/\/www.fundacionsancebrian.com\/portal\/wp-content\/uploads\/2024\/10\/Equipo-Club-Deportivo-San-Cebrian-1-768x576.jpg 768w, https:\/\/www.fundacionsancebrian.com\/portal\/wp-content\/uploads\/2024\/10\/Equipo-Club-Deportivo-San-Cebrian-1-1536x1152.jpg 1536w, https:\/\/www.fundacionsancebrian.com\/portal\/wp-content\/uploads\/2024\/10\/Equipo-Club-Deportivo-San-Cebrian-1-2048x1536.jpg 2048w\" sizes=\"(max-width: 300px) 100vw, 300px\" \/><\/a>\n\t\t\t<\/dt><\/dl><dl class='gallery-item'>\n\t\t\t<dt class='gallery-icon portrait'>\n\t\t\t\t<a href='https:\/\/www.fundacionsancebrian.com\/portal\/los-deportistas-del-club-deportivo-san-cebrian-logran-7-medallas-en-el-meeting-special-olimpcs-en-las-categorias-de-padel-y-petanca\/ganadores-petanca-1\/#main'><img loading=\"lazy\" decoding=\"async\" width=\"225\" height=\"300\" src=\"https:\/\/www.fundacionsancebrian.com\/portal\/wp-content\/uploads\/2024\/10\/Ganadores-Petanca-1-225x300.jpg\" class=\"attachment-medium size-medium\" alt=\"\" srcset=\"https:\/\/www.fundacionsancebrian.com\/portal\/wp-content\/uploads\/2024\/10\/Ganadores-Petanca-1-225x300.jpg 225w, https:\/\/www.fundacionsancebrian.com\/portal\/wp-content\/uploads\/2024\/10\/Ganadores-Petanca-1-768x1024.jpg 768w, https:\/\/www.fundacionsancebrian.com\/portal\/wp-content\/uploads\/2024\/10\/Ganadores-Petanca-1-1152x1536.jpg 1152w, https:\/\/www.fundacionsancebrian.com\/portal\/wp-content\/uploads\/2024\/10\/Ganadores-Petanca-1-1536x2048.jpg 1536w, https:\/\/www.fundacionsancebrian.com\/portal\/wp-content\/uploads\/2024\/10\/Ganadores-Petanca-1-scaled.jpg 1920w\" sizes=\"(max-width: 225px) 100vw, 225px\" \/><\/a>\n\t\t\t<\/dt><\/dl><br style=\"clear: both\" \/>\n\t\t<\/div>\n\n<p>&nbsp;<\/p>\n<p>&nbsp;<\/p>\n<\/div>\n<\/div><\/div><\/div><\/div><\/div>","protected":false},"excerpt":{"rendered":"<p>Encuentro deportivo de las Olimpiadas Especiales. Este encuentro es una competici\u00f3n deportiva. Fue en Reus que es una ciudad de Tarragona. Y participaron 400 deportistas de 8 pa\u00edses europeos y de 15 comunidades aut\u00f3nomas. 7 deportistas y 2 entrenadores del Club Deportivo San Cebri\u00e1n participaron en el encuentro. Los deportistas participaron en 2 deportes: p\u00e1del [&hellip;]<\/p>\n","protected":false},"author":1,"featured_media":13049,"comment_status":"closed","ping_status":"open","sticky":false,"template":"","format":"standard","meta":{"_seopress_robots_primary_cat":"none","_seopress_titles_title":"","_seopress_titles_desc":"","_seopress_robots_index":"","_eb_attr":"","footnotes":""},"categories":[8],"tags":[],"class_list":["post-13044","post","type-post","status-publish","format-standard","has-post-thumbnail","hentry","category-noticias","post-with-thumbnail","post-with-thumbnail-icon"],"_links":{"self":[{"href":"https:\/\/www.fundacionsancebrian.com\/portal\/wp-json\/wp\/v2\/posts\/13044","targetHints":{"allow":["GET"]}}],"collection":[{"href":"https:\/\/www.fundacionsancebrian.com\/portal\/wp-json\/wp\/v2\/posts"}],"about":[{"href":"https:\/\/www.fundacionsancebrian.com\/portal\/wp-json\/wp\/v2\/types\/post"}],"author":[{"embeddable":true,"href":"https:\/\/www.fundacionsancebrian.com\/portal\/wp-json\/wp\/v2\/users\/1"}],"replies":[{"embeddable":true,"href":"https:\/\/www.fundacionsancebrian.com\/portal\/wp-json\/wp\/v2\/comments?post=13044"}],"version-history":[{"count":5,"href":"https:\/\/www.fundacionsancebrian.com\/portal\/wp-json\/wp\/v2\/posts\/13044\/revisions"}],"predecessor-version":[{"id":13055,"href":"https:\/\/www.fundacionsancebrian.com\/portal\/wp-json\/wp\/v2\/posts\/13044\/revisions\/13055"}],"wp:featuredmedia":[{"embeddable":true,"href":"https:\/\/www.fundacionsancebrian.com\/portal\/wp-json\/wp\/v2\/media\/13049"}],"wp:attachment":[{"href":"https:\/\/www.fundacionsancebrian.com\/portal\/wp-json\/wp\/v2\/media?parent=13044"}],"wp:term":[{"taxonomy":"category","embeddable":true,"href":"https:\/\/www.fundacionsancebrian.com\/portal\/wp-json\/wp\/v2\/categories?post=13044"},{"taxonomy":"post_tag","embeddable":true,"href":"https:\/\/www.fundacionsancebrian.com\/portal\/wp-json\/wp\/v2\/tags?post=13044"}],"curies":[{"name":"wp","href":"https:\/\/api.w.org\/{rel}","templated":true}]}}