{"id":13105,"date":"2024-11-26T10:02:44","date_gmt":"2024-11-26T09:02:44","guid":{"rendered":"https:\/\/www.fundacionsancebrian.com\/portal\/?p=13105"},"modified":"2024-11-26T10:02:44","modified_gmt":"2024-11-26T09:02:44","slug":"avances-en-el-proyecto-revital","status":"publish","type":"post","link":"https:\/\/www.fundacionsancebrian.com\/portal\/avances-en-el-proyecto-revital\/","title":{"rendered":"Avances en el Proyecto REVITAL"},"content":{"rendered":"<div id=\"pl-13105\"  class=\"panel-layout\" ><div id=\"pg-13105-0\"  class=\"panel-grid panel-no-style\" ><div id=\"pgc-13105-0-0\"  class=\"panel-grid-cell\" ><div id=\"panel-13105-0-0-0\" class=\"so-panel widget widget_sow-editor panel-first-child panel-last-child\" data-index=\"0\" ><div\n\t\t\t\n\t\t\tclass=\"so-widget-sow-editor so-widget-sow-editor-base\"\n\t\t\t\n\t\t><h3 class=\"widget-title\">Se celebr\u00f3 una reuni\u00f3n en la localidad portuguesa de Castelo Branco los d\u00edas 20 y 21 de noviembre<\/h3>\n<div class=\"siteorigin-widget-tinymce textwidget\">\n\t<p>La Fundaci\u00f3n San Cebri\u00e1n, miembro del Consorcio del Proyecto REVITAL acudi\u00f3 a la nueva reuni\u00f3n de seguimiento del Proyecto Revital,\u00a0<em>Revitalizaci\u00f3n socioecon\u00f3mica de zonas de baja densidad de poblaci\u00f3n mediante teleasistencia cl\u00ednica;\u00a0<\/em>celebrado los pasados d\u00edas 20 y 21 de noviembre en la localidad portuguesa de Castelo Branco. \u00a0 <a href=\"https:\/\/www.fundacionsancebrian.com\/portal\/wp-content\/uploads\/2024\/11\/Copia-de-image00036-scaled.jpeg\"><img fetchpriority=\"high\" fetchpriority=\"high\" decoding=\"async\" class=\"alignright wp-image-13110 size-medium\" src=\"https:\/\/www.fundacionsancebrian.com\/portal\/wp-content\/uploads\/2024\/11\/Copia-de-image00036-300x225.jpeg\" alt=\"\" width=\"300\" height=\"225\" srcset=\"https:\/\/www.fundacionsancebrian.com\/portal\/wp-content\/uploads\/2024\/11\/Copia-de-image00036-300x225.jpeg 300w, https:\/\/www.fundacionsancebrian.com\/portal\/wp-content\/uploads\/2024\/11\/Copia-de-image00036-1024x768.jpeg 1024w, https:\/\/www.fundacionsancebrian.com\/portal\/wp-content\/uploads\/2024\/11\/Copia-de-image00036-768x576.jpeg 768w, https:\/\/www.fundacionsancebrian.com\/portal\/wp-content\/uploads\/2024\/11\/Copia-de-image00036-1536x1152.jpeg 1536w, https:\/\/www.fundacionsancebrian.com\/portal\/wp-content\/uploads\/2024\/11\/Copia-de-image00036-2048x1536.jpeg 2048w\" sizes=\"(max-width: 300px) 100vw, 300px\" \/><\/a><\/p>\n<p>Durante el encuentro, al que acudieron la fisioterapeuta, Isabel Mart\u00ednez; la terapeuta ocupacional y una de las responsables del proyecto, Abigail Azpeleta; el t\u00e9cnico de proyectos de la entidad, Sergio Galindo se presentaron los nuevos avances\u00a0en los que est\u00e1n trabajando conjuntamente las entidades de cada uno de los tres pa\u00edses (Portugal, Espa\u00f1a y Francia). Entre ellas, se destacaron el\u00a0lanzamiento de una\u00a0nueva oferta de fisioterapeutas, la\u00a0valoraci\u00f3n de los posibles pacientes\u00a0antes de que acabe el a\u00f1o y el\u00a0inicio del pilotaje en enero de 2025, que suponen algunos de los hitos m\u00e1s relevantes que se han conseguido, y otros que se prev\u00e9n de cara a los pr\u00f3ximos meses.<\/p>\n<p><strong>SIVI<\/strong>\u00a0lidera el proyecto\u00a0<a href=\"https:\/\/interreg-sudoe.eu\/proyecto-interreg\/revital\/\">\u201cREVITAL: Revitalizaci\u00f3n socioecon\u00f3mica de zonas de baja densidad de poblaci\u00f3n mediante teleasistencia cl\u00ednica\u201d<\/a>\u00a0que se inscribe dentro del Programa Interreg VI-B Sudoe 2021 \u2013 2027, cuyo objetivo es\u00a0<strong>potenciar la investigaci\u00f3n, el desarrollo tecnol\u00f3gico y la innovaci\u00f3n entre Espa\u00f1a, Francia y Portugal<\/strong>.<\/p>\n<p>El proyecto se desarrollar\u00e1 con el horizonte temporal del a\u00f1o 2026, gracias al trabajo del consorcio plurirregional formado por<strong>\u00a09 entidades del \u00e1mbito de la salud y sector sociosanitario de Espa\u00f1a, Francia y Portugal,<\/strong>\u00a0que son:<\/p>\n<ul class=\"wp-block-list\">\n<li>Cl\u00faster Soluciones Innovadoras para la Vida Independiente (SIVI)<\/li>\n<li>Gerencia de Servicios Sociales de Castilla y Le\u00f3n<\/li>\n<li>Fundaci\u00f3n San Cebri\u00e1n<\/li>\n<li>GOGOA Mobility Robots<\/li>\n<li>\u00c9cole Sup\u00e9rieure des Technologies Industrielles Avanc\u00e9es (ESTIA)<\/li>\n<li>Universidad de DEUSTO<\/li>\n<li>Etablissement Public de Sant\u00e9 de GARAZI<\/li>\n<li>Associa\u00e7\u00e3o Empresarial da Beira Baixa (AEBB)<\/li>\n<li>Instituto Polit\u00e9cnico de Castelo Branco (IPCB)<\/li>\n<\/ul>\n<p>M\u00e1s informaci\u00f3n del encuentro en<\/p>\n<p><a href=\"https:\/\/clustersivi.org\/2024\/11\/25\/castelo-branco-reunion-seguimiento-proyecto-revital\/\">Noticia del Cl\u00faster SIVI<\/a><\/p>\n<figure class=\"wp-block-image size-large\"><img decoding=\"async\" class=\"aligncenter wp-image-6518\" src=\"https:\/\/clustersivi.org\/wp-content\/uploads\/2024\/02\/REVITAL_Debajo_RGB-01-1024x294.jpg\" sizes=\"(max-width: 1024px) 100vw, 1024px\" srcset=\"https:\/\/clustersivi.org\/wp-content\/uploads\/2024\/02\/REVITAL_Debajo_RGB-01-1024x294.jpg 1024w, https:\/\/clustersivi.org\/wp-content\/uploads\/2024\/02\/REVITAL_Debajo_RGB-01-300x86.jpg 300w, https:\/\/clustersivi.org\/wp-content\/uploads\/2024\/02\/REVITAL_Debajo_RGB-01-768x221.jpg 768w, https:\/\/clustersivi.org\/wp-content\/uploads\/2024\/02\/REVITAL_Debajo_RGB-01.jpg 1111w\" alt=\"\" width=\"830\" height=\"198\" \/><\/figure>\n<p>C\u00f3digo del proyecto S1\/4.5\/E0037\u2028Importe FEDER aprobado: 1.598.331,75\u20ac\u2028Proyecto financiado por el programa Interreg VI-B Sudoe. 1\u00aa convocatoria Sudoe 2021-2027<\/p>\n<p>&nbsp;<\/p>\n\n\t\t<style type=\"text\/css\">\n\t\t\t#gallery-1 {\n\t\t\t\tmargin: auto;\n\t\t\t}\n\t\t\t#gallery-1 .gallery-item {\n\t\t\t\tfloat: left;\n\t\t\t\tmargin-top: 10px;\n\t\t\t\ttext-align: center;\n\t\t\t\twidth: 33%;\n\t\t\t}\n\t\t\t#gallery-1 img {\n\t\t\t\tborder: 2px solid #cfcfcf;\n\t\t\t}\n\t\t\t#gallery-1 .gallery-caption {\n\t\t\t\tmargin-left: 0;\n\t\t\t}\n\t\t\t\/* see gallery_shortcode() in wp-includes\/media.php *\/\n\t\t<\/style>\n\t\t<div id='gallery-1' class='gallery galleryid-13105 gallery-columns-3 gallery-size-thumbnail'><dl class='gallery-item'>\n\t\t\t<dt class='gallery-icon landscape'>\n\t\t\t\t<a href='https:\/\/www.fundacionsancebrian.com\/portal\/avances-en-el-proyecto-revital\/copia-de-image00003\/#main'><img decoding=\"async\" width=\"150\" height=\"150\" src=\"https:\/\/www.fundacionsancebrian.com\/portal\/wp-content\/uploads\/2024\/11\/Copia-de-image00003-150x150.jpeg\" class=\"attachment-thumbnail size-thumbnail\" alt=\"\" aria-describedby=\"gallery-1-13111\" srcset=\"https:\/\/www.fundacionsancebrian.com\/portal\/wp-content\/uploads\/2024\/11\/Copia-de-image00003-150x150.jpeg 150w, https:\/\/www.fundacionsancebrian.com\/portal\/wp-content\/uploads\/2024\/11\/Copia-de-image00003-375x375.jpeg 375w\" sizes=\"(max-width: 150px) 100vw, 150px\" \/><\/a>\n\t\t\t<\/dt>\n\t\t\t\t<dd class='wp-caption-text gallery-caption' id='gallery-1-13111'>\n\t\t\t\tReuni\u00f3n REVITAL\n\t\t\t\t<\/dd><\/dl><dl class='gallery-item'>\n\t\t\t<dt class='gallery-icon landscape'>\n\t\t\t\t<a href='https:\/\/www.fundacionsancebrian.com\/portal\/avances-en-el-proyecto-revital\/copia-de-image00041\/#main'><img loading=\"lazy\" decoding=\"async\" width=\"150\" height=\"150\" src=\"https:\/\/www.fundacionsancebrian.com\/portal\/wp-content\/uploads\/2024\/11\/Copia-de-image00041-150x150.jpeg\" class=\"attachment-thumbnail size-thumbnail\" alt=\"\" aria-describedby=\"gallery-1-13109\" srcset=\"https:\/\/www.fundacionsancebrian.com\/portal\/wp-content\/uploads\/2024\/11\/Copia-de-image00041-150x150.jpeg 150w, https:\/\/www.fundacionsancebrian.com\/portal\/wp-content\/uploads\/2024\/11\/Copia-de-image00041-375x375.jpeg 375w\" sizes=\"(max-width: 150px) 100vw, 150px\" \/><\/a>\n\t\t\t<\/dt>\n\t\t\t\t<dd class='wp-caption-text gallery-caption' id='gallery-1-13109'>\n\t\t\t\tReuni\u00f3n REVITAL\n\t\t\t\t<\/dd><\/dl><dl class='gallery-item'>\n\t\t\t<dt class='gallery-icon landscape'>\n\t\t\t\t<a href='https:\/\/www.fundacionsancebrian.com\/portal\/avances-en-el-proyecto-revital\/image00030\/#main'><img loading=\"lazy\" decoding=\"async\" width=\"150\" height=\"150\" src=\"https:\/\/www.fundacionsancebrian.com\/portal\/wp-content\/uploads\/2024\/11\/image00030-150x150.jpeg\" class=\"attachment-thumbnail size-thumbnail\" alt=\"\" aria-describedby=\"gallery-1-13108\" srcset=\"https:\/\/www.fundacionsancebrian.com\/portal\/wp-content\/uploads\/2024\/11\/image00030-150x150.jpeg 150w, https:\/\/www.fundacionsancebrian.com\/portal\/wp-content\/uploads\/2024\/11\/image00030-375x375.jpeg 375w\" sizes=\"(max-width: 150px) 100vw, 150px\" \/><\/a>\n\t\t\t<\/dt>\n\t\t\t\t<dd class='wp-caption-text gallery-caption' id='gallery-1-13108'>\n\t\t\t\tReuni\u00f3n REVITAL\n\t\t\t\t<\/dd><\/dl><br style=\"clear: both\" \/>\n\t\t<\/div>\n\n<\/div>\n<\/div><\/div><\/div><\/div><\/div>","protected":false},"excerpt":{"rendered":"<p>La Fundaci\u00f3n San Cebri\u00e1n, miembro del Consorcio del Proyecto REVITAL acudi\u00f3 a la nueva reuni\u00f3n de seguimiento del Proyecto Revital,\u00a0Revitalizaci\u00f3n socioecon\u00f3mica de zonas de baja densidad de poblaci\u00f3n mediante teleasistencia cl\u00ednica;\u00a0celebrado los pasados d\u00edas 20 y 21 de noviembre en la localidad portuguesa de Castelo Branco. \u00a0 Durante el encuentro, al que acudieron la fisioterapeuta, [&hellip;]<\/p>\n","protected":false},"author":1,"featured_media":13108,"comment_status":"closed","ping_status":"open","sticky":false,"template":"","format":"standard","meta":{"_seopress_robots_primary_cat":"none","_seopress_titles_title":"","_seopress_titles_desc":"","_seopress_robots_index":"","_eb_attr":"","footnotes":""},"categories":[8],"tags":[],"class_list":["post-13105","post","type-post","status-publish","format-standard","has-post-thumbnail","hentry","category-noticias","post-with-thumbnail","post-with-thumbnail-icon"],"_links":{"self":[{"href":"https:\/\/www.fundacionsancebrian.com\/portal\/wp-json\/wp\/v2\/posts\/13105","targetHints":{"allow":["GET"]}}],"collection":[{"href":"https:\/\/www.fundacionsancebrian.com\/portal\/wp-json\/wp\/v2\/posts"}],"about":[{"href":"https:\/\/www.fundacionsancebrian.com\/portal\/wp-json\/wp\/v2\/types\/post"}],"author":[{"embeddable":true,"href":"https:\/\/www.fundacionsancebrian.com\/portal\/wp-json\/wp\/v2\/users\/1"}],"replies":[{"embeddable":true,"href":"https:\/\/www.fundacionsancebrian.com\/portal\/wp-json\/wp\/v2\/comments?post=13105"}],"version-history":[{"count":2,"href":"https:\/\/www.fundacionsancebrian.com\/portal\/wp-json\/wp\/v2\/posts\/13105\/revisions"}],"predecessor-version":[{"id":13113,"href":"https:\/\/www.fundacionsancebrian.com\/portal\/wp-json\/wp\/v2\/posts\/13105\/revisions\/13113"}],"wp:featuredmedia":[{"embeddable":true,"href":"https:\/\/www.fundacionsancebrian.com\/portal\/wp-json\/wp\/v2\/media\/13108"}],"wp:attachment":[{"href":"https:\/\/www.fundacionsancebrian.com\/portal\/wp-json\/wp\/v2\/media?parent=13105"}],"wp:term":[{"taxonomy":"category","embeddable":true,"href":"https:\/\/www.fundacionsancebrian.com\/portal\/wp-json\/wp\/v2\/categories?post=13105"},{"taxonomy":"post_tag","embeddable":true,"href":"https:\/\/www.fundacionsancebrian.com\/portal\/wp-json\/wp\/v2\/tags?post=13105"}],"curies":[{"name":"wp","href":"https:\/\/api.w.org\/{rel}","templated":true}]}}