{"id":13118,"date":"2024-11-28T11:21:50","date_gmt":"2024-11-28T10:21:50","guid":{"rendered":"https:\/\/www.fundacionsancebrian.com\/portal\/?p=13118"},"modified":"2024-11-28T16:48:23","modified_gmt":"2024-11-28T15:48:23","slug":"los-servicios-de-vivienda-y-residencia-del-grupo-fundacion-san-cebrian-se-unen-a-la-campana-de-plena-inclusion-en-el-dia-violencia-de-genero","status":"publish","type":"post","link":"https:\/\/www.fundacionsancebrian.com\/portal\/los-servicios-de-vivienda-y-residencia-del-grupo-fundacion-san-cebrian-se-unen-a-la-campana-de-plena-inclusion-en-el-dia-violencia-de-genero\/","title":{"rendered":"Los servicios de vivienda y residencia del Grupo Fundaci\u00f3n San Cebri\u00e1n se unen a la Campa\u00f1a de Plena Inclusi\u00f3n en el D\u00eda Violencia de G\u00e9nero"},"content":{"rendered":"<div id=\"pl-13118\"  class=\"panel-layout\" ><div id=\"pg-13118-0\"  class=\"panel-grid panel-no-style\" ><div id=\"pgc-13118-0-0\"  class=\"panel-grid-cell panel-grid-cell-mobile-last\" ><div id=\"panel-13118-0-0-0\" class=\"so-panel widget widget_sow-image panel-first-child\" data-index=\"0\" ><div class=\"panel-widget-style panel-widget-style-for-13118-0-0-0\" ><div\n\t\t\t\n\t\t\tclass=\"so-widget-sow-image so-widget-sow-image-default-4e6925654b7a-13118\"\n\t\t\t\n\t\t>\n<div class=\"sow-image-container\">\n\t\t<img loading=\"lazy\" \n\tsrc=\"https:\/\/www.fundacionsancebrian.com\/portal\/wp-content\/uploads\/2024\/05\/Lecturafacil1.png\" width=\"250\" height=\"50\" sizes=\"(max-width: 250px) 100vw, 250px\" alt=\"\" \t\tclass=\"so-widget-image\"\/>\n\t<\/div>\n\n<\/div><\/div><\/div><div id=\"panel-13118-0-0-1\" class=\"so-panel widget widget_sow-editor panel-last-child\" data-index=\"1\" ><div class=\"panel-widget-style panel-widget-style-for-13118-0-0-1\" ><div\n\t\t\t\n\t\t\tclass=\"so-widget-sow-editor so-widget-sow-editor-base\"\n\t\t\t\n\t\t>\n<div class=\"siteorigin-widget-tinymce textwidget\">\n\t<div style=\"font-size: 18px; line-height: 1.8em; font-family: Arial;\">\n<p><strong>D\u00eda de la Violencia de G\u00e9nero.<\/strong><\/p>\n<p>Plena inclusi\u00f3n Castilla y Le\u00f3n he hecho la campa\u00f1a<br \/>\n\u00abHoy en el men\u00fa\u2026 te damos 5 consejos de la web DI violencia cero\u00bb<br \/>\nporque es el D\u00eda Internacional<br \/>\nde la Eliminaci\u00f3n de la Violencia contra la Mujer.<\/p>\n<p>La campa\u00f1a usa manteles con informaci\u00f3n<br \/>\nde la pagina web Di violencia cero.<\/p>\n<p>Esta pagina web da informaci\u00f3n a mujeres con discapacidad intelectual<br \/>\npara identificar y actuar ante la violencia de g\u00e9nero.<\/p>\n<\/div>\n<\/div>\n<\/div><\/div><\/div><\/div><div id=\"pgc-13118-0-1\"  class=\"panel-grid-cell panel-grid-cell-empty\" ><\/div><\/div><div id=\"pg-13118-1\"  class=\"panel-grid panel-no-style\" ><div id=\"pgc-13118-1-0\"  class=\"panel-grid-cell\" ><div id=\"panel-13118-1-0-0\" class=\"so-panel widget widget_sow-editor panel-first-child panel-last-child\" data-index=\"2\" ><div\n\t\t\t\n\t\t\tclass=\"so-widget-sow-editor so-widget-sow-editor-base\"\n\t\t\t\n\t\t><h3 class=\"widget-title\">La campa\u00f1a consiste en el uso de manteles en comidas y cenas para promocionar la Web Di violencia cero durante la semana del 25 de noviembre.<\/h3>\n<div class=\"siteorigin-widget-tinymce textwidget\">\n\t<div class=\"siteorigin-widget-tinymce textwidget\">\n<p>Con motivo del D\u00eda Internacional de la Eliminaci\u00f3n de la Violencia contra la Mujer, el 25 de noviembre, Plena inclusi\u00f3n Castilla y Le\u00f3n ha lanzado la campa\u00f1a \"Hoy en el men\u00fa... te damos 5 consejos de la web DI violencia cero\", una campa\u00f1a destinada a prevenir la violencia de g\u00e9nero y proporcionar herramientas accesibles a las mujeres con discapacidad intelectual o del desarrollo. El objetivo principal de esta campa\u00f1a es promover la web \"Di violencia cero\", una herramienta accesible y adaptada en lectura f\u00e1cil, dise\u00f1ada para ayudar a las mujeres con discapacidad intelectual a identificar situaciones de violencia de g\u00e9nero y saber c\u00f3mo actuar. La web es una iniciativa de la Direcci\u00f3n General de la Mujer para prevenir la violencia de g\u00e9nero en este colectivo especialmente vulnerable.<\/p>\n<p>Los distintos servicios del Grupo Fundaci\u00f3n San Cebri\u00e1n se han sumado a la campa\u00f1a y durante esta semana las comidas y cenas en las viviendas estar\u00e1n servidas sobre los manteles informativos para promocionar la web Diviolenciacero.<\/p>\n<p>De forma paralela, Plena inclusi\u00f3n Castilla y Le\u00f3n invita a toda la sociedad a unirse a la campa\u00f1a compartiendo mensajes e im\u00e1genes en redes sociales con los hashtags #DiviolenciaCero y #WebAccesibleDiViolenciaCero. Adem\u00e1s, se anima a organizaciones, empresas y entidades a participar activamente en la difusi\u00f3n de esta iniciativa, sum\u00e1ndose a la lucha contra la violencia de g\u00e9nero desde diferentes \u00e1mbitos.<\/p>\n<p>&nbsp;<\/p>\n<style type=\"text\/css\">\n\t\t\t#gallery-1 {<br \/>\n\t\t\t\tmargin: auto;<br \/>\n\t\t\t}<br \/>\n\t\t\t#gallery-1 .gallery-item {<br \/>\n\t\t\t\tfloat: left;<br \/>\n\t\t\t\tmargin-top: 10px;<br \/>\n\t\t\t\ttext-align: center;<br \/>\n\t\t\t\twidth: 33%;<br \/>\n\t\t\t}<br \/>\n\t\t\t#gallery-1 img {<br \/>\n\t\t\t\tborder: 2px solid #cfcfcf;<br \/>\n\t\t\t}<br \/>\n\t\t\t#gallery-1 .gallery-caption {<br \/>\n\t\t\t\tmargin-left: 0;<br \/>\n\t\t\t}<br \/>\n\t\t\t\/* see gallery_shortcode() in wp-includes\/media.php *\/<br \/>\n\t\t<\/style>\n<div id=\"gallery-1\" class=\"gallery galleryid-0 gallery-columns-3 gallery-size-thumbnail\">\n<dl class=\"gallery-item\">\n<dt class=\"gallery-icon portrait\"><a href=\"https:\/\/www.fundacionsancebrian.com\/portal\/?attachment_id=13122#main\"><img decoding=\"async\" class=\"attachment-thumbnail size-thumbnail\" src=\"https:\/\/www.fundacionsancebrian.com\/portal\/wp-content\/uploads\/2024\/11\/WhatsApp-Image-2024-11-25-at-21.54.33-1-150x150.jpeg\" sizes=\"(max-width: 150px) 100vw, 150px\" srcset=\"https:\/\/www.fundacionsancebrian.com\/portal\/wp-content\/uploads\/2024\/11\/WhatsApp-Image-2024-11-25-at-21.54.33-1-150x150.jpeg 150w, https:\/\/www.fundacionsancebrian.com\/portal\/wp-content\/uploads\/2024\/11\/WhatsApp-Image-2024-11-25-at-21.54.33-1-375x375.jpeg 375w\" alt=\"\" width=\"150\" height=\"150\" aria-describedby=\"gallery-1-13122\"><\/a><\/dt>\n<dd id=\"gallery-1-13122\" class=\"wp-caption-text gallery-caption\">Viviendas con manteles de la Campa\u00f1a<\/dd>\n<\/dl>\n<dl class=\"gallery-item\">\n<dt class=\"gallery-icon landscape\"><a href=\"https:\/\/www.fundacionsancebrian.com\/portal\/?attachment_id=13123#main\"><img decoding=\"async\" class=\"attachment-thumbnail size-thumbnail\" src=\"https:\/\/www.fundacionsancebrian.com\/portal\/wp-content\/uploads\/2024\/11\/WhatsApp-Image-2024-11-25-at-21.35.46-1-150x150.jpeg\" sizes=\"(max-width: 150px) 100vw, 150px\" srcset=\"https:\/\/www.fundacionsancebrian.com\/portal\/wp-content\/uploads\/2024\/11\/WhatsApp-Image-2024-11-25-at-21.35.46-1-150x150.jpeg 150w, https:\/\/www.fundacionsancebrian.com\/portal\/wp-content\/uploads\/2024\/11\/WhatsApp-Image-2024-11-25-at-21.35.46-1-375x375.jpeg 375w\" alt=\"\" width=\"150\" height=\"150\" aria-describedby=\"gallery-1-13123\"><\/a><\/dt>\n<dd id=\"gallery-1-13123\" class=\"wp-caption-text gallery-caption\">Viviendas con manteles de la Campa\u00f1a<\/dd>\n<\/dl>\n<dl class=\"gallery-item\">\n<dt class=\"gallery-icon landscape\"><a href=\"https:\/\/www.fundacionsancebrian.com\/portal\/?attachment_id=13125#main\"><img decoding=\"async\" class=\"attachment-thumbnail size-thumbnail\" src=\"https:\/\/www.fundacionsancebrian.com\/portal\/wp-content\/uploads\/2024\/11\/WhatsApp-Image-2024-11-25-at-21.35.45-1-150x150.jpeg\" sizes=\"(max-width: 150px) 100vw, 150px\" srcset=\"https:\/\/www.fundacionsancebrian.com\/portal\/wp-content\/uploads\/2024\/11\/WhatsApp-Image-2024-11-25-at-21.35.45-1-150x150.jpeg 150w, https:\/\/www.fundacionsancebrian.com\/portal\/wp-content\/uploads\/2024\/11\/WhatsApp-Image-2024-11-25-at-21.35.45-1-375x375.jpeg 375w\" alt=\"\" width=\"150\" height=\"150\" aria-describedby=\"gallery-1-13125\"><\/a><\/dt>\n<dd id=\"gallery-1-13125\" class=\"wp-caption-text gallery-caption\">Viviendas con manteles de la Campa\u00f1a<\/dd>\n<\/dl>\n<p>&nbsp;<\/p>\n<dl class=\"gallery-item\">\n<dt class=\"gallery-icon landscape\"><a href=\"https:\/\/www.fundacionsancebrian.com\/portal\/?attachment_id=13126#main\"><img loading=\"lazy\" loading=\"lazy\" decoding=\"async\" class=\"attachment-thumbnail size-thumbnail\" src=\"https:\/\/www.fundacionsancebrian.com\/portal\/wp-content\/uploads\/2024\/11\/WhatsApp-Image-2024-11-25-at-21.35.44-3-150x150.jpeg\" sizes=\"auto, (max-width: 150px) 100vw, 150px\" srcset=\"https:\/\/www.fundacionsancebrian.com\/portal\/wp-content\/uploads\/2024\/11\/WhatsApp-Image-2024-11-25-at-21.35.44-3-150x150.jpeg 150w, https:\/\/www.fundacionsancebrian.com\/portal\/wp-content\/uploads\/2024\/11\/WhatsApp-Image-2024-11-25-at-21.35.44-3-375x375.jpeg 375w\" alt=\"\" width=\"150\" height=\"150\" aria-describedby=\"gallery-1-13126\"><\/a><\/dt>\n<dd id=\"gallery-1-13126\" class=\"wp-caption-text gallery-caption\">Viviendas con manteles de la Campa\u00f1a<\/dd>\n<\/dl>\n<dl class=\"gallery-item\">\n<dt class=\"gallery-icon portrait\"><a href=\"https:\/\/www.fundacionsancebrian.com\/portal\/?attachment_id=13127#main\"><img loading=\"lazy\" loading=\"lazy\" decoding=\"async\" class=\"attachment-thumbnail size-thumbnail\" src=\"https:\/\/www.fundacionsancebrian.com\/portal\/wp-content\/uploads\/2024\/11\/WhatsApp-Image-2024-11-25-at-21.35.44-2-150x150.jpeg\" sizes=\"auto, (max-width: 150px) 100vw, 150px\" srcset=\"https:\/\/www.fundacionsancebrian.com\/portal\/wp-content\/uploads\/2024\/11\/WhatsApp-Image-2024-11-25-at-21.35.44-2-150x150.jpeg 150w, https:\/\/www.fundacionsancebrian.com\/portal\/wp-content\/uploads\/2024\/11\/WhatsApp-Image-2024-11-25-at-21.35.44-2-375x375.jpeg 375w\" alt=\"\" width=\"150\" height=\"150\" aria-describedby=\"gallery-1-13127\"><\/a><\/dt>\n<dd id=\"gallery-1-13127\" class=\"wp-caption-text gallery-caption\">Viviendas con manteles de la Campa\u00f1a<\/dd>\n<\/dl>\n<p>&nbsp;<\/p>\n<\/div>\n<\/div>\n<\/div>\n<\/div><\/div><\/div><\/div><\/div>","protected":false},"excerpt":{"rendered":"<p>D\u00eda de la Violencia de G\u00e9nero. Plena inclusi\u00f3n Castilla y Le\u00f3n he hecho la campa\u00f1a \u00abHoy en el men\u00fa\u2026 te damos 5 consejos de la web DI violencia cero\u00bb porque es el D\u00eda Internacional de la Eliminaci\u00f3n de la Violencia contra la Mujer. La campa\u00f1a usa manteles con informaci\u00f3n de la pagina web Di violencia [&hellip;]<\/p>\n","protected":false},"author":1,"featured_media":13126,"comment_status":"closed","ping_status":"open","sticky":false,"template":"","format":"standard","meta":{"_seopress_robots_primary_cat":"none","_seopress_titles_title":"","_seopress_titles_desc":"","_seopress_robots_index":"","_eb_attr":"","footnotes":""},"categories":[8],"tags":[],"class_list":["post-13118","post","type-post","status-publish","format-standard","has-post-thumbnail","hentry","category-noticias","post-with-thumbnail","post-with-thumbnail-icon"],"_links":{"self":[{"href":"https:\/\/www.fundacionsancebrian.com\/portal\/wp-json\/wp\/v2\/posts\/13118","targetHints":{"allow":["GET"]}}],"collection":[{"href":"https:\/\/www.fundacionsancebrian.com\/portal\/wp-json\/wp\/v2\/posts"}],"about":[{"href":"https:\/\/www.fundacionsancebrian.com\/portal\/wp-json\/wp\/v2\/types\/post"}],"author":[{"embeddable":true,"href":"https:\/\/www.fundacionsancebrian.com\/portal\/wp-json\/wp\/v2\/users\/1"}],"replies":[{"embeddable":true,"href":"https:\/\/www.fundacionsancebrian.com\/portal\/wp-json\/wp\/v2\/comments?post=13118"}],"version-history":[{"count":2,"href":"https:\/\/www.fundacionsancebrian.com\/portal\/wp-json\/wp\/v2\/posts\/13118\/revisions"}],"predecessor-version":[{"id":13137,"href":"https:\/\/www.fundacionsancebrian.com\/portal\/wp-json\/wp\/v2\/posts\/13118\/revisions\/13137"}],"wp:featuredmedia":[{"embeddable":true,"href":"https:\/\/www.fundacionsancebrian.com\/portal\/wp-json\/wp\/v2\/media\/13126"}],"wp:attachment":[{"href":"https:\/\/www.fundacionsancebrian.com\/portal\/wp-json\/wp\/v2\/media?parent=13118"}],"wp:term":[{"taxonomy":"category","embeddable":true,"href":"https:\/\/www.fundacionsancebrian.com\/portal\/wp-json\/wp\/v2\/categories?post=13118"},{"taxonomy":"post_tag","embeddable":true,"href":"https:\/\/www.fundacionsancebrian.com\/portal\/wp-json\/wp\/v2\/tags?post=13118"}],"curies":[{"name":"wp","href":"https:\/\/api.w.org\/{rel}","templated":true}]}}