{"id":13154,"date":"2024-12-05T11:40:32","date_gmt":"2024-12-05T10:40:32","guid":{"rendered":"https:\/\/www.fundacionsancebrian.com\/portal\/?p=13154"},"modified":"2024-12-05T13:28:45","modified_gmt":"2024-12-05T12:28:45","slug":"3-de-diciembre-una-jornada-de-guinos-reivindicacion-y-mucho-arte","status":"publish","type":"post","link":"https:\/\/www.fundacionsancebrian.com\/portal\/3-de-diciembre-una-jornada-de-guinos-reivindicacion-y-mucho-arte\/","title":{"rendered":"3 de diciembre, una jornada de gui\u00f1os, reivindicaci\u00f3n y mucho arte"},"content":{"rendered":"<div id=\"pl-13154\"  class=\"panel-layout\" ><div id=\"pg-13154-0\"  class=\"panel-grid panel-no-style\" ><div id=\"pgc-13154-0-0\"  class=\"panel-grid-cell\" ><div id=\"panel-13154-0-0-0\" class=\"so-panel widget widget_sow-image panel-first-child\" data-index=\"0\" ><div class=\"panel-widget-style panel-widget-style-for-13154-0-0-0\" ><div\n\t\t\t\n\t\t\tclass=\"so-widget-sow-image so-widget-sow-image-default-4e6925654b7a-13154\"\n\t\t\t\n\t\t>\n<div class=\"sow-image-container\">\n\t\t<img \n\tsrc=\"https:\/\/www.fundacionsancebrian.com\/portal\/wp-content\/uploads\/2024\/05\/Lecturafacil1.png\" width=\"250\" height=\"50\" sizes=\"(max-width: 250px) 100vw, 250px\" alt=\"\" \t\tclass=\"so-widget-image\"\/>\n\t<\/div>\n\n<\/div><\/div><\/div><div id=\"panel-13154-0-0-1\" class=\"so-panel widget widget_sow-editor panel-last-child\" data-index=\"1\" ><div class=\"panel-widget-style panel-widget-style-for-13154-0-0-1\" ><div\n\t\t\t\n\t\t\tclass=\"so-widget-sow-editor so-widget-sow-editor-base\"\n\t\t\t\n\t\t>\n<div class=\"siteorigin-widget-tinymce textwidget\">\n\t<div style=\"font-size: 18px; line-height: 1.8em; font-family: Arial;\">\n<p><strong>D\u00eda Internacional de la Discapacidad.<\/strong><\/p>\n<p>El Grupo Fundaci\u00f3n San Cebri\u00e1n organiz\u00f3 muchas actividades<br \/>\npara el D\u00eda Internacional de la Discapacidad<br \/>\nque fue el 3 de diciembre.<\/p>\n<p>Estas actividades son para dar a conocer a la sociedad la discapacidad<br \/>\ny visibilizar el talento y las capacidades de las personas con discapacidad.<\/p>\n<p><strong>Principales actividades:<\/strong><\/p>\n<p>Campa\u00f1a #gui\u00f1oaladiscapacidad:<br \/>\nEsta campa\u00f1a fue para redes sociales.<br \/>\nParticiparon colegios y personas importantes de Palencia.<\/p>\n<p>Lectura de <strong>manifiestos<\/strong>:<br \/>\nManifiestos sobre los derechos de las personas con discapacidad<br \/>\nfueron le\u00eddos en diferentes lugares.<\/p>\n<p>Creaci\u00f3n de obras de arte en grupo:<br \/>\nVarios grupos de personas hicieron de un ojo gigante en San Cebri\u00e1n de Campos<br \/>\ny de dibujos en la Universidad de Valladolid.<\/p>\n<p>Exposici\u00f3n de arte \"SOMOS ARTE\":<br \/>\nEsta exposici\u00f3n en Carri\u00f3n de los Condes<br \/>\ntiene obras de arte creadas por personas con discapacidad<br \/>\nde diferentes centros de la fundaci\u00f3n.<\/p>\n<p>Gala art\u00edstica:<br \/>\nEn Carri\u00f3n de los Condes se celebr\u00f3 una gala<br \/>\ncon actuaciones de teatro, danza y m\u00fasica, realizadas por personas con discapacidad.<\/p>\n<p>Marchas reivindicativas:<br \/>\nEn Villamuriel de Cerrato se organiz\u00f3 marchas<br \/>\npara dar a conocer la discapacidad y la inclusi\u00f3n.<\/p>\n<p>En resumen, el Grupo Fundaci\u00f3n San Cebri\u00e1n hizo muchas actividades<br \/>\npara celebrar el D\u00eda Internacional de la Discapacidad.<br \/>\nY las personas con discapacidad ense\u00f1aron sus habilidades y talentos<br \/>\npara sentirse valoradas y reconocidas.<\/p>\n<\/div>\n<\/div>\n<\/div><\/div><\/div><\/div><div id=\"pgc-13154-0-1\"  class=\"panel-grid-cell\" ><div id=\"panel-13154-0-1-0\" class=\"so-panel widget widget_sow-image panel-first-child\" data-index=\"2\" ><div class=\"panel-widget-style panel-widget-style-for-13154-0-1-0\" ><div\n\t\t\t\n\t\t\tclass=\"so-widget-sow-image so-widget-sow-image-default-4e6925654b7a-13154\"\n\t\t\t\n\t\t>\n<div class=\"sow-image-container\">\n\t\t<img \n\tsrc=\"https:\/\/www.fundacionsancebrian.com\/portal\/wp-content\/uploads\/2024\/05\/Glosario1.png\" width=\"250\" height=\"50\" sizes=\"(max-width: 250px) 100vw, 250px\" alt=\"\" \t\tclass=\"so-widget-image\"\/>\n\t<\/div>\n\n<\/div><\/div><\/div><div id=\"panel-13154-0-1-1\" class=\"so-panel widget widget_sow-editor panel-last-child\" data-index=\"3\" ><div class=\"panel-widget-style panel-widget-style-for-13154-0-1-1\" ><div\n\t\t\t\n\t\t\tclass=\"so-widget-sow-editor so-widget-sow-editor-base\"\n\t\t\t\n\t\t>\n<div class=\"siteorigin-widget-tinymce textwidget\">\n\t<div style=\"font-size: 18px; line-height: 1.8em; font-family: Arial;\">\n<p><strong>Manifiesto<\/strong>:<br \/>\nEs un texto donde alguien explica lo que piensa o lo que quiere conseguir sobre un tema.<\/p>\n<p>Sirve para compartir ideas importantes, pedir cambios<br \/>\no motivar a otras personas a apoyar una causa..<\/p>\n<\/div>\n<\/div>\n<\/div><\/div><\/div><\/div><\/div><div id=\"pg-13154-1\"  class=\"panel-grid panel-no-style\" ><div id=\"pgc-13154-1-0\"  class=\"panel-grid-cell\" ><div id=\"panel-13154-1-0-0\" class=\"so-panel widget widget_sow-editor panel-first-child panel-last-child\" data-index=\"4\" ><div\n\t\t\t\n\t\t\tclass=\"so-widget-sow-editor so-widget-sow-editor-base\"\n\t\t\t\n\t\t>\n<div class=\"siteorigin-widget-tinymce textwidget\">\n\t<h3 class=\"widget-title\">Lectura de manifiesto, campa\u00f1a de gui\u00f1os, marchas, una gala y una exposici\u00f3n de arte algunas de las actividades durante la jornada del 3 de diciembre<\/h3>\n<div class=\"siteorigin-widget-tinymce textwidget\">\n<p>El Grupo Fundaci\u00f3n San Cebri\u00e1n conmemor\u00f3 el pasado martes, 3 de diciembre el D\u00eda Internacional de la Discapacidad con actos muy diversos que llegaron a espacios como la Universidad de Valladolid, Carri\u00f3n de los Condes, San Cebri\u00e1n de Campos y otros espacios. La entidad lanz\u00f3 la Campa\u00f1a de concienciaci\u00f3n \u2018Gui\u00f1o a la discapacidad\u2019, una campa\u00f1a cuyo objetivo era lograr c\u00f3mplices a trav\u00e9s de gui\u00f1os, y es que cuando se gui\u00f1a un ojo, uno de los significados es ser c\u00f3mplice de algo o de alguien.<a href=\"https:\/\/www.fundacionsancebrian.com\/portal\/wp-content\/uploads\/2024\/12\/WhatsApp-Image-2024-12-02-at-16.19.37-4-1.jpeg\" data-slb-active=\"1\" data-slb-asset=\"1734139178\" data-slb-internal=\"0\" data-slb-group=\"13154\"><img fetchpriority=\"high\" fetchpriority=\"high\" decoding=\"async\" class=\"alignright wp-image-13168 size-medium\" src=\"https:\/\/www.fundacionsancebrian.com\/portal\/wp-content\/uploads\/2024\/12\/WhatsApp-Image-2024-12-02-at-16.19.37-4-1-300x225.jpeg\" sizes=\"(max-width: 300px) 100vw, 300px\" srcset=\"https:\/\/www.fundacionsancebrian.com\/portal\/wp-content\/uploads\/2024\/12\/WhatsApp-Image-2024-12-02-at-16.19.37-4-1-300x225.jpeg 300w, https:\/\/www.fundacionsancebrian.com\/portal\/wp-content\/uploads\/2024\/12\/WhatsApp-Image-2024-12-02-at-16.19.37-4-1-1024x768.jpeg 1024w, https:\/\/www.fundacionsancebrian.com\/portal\/wp-content\/uploads\/2024\/12\/WhatsApp-Image-2024-12-02-at-16.19.37-4-1-768x576.jpeg 768w, https:\/\/www.fundacionsancebrian.com\/portal\/wp-content\/uploads\/2024\/12\/WhatsApp-Image-2024-12-02-at-16.19.37-4-1-1536x1152.jpeg 1536w, https:\/\/www.fundacionsancebrian.com\/portal\/wp-content\/uploads\/2024\/12\/WhatsApp-Image-2024-12-02-at-16.19.37-4-1.jpeg 1600w\" alt=\"\" width=\"300\" height=\"225\" \/><\/a><\/p>\n<p><strong>Campa\u00f1a #gui\u00f1oaladiscapacidad<\/strong>. La Campa\u00f1a puesta en marcha en las Redes Sociales con el hastag #gui\u00f1oaladiscapacidad ha logrado un gran impacto en las redes sociales movilizando a familias, profesionales, personas con discapacidad, responsables pol\u00edticos como la alcaldesa de la ciudad, Miriam Andr\u00e9s; la concejala de Servicios Sociales, Charo Garc\u00eda; el diputado de servicios Sociales, Juan Antonio Obispo; o el concejal del PP del Ayuntamiento de Palencia, V\u00edctor Torres entre otros.<\/p>\n<p>Esta campa\u00f1a lleg\u00f3 tambi\u00e9n a Colegios de la capital como el Colegio Santo Domingo de Guzm\u00e1n que se sum\u00f3 a la iniciativa y los alumnos realizaron un v\u00eddeo gui\u00f1ando un ojo a la discapacidad. Adem\u00e1s, la Universidad de Valladolid- UVA Campus de Palencia- realiz\u00f3 un acto, en colaboraci\u00f3n con el Grupo Fundaci\u00f3n San Cebri\u00e1n que consisti\u00f3 en la lectura del Manifiesto, una actividad de dibujar ojos y por \u00faltimo la realizaci\u00f3n de un gui\u00f1o, una actividad en la que participaron no s\u00f3lo alumnos de la Universidad sino tambi\u00e9n personas con discapacidad.<\/p>\n<p>En la jornada del 3 de diciembre, uno de los actos principales del Grupo tuvo lugar en San Cebri\u00e1n de Campos con la lectura del manifiesto y la posterior realizaci\u00f3n de un ojo gigante en la Plaza Mayor del pueblo con la participaci\u00f3n de personas con discapacidad, vecinos del pueblo y profesionales en la realizaci\u00f3n de ese ojo gigante con un posterior gui\u00f1o.<\/p>\n<p><strong>Gala SOMOS ARTE.<\/strong>\u00a0Este mismo d\u00eda por la tarde en Carri\u00f3n de los Condes se llev\u00f3 a cabo en un primer momento la inauguraci\u00f3n dela Exposici\u00f3n SOMOS ARTE en el Museo de Arte Contempor\u00e1neo de la localidad jacobea. M\u00e1s de una treintena de obras de arteelaboradas por personas con discapacidad de nuestros distintos servicios, de San Cebri\u00e1n de Campos, de Fr\u00f3mista, Villamuriel y de aqu\u00ed mismo, de Carri\u00f3n de los Condes. Son obras que muchas veces permanecen guardadas y es necesario ponerlas en valor y que la sociedad las sepa apreciar y admirar. Las obras de artes est\u00e1n realizadas con distintas t\u00e9cnicas como la pintura al \u00f3leo, el\u00a0<em>patchwork<\/em>,\u00a0collage, pirograbado, hilado y esculturas con material reciclado. En esta exposici\u00f3n\u00a0 permanecer\u00e1 abierta hasta el pr\u00f3ximo 9 de diciembre.<\/p>\n<p>Adem\u00e1s, por la tarde, tambi\u00e9n en Carri\u00f3n de los Condes, se llev\u00f3 a cabo en el Teatro Sarabia la Gala SOMOS ARTE, donde tras una perfomance sencilla al inicio, en el hall y patio de butacas, dio comienzo la Gala que cont\u00f3 con la actuaci\u00f3n de la Compa\u00f1\u00eda de Teatro Expres@rte de la entidad y la Compa\u00f1\u00eda de Danza Includanza. En cuanto a las escenas de la compa\u00f1\u00eda teatral: la perfomanza y las escenas:\u00bb M\u00e1s all\u00e1 de la m\u00e1scara\u00bb, que\u00a0 hace reflexionar sobre que las personas con discapacidad son mucho m\u00e1s que su discapacidad, m\u00e1s que lo que la sociedad tiende a ver de ellas y luego la escena entre \u00abDeci y Prote\u00bb que consiste en que Clara, joven con discapacidad intelectual, con ganas de vivir cosas nuevas, pero indecisa, siente el peso de los consejos que le dan, mientras anhela su propia libertad. Debe decidir entre la seguridad o la independencia y la libertad.<\/p>\n<p>Tambi\u00e9n tuvieron lugar las actuaciones de Includanza, con los solos de los bailarines, Mario Mart\u00edn y Pilar Andr\u00e9s; el d\u00fao entre Aliona Benito y Susana Ben\u00edtez y la actuaci\u00f3n final de la Compa\u00f1\u00eda \u2018Cartas para ti\u2019<\/p>\n<p><strong>Acto en Villamuriel de Cerrato.\u00a0<\/strong>Por \u00faltimo, el 4 de diciembre se celebr\u00f3 en Villamuriel de Cerrato dos marchas, organizadas por el Ayuntamiento y por Fedispa en la que participaron los integrantes del Espacio Abierto \u00c1ngel Aguado.<\/p>\n\n\t\t<style type=\"text\/css\">\n\t\t\t#gallery-1 {\n\t\t\t\tmargin: auto;\n\t\t\t}\n\t\t\t#gallery-1 .gallery-item {\n\t\t\t\tfloat: left;\n\t\t\t\tmargin-top: 10px;\n\t\t\t\ttext-align: center;\n\t\t\t\twidth: 25%;\n\t\t\t}\n\t\t\t#gallery-1 img {\n\t\t\t\tborder: 2px solid #cfcfcf;\n\t\t\t}\n\t\t\t#gallery-1 .gallery-caption {\n\t\t\t\tmargin-left: 0;\n\t\t\t}\n\t\t\t\/* see gallery_shortcode() in wp-includes\/media.php *\/\n\t\t<\/style>\n\t\t<div id='gallery-1' class='gallery galleryid-13154 gallery-columns-4 gallery-size-thumbnail'><dl class='gallery-item'>\n\t\t\t<dt class='gallery-icon portrait'>\n\t\t\t\t<a href='https:\/\/www.fundacionsancebrian.com\/portal\/whatsapp-image-2024-12-04-at-11-44-55\/'><img loading=\"lazy\" decoding=\"async\" width=\"150\" height=\"150\" src=\"https:\/\/www.fundacionsancebrian.com\/portal\/wp-content\/uploads\/2024\/12\/WhatsApp-Image-2024-12-04-at-11.44.55-150x150.jpeg\" class=\"attachment-thumbnail size-thumbnail\" alt=\"\" aria-describedby=\"gallery-1-13170\" srcset=\"https:\/\/www.fundacionsancebrian.com\/portal\/wp-content\/uploads\/2024\/12\/WhatsApp-Image-2024-12-04-at-11.44.55-150x150.jpeg 150w, https:\/\/www.fundacionsancebrian.com\/portal\/wp-content\/uploads\/2024\/12\/WhatsApp-Image-2024-12-04-at-11.44.55-375x375.jpeg 375w\" sizes=\"(max-width: 150px) 100vw, 150px\" \/><\/a>\n\t\t\t<\/dt>\n\t\t\t\t<dd class='wp-caption-text gallery-caption' id='gallery-1-13170'>\n\t\t\t\tGala Somos arte\n\t\t\t\t<\/dd><\/dl><dl class='gallery-item'>\n\t\t\t<dt class='gallery-icon portrait'>\n\t\t\t\t<a href='https:\/\/www.fundacionsancebrian.com\/portal\/whatsapp-image-2024-12-04-at-15-34-04-copia\/'><img loading=\"lazy\" decoding=\"async\" width=\"150\" height=\"150\" src=\"https:\/\/www.fundacionsancebrian.com\/portal\/wp-content\/uploads\/2024\/12\/WhatsApp-Image-2024-12-04-at-15.34.04-copia-150x150.jpeg\" class=\"attachment-thumbnail size-thumbnail\" alt=\"\" aria-describedby=\"gallery-1-13171\" srcset=\"https:\/\/www.fundacionsancebrian.com\/portal\/wp-content\/uploads\/2024\/12\/WhatsApp-Image-2024-12-04-at-15.34.04-copia-150x150.jpeg 150w, https:\/\/www.fundacionsancebrian.com\/portal\/wp-content\/uploads\/2024\/12\/WhatsApp-Image-2024-12-04-at-15.34.04-copia-375x375.jpeg 375w\" sizes=\"(max-width: 150px) 100vw, 150px\" \/><\/a>\n\t\t\t<\/dt>\n\t\t\t\t<dd class='wp-caption-text gallery-caption' id='gallery-1-13171'>\n\t\t\t\tMarcha en Villamuriel de Cerrato\n\t\t\t\t<\/dd><\/dl><dl class='gallery-item'>\n\t\t\t<dt class='gallery-icon landscape'>\n\t\t\t\t<a href='https:\/\/www.fundacionsancebrian.com\/portal\/whatsapp-image-2024-12-05-at-08-54-45-copia\/'><img loading=\"lazy\" decoding=\"async\" width=\"150\" height=\"150\" src=\"https:\/\/www.fundacionsancebrian.com\/portal\/wp-content\/uploads\/2024\/12\/WhatsApp-Image-2024-12-05-at-08.54.45-copia-150x150.jpeg\" class=\"attachment-thumbnail size-thumbnail\" alt=\"\" aria-describedby=\"gallery-1-13172\" srcset=\"https:\/\/www.fundacionsancebrian.com\/portal\/wp-content\/uploads\/2024\/12\/WhatsApp-Image-2024-12-05-at-08.54.45-copia-150x150.jpeg 150w, https:\/\/www.fundacionsancebrian.com\/portal\/wp-content\/uploads\/2024\/12\/WhatsApp-Image-2024-12-05-at-08.54.45-copia-375x375.jpeg 375w\" sizes=\"(max-width: 150px) 100vw, 150px\" \/><\/a>\n\t\t\t<\/dt>\n\t\t\t\t<dd class='wp-caption-text gallery-caption' id='gallery-1-13172'>\n\t\t\t\tActo en San Cebri\u00e1n de Campos\n\t\t\t\t<\/dd><\/dl><dl class='gallery-item'>\n\t\t\t<dt class='gallery-icon portrait'>\n\t\t\t\t<a href='https:\/\/www.fundacionsancebrian.com\/portal\/3-de-diciembre-una-jornada-de-guinos-reivindicacion-y-mucho-arte\/whatsapp-image-2024-11-29-at-09-18-07-2\/#main'><img loading=\"lazy\" decoding=\"async\" width=\"150\" height=\"150\" src=\"https:\/\/www.fundacionsancebrian.com\/portal\/wp-content\/uploads\/2024\/12\/WhatsApp-Image-2024-11-29-at-09.18.07-2-150x150.jpeg\" class=\"attachment-thumbnail size-thumbnail\" alt=\"\" aria-describedby=\"gallery-1-13177\" srcset=\"https:\/\/www.fundacionsancebrian.com\/portal\/wp-content\/uploads\/2024\/12\/WhatsApp-Image-2024-11-29-at-09.18.07-2-150x150.jpeg 150w, https:\/\/www.fundacionsancebrian.com\/portal\/wp-content\/uploads\/2024\/12\/WhatsApp-Image-2024-11-29-at-09.18.07-2-375x375.jpeg 375w\" sizes=\"(max-width: 150px) 100vw, 150px\" \/><\/a>\n\t\t\t<\/dt>\n\t\t\t\t<dd class='wp-caption-text gallery-caption' id='gallery-1-13177'>\n\t\t\t\tCampa\u00f1a Gui\u00f1os\n\t\t\t\t<\/dd><\/dl><br style=\"clear: both\" \/><dl class='gallery-item'>\n\t\t\t<dt class='gallery-icon portrait'>\n\t\t\t\t<a href='https:\/\/www.fundacionsancebrian.com\/portal\/3-de-diciembre-una-jornada-de-guinos-reivindicacion-y-mucho-arte\/whatsapp-image-2024-11-29-at-09-18-07\/#main'><img loading=\"lazy\" decoding=\"async\" width=\"150\" height=\"150\" src=\"https:\/\/www.fundacionsancebrian.com\/portal\/wp-content\/uploads\/2024\/12\/WhatsApp-Image-2024-11-29-at-09.18.07-150x150.jpeg\" class=\"attachment-thumbnail size-thumbnail\" alt=\"\" aria-describedby=\"gallery-1-13178\" srcset=\"https:\/\/www.fundacionsancebrian.com\/portal\/wp-content\/uploads\/2024\/12\/WhatsApp-Image-2024-11-29-at-09.18.07-150x150.jpeg 150w, https:\/\/www.fundacionsancebrian.com\/portal\/wp-content\/uploads\/2024\/12\/WhatsApp-Image-2024-11-29-at-09.18.07-375x375.jpeg 375w\" sizes=\"(max-width: 150px) 100vw, 150px\" \/><\/a>\n\t\t\t<\/dt>\n\t\t\t\t<dd class='wp-caption-text gallery-caption' id='gallery-1-13178'>\n\t\t\t\tCampa\u00f1a Gui\u00f1os\n\t\t\t\t<\/dd><\/dl><dl class='gallery-item'>\n\t\t\t<dt class='gallery-icon landscape'>\n\t\t\t\t<a href='https:\/\/www.fundacionsancebrian.com\/portal\/3-de-diciembre-una-jornada-de-guinos-reivindicacion-y-mucho-arte\/whatsapp-image-2024-11-28-at-09-05-10\/#main'><img loading=\"lazy\" decoding=\"async\" width=\"150\" height=\"150\" src=\"https:\/\/www.fundacionsancebrian.com\/portal\/wp-content\/uploads\/2024\/12\/WhatsApp-Image-2024-11-28-at-09.05.10-150x150.jpeg\" class=\"attachment-thumbnail size-thumbnail\" alt=\"\" aria-describedby=\"gallery-1-13179\" srcset=\"https:\/\/www.fundacionsancebrian.com\/portal\/wp-content\/uploads\/2024\/12\/WhatsApp-Image-2024-11-28-at-09.05.10-150x150.jpeg 150w, https:\/\/www.fundacionsancebrian.com\/portal\/wp-content\/uploads\/2024\/12\/WhatsApp-Image-2024-11-28-at-09.05.10-375x375.jpeg 375w\" sizes=\"(max-width: 150px) 100vw, 150px\" \/><\/a>\n\t\t\t<\/dt>\n\t\t\t\t<dd class='wp-caption-text gallery-caption' id='gallery-1-13179'>\n\t\t\t\tCampa\u00f1a Gui\u00f1os\n\t\t\t\t<\/dd><\/dl><dl class='gallery-item'>\n\t\t\t<dt class='gallery-icon portrait'>\n\t\t\t\t<a href='https:\/\/www.fundacionsancebrian.com\/portal\/3-de-diciembre-una-jornada-de-guinos-reivindicacion-y-mucho-arte\/whatsapp-image-2024-12-03-at-10-29-44\/#main'><img loading=\"lazy\" decoding=\"async\" width=\"150\" height=\"150\" src=\"https:\/\/www.fundacionsancebrian.com\/portal\/wp-content\/uploads\/2024\/12\/WhatsApp-Image-2024-12-03-at-10.29.44-150x150.jpeg\" class=\"attachment-thumbnail size-thumbnail\" alt=\"\" aria-describedby=\"gallery-1-13180\" srcset=\"https:\/\/www.fundacionsancebrian.com\/portal\/wp-content\/uploads\/2024\/12\/WhatsApp-Image-2024-12-03-at-10.29.44-150x150.jpeg 150w, https:\/\/www.fundacionsancebrian.com\/portal\/wp-content\/uploads\/2024\/12\/WhatsApp-Image-2024-12-03-at-10.29.44-375x375.jpeg 375w\" sizes=\"(max-width: 150px) 100vw, 150px\" \/><\/a>\n\t\t\t<\/dt>\n\t\t\t\t<dd class='wp-caption-text gallery-caption' id='gallery-1-13180'>\n\t\t\t\tCampa\u00f1a Gui\u00f1os\n\t\t\t\t<\/dd><\/dl><dl class='gallery-item'>\n\t\t\t<dt class='gallery-icon landscape'>\n\t\t\t\t<a href='https:\/\/www.fundacionsancebrian.com\/portal\/whatsapp-image-2024-12-03-at-18-46-51-copia\/'><img loading=\"lazy\" decoding=\"async\" width=\"150\" height=\"150\" src=\"https:\/\/www.fundacionsancebrian.com\/portal\/wp-content\/uploads\/2024\/12\/WhatsApp-Image-2024-12-03-at-18.46.51-copia-150x150.jpeg\" class=\"attachment-thumbnail size-thumbnail\" alt=\"\" aria-describedby=\"gallery-1-13169\" srcset=\"https:\/\/www.fundacionsancebrian.com\/portal\/wp-content\/uploads\/2024\/12\/WhatsApp-Image-2024-12-03-at-18.46.51-copia-150x150.jpeg 150w, https:\/\/www.fundacionsancebrian.com\/portal\/wp-content\/uploads\/2024\/12\/WhatsApp-Image-2024-12-03-at-18.46.51-copia-375x375.jpeg 375w\" sizes=\"(max-width: 150px) 100vw, 150px\" \/><\/a>\n\t\t\t<\/dt>\n\t\t\t\t<dd class='wp-caption-text gallery-caption' id='gallery-1-13169'>\n\t\t\t\tExposici\u00f3n en Carri\u00f3n de los Condes\n\t\t\t\t<\/dd><\/dl><br style=\"clear: both\" \/><dl class='gallery-item'>\n\t\t\t<dt class='gallery-icon landscape'>\n\t\t\t\t<a href='https:\/\/www.fundacionsancebrian.com\/portal\/3-de-diciembre-una-jornada-de-guinos-reivindicacion-y-mucho-arte\/whatsapp-image-2024-12-02-at-16-19-37-4-2\/#main'><img loading=\"lazy\" decoding=\"async\" width=\"150\" height=\"150\" src=\"https:\/\/www.fundacionsancebrian.com\/portal\/wp-content\/uploads\/2024\/12\/WhatsApp-Image-2024-12-02-at-16.19.37-4-1-150x150.jpeg\" class=\"attachment-thumbnail size-thumbnail\" alt=\"\" aria-describedby=\"gallery-1-13168\" srcset=\"https:\/\/www.fundacionsancebrian.com\/portal\/wp-content\/uploads\/2024\/12\/WhatsApp-Image-2024-12-02-at-16.19.37-4-1-150x150.jpeg 150w, https:\/\/www.fundacionsancebrian.com\/portal\/wp-content\/uploads\/2024\/12\/WhatsApp-Image-2024-12-02-at-16.19.37-4-1-375x375.jpeg 375w\" sizes=\"(max-width: 150px) 100vw, 150px\" \/><\/a>\n\t\t\t<\/dt>\n\t\t\t\t<dd class='wp-caption-text gallery-caption' id='gallery-1-13168'>\n\t\t\t\tActo en la UVA\n\t\t\t\t<\/dd><\/dl>\n\t\t\t<br style='clear: both' \/>\n\t\t<\/div>\n\n<\/div>\n<\/div>\n<\/div><\/div><\/div><\/div><\/div>","protected":false},"excerpt":{"rendered":"<p>D\u00eda Internacional de la Discapacidad. El Grupo Fundaci\u00f3n San Cebri\u00e1n organiz\u00f3 muchas actividades para el D\u00eda Internacional de la Discapacidad que fue el 3 de diciembre. Estas actividades son para dar a conocer a la sociedad la discapacidad y visibilizar el talento y las capacidades de las personas con discapacidad. Principales actividades: Campa\u00f1a #gui\u00f1oaladiscapacidad: Esta [&hellip;]<\/p>\n","protected":false},"author":1,"featured_media":13167,"comment_status":"closed","ping_status":"open","sticky":false,"template":"","format":"standard","meta":{"_seopress_robots_primary_cat":"none","_seopress_titles_title":"","_seopress_titles_desc":"","_seopress_robots_index":"","_eb_attr":"","footnotes":""},"categories":[8],"tags":[],"class_list":["post-13154","post","type-post","status-publish","format-standard","has-post-thumbnail","hentry","category-noticias","post-with-thumbnail","post-with-thumbnail-icon"],"_links":{"self":[{"href":"https:\/\/www.fundacionsancebrian.com\/portal\/wp-json\/wp\/v2\/posts\/13154","targetHints":{"allow":["GET"]}}],"collection":[{"href":"https:\/\/www.fundacionsancebrian.com\/portal\/wp-json\/wp\/v2\/posts"}],"about":[{"href":"https:\/\/www.fundacionsancebrian.com\/portal\/wp-json\/wp\/v2\/types\/post"}],"author":[{"embeddable":true,"href":"https:\/\/www.fundacionsancebrian.com\/portal\/wp-json\/wp\/v2\/users\/1"}],"replies":[{"embeddable":true,"href":"https:\/\/www.fundacionsancebrian.com\/portal\/wp-json\/wp\/v2\/comments?post=13154"}],"version-history":[{"count":6,"href":"https:\/\/www.fundacionsancebrian.com\/portal\/wp-json\/wp\/v2\/posts\/13154\/revisions"}],"predecessor-version":[{"id":13183,"href":"https:\/\/www.fundacionsancebrian.com\/portal\/wp-json\/wp\/v2\/posts\/13154\/revisions\/13183"}],"wp:featuredmedia":[{"embeddable":true,"href":"https:\/\/www.fundacionsancebrian.com\/portal\/wp-json\/wp\/v2\/media\/13167"}],"wp:attachment":[{"href":"https:\/\/www.fundacionsancebrian.com\/portal\/wp-json\/wp\/v2\/media?parent=13154"}],"wp:term":[{"taxonomy":"category","embeddable":true,"href":"https:\/\/www.fundacionsancebrian.com\/portal\/wp-json\/wp\/v2\/categories?post=13154"},{"taxonomy":"post_tag","embeddable":true,"href":"https:\/\/www.fundacionsancebrian.com\/portal\/wp-json\/wp\/v2\/tags?post=13154"}],"curies":[{"name":"wp","href":"https:\/\/api.w.org\/{rel}","templated":true}]}}