{"id":13200,"date":"2024-12-10T12:04:54","date_gmt":"2024-12-10T11:04:54","guid":{"rendered":"https:\/\/www.fundacionsancebrian.com\/portal\/?p=13200"},"modified":"2024-12-11T10:13:27","modified_gmt":"2024-12-11T09:13:27","slug":"la-fundacion-san-cebrian-avanza-y-mejora-en-sus-servicios-de-apoyo-a-las-personas-obteniendo-el-sello-efqm-500","status":"publish","type":"post","link":"https:\/\/www.fundacionsancebrian.com\/portal\/la-fundacion-san-cebrian-avanza-y-mejora-en-sus-servicios-de-apoyo-a-las-personas-obteniendo-el-sello-efqm-500\/","title":{"rendered":"La Fundaci\u00f3n San Cebri\u00e1n avanza y mejora en sus servicios de apoyo a las personas, obteniendo el Sello EFQM 500"},"content":{"rendered":"<div id=\"pl-13200\"  class=\"panel-layout\" ><div id=\"pg-13200-0\"  class=\"panel-grid panel-no-style\" ><div id=\"pgc-13200-0-0\"  class=\"panel-grid-cell panel-grid-cell-mobile-last\" ><div id=\"panel-13200-0-0-0\" class=\"so-panel widget widget_sow-image panel-first-child\" data-index=\"0\" ><div class=\"panel-widget-style panel-widget-style-for-13200-0-0-0\" ><div\n\t\t\t\n\t\t\tclass=\"so-widget-sow-image so-widget-sow-image-default-4e6925654b7a-13200\"\n\t\t\t\n\t\t>\n<div class=\"sow-image-container\">\n\t\t<img \n\tsrc=\"https:\/\/www.fundacionsancebrian.com\/portal\/wp-content\/uploads\/2024\/05\/Lecturafacil1.png\" width=\"250\" height=\"50\" sizes=\"(max-width: 250px) 100vw, 250px\" alt=\"\" \t\tclass=\"so-widget-image\"\/>\n\t<\/div>\n\n<\/div><\/div><\/div><div id=\"panel-13200-0-0-1\" class=\"so-panel widget widget_sow-editor panel-last-child\" data-index=\"1\" ><div class=\"panel-widget-style panel-widget-style-for-13200-0-0-1\" ><div\n\t\t\t\n\t\t\tclass=\"so-widget-sow-editor so-widget-sow-editor-base\"\n\t\t\t\n\t\t>\n<div class=\"siteorigin-widget-tinymce textwidget\">\n\t<div style=\"font-size: 18px; line-height: 1.8em; font-family: Arial;\">\n<p><strong>Sello de calidad EFQM.<\/strong><\/p>\n<p>La Fundaci\u00f3n San Cebri\u00e1n alcanz\u00f3 500 puntos<br \/>\nen la certificaci\u00f3n de calidad EFQM.<br \/>\nEFQM significa Fundaci\u00f3n Europea para la Gesti\u00f3n de la Calidad.<\/p>\n<p>La certificaci\u00f3n de calidad EFQM<br \/>\nes un reconocimiento que tienen las organizaciones<br \/>\nque son excelentes en su forma de trabajar.<\/p>\n<p>La Fundaci\u00f3n San Cebri\u00e1n antes tenia 400 puntos<br \/>\ny ahora tiene 500.<br \/>\nEs decir, el nivel m\u00e1s alto.<\/p>\n<p>Esto es gracias al esfuerzo y compromiso de todos vosotros.<br \/>\nEnhorabuena a todos.<\/p>\n<\/div>\n<\/div>\n<\/div><\/div><\/div><\/div><div id=\"pgc-13200-0-1\"  class=\"panel-grid-cell panel-grid-cell-empty\" ><\/div><\/div><div id=\"pg-13200-1\"  class=\"panel-grid panel-no-style\" ><div id=\"pgc-13200-1-0\"  class=\"panel-grid-cell\" ><div id=\"panel-13200-1-0-0\" class=\"so-panel widget widget_sow-editor panel-first-child panel-last-child\" data-index=\"2\" ><div\n\t\t\t\n\t\t\tclass=\"so-widget-sow-editor so-widget-sow-editor-base\"\n\t\t\t\n\t\t><h3 class=\"widget-title\">La entidad social obtiene este nuevo reconocimiento otorgado por el Club Excelencia en Gesti\u00f3n.<\/h3>\n<div class=\"siteorigin-widget-tinymce textwidget\">\n\t<p>La Fundaci\u00f3n San Cebri\u00e1n <em>ha conseguido el <\/em><a href=\"https:\/\/clubexcelencia.org\/index.php\/servicios\/reconocimiento-y-premios\"><em>Sello<\/em><\/a> <a href=\"https:\/\/clubexcelencia.org\/index.php\/servicios\/reconocimiento-y-premios\"><em>EFQM 500<\/em><\/a><em>, <\/em>uno de los m\u00e1ximos reconocimientos que otorga el <a href=\"http:\/\/www.clubexcelencia.org\/\">Club Excelencia en<\/a> <a href=\"http:\/\/www.clubexcelencia.org\/\">Gesti\u00f3n<\/a>, gracias a su apuesta por la innovaci\u00f3n y la creaci\u00f3n de nuevas herramientas para facilitar los procesos con sus grupos de inter\u00e9s.<\/p>\n<p><em><a href=\"https:\/\/www.fundacionsancebrian.com\/portal\/wp-content\/uploads\/2024\/12\/Equipo-guia-con-los-evaluadores-Sello-Calidad-EFQM.jpg\"><img fetchpriority=\"high\" fetchpriority=\"high\" decoding=\"async\" class=\"alignright wp-image-13203 size-medium\" src=\"https:\/\/www.fundacionsancebrian.com\/portal\/wp-content\/uploads\/2024\/12\/Equipo-guia-con-los-evaluadores-Sello-Calidad-EFQM-300x169.jpg\" alt=\"\" width=\"300\" height=\"169\" srcset=\"https:\/\/www.fundacionsancebrian.com\/portal\/wp-content\/uploads\/2024\/12\/Equipo-guia-con-los-evaluadores-Sello-Calidad-EFQM-300x169.jpg 300w, https:\/\/www.fundacionsancebrian.com\/portal\/wp-content\/uploads\/2024\/12\/Equipo-guia-con-los-evaluadores-Sello-Calidad-EFQM-1024x577.jpg 1024w, https:\/\/www.fundacionsancebrian.com\/portal\/wp-content\/uploads\/2024\/12\/Equipo-guia-con-los-evaluadores-Sello-Calidad-EFQM-768x433.jpg 768w, https:\/\/www.fundacionsancebrian.com\/portal\/wp-content\/uploads\/2024\/12\/Equipo-guia-con-los-evaluadores-Sello-Calidad-EFQM-1536x865.jpg 1536w, https:\/\/www.fundacionsancebrian.com\/portal\/wp-content\/uploads\/2024\/12\/Equipo-guia-con-los-evaluadores-Sello-Calidad-EFQM.jpg 2047w\" sizes=\"(max-width: 300px) 100vw, 300px\" \/><\/a>\u201cEste resultado supone un avance muy importante, superando los 400 puntos que ten\u00edamos hasta ahora, y es fruto directo del esfuerzo, el compromiso y la implicaci\u00f3n de cada una de las personas que forman parte de nuestra entidad\u201d, <\/em>apunt\u00f3 la Gerente, Eva del R\u00edo<em>, <\/em>quien destac\u00f3 que <em>\u201ceste logro no es un punto final, sino un paso m\u00e1s en el camino que estamos recorriendo para alcanzar nuestras metas\u201d.<\/em><\/p>\n<p>Fundaci\u00f3n San Cebri\u00e1n se convierte as\u00ed en una de las organizaciones que entran a formar parte de las entidades espa\u00f1olas y organizaciones de apoyo que actualmente cuentan con este distintivo. Con este sello, Fundaci\u00f3n San Cebri\u00e1n refuerza su clara orientaci\u00f3n a las personas, mediante un enfoque individualizado y personalizado, centr\u00e1ndose en el apoyo a sus expectativas de vida e intereses.<\/p>\n<p>El Sello EFQM es la \u00fanica certificaci\u00f3n internacional que reconoce la gesti\u00f3n excelente, innovadora y sostenible de las organizaciones. Se trata de la herramienta ideal para medir y acelerar la transformaci\u00f3n de una organizaci\u00f3n, ya que permite descubrir puntos fuertes y aprovechar oportunidades de mejora.<\/p>\n<\/div>\n<\/div><\/div><\/div><\/div><\/div>","protected":false},"excerpt":{"rendered":"<p>Sello de calidad EFQM. La Fundaci\u00f3n San Cebri\u00e1n alcanz\u00f3 500 puntos en la certificaci\u00f3n de calidad EFQM. EFQM significa Fundaci\u00f3n Europea para la Gesti\u00f3n de la Calidad. La certificaci\u00f3n de calidad EFQM es un reconocimiento que tienen las organizaciones que son excelentes en su forma de trabajar. La Fundaci\u00f3n San Cebri\u00e1n antes tenia 400 puntos [&hellip;]<\/p>\n","protected":false},"author":1,"featured_media":13203,"comment_status":"closed","ping_status":"open","sticky":false,"template":"","format":"standard","meta":{"_seopress_robots_primary_cat":"none","_seopress_titles_title":"","_seopress_titles_desc":"","_seopress_robots_index":"","_eb_attr":"","footnotes":""},"categories":[8],"tags":[],"class_list":["post-13200","post","type-post","status-publish","format-standard","has-post-thumbnail","hentry","category-noticias","post-with-thumbnail","post-with-thumbnail-icon"],"_links":{"self":[{"href":"https:\/\/www.fundacionsancebrian.com\/portal\/wp-json\/wp\/v2\/posts\/13200","targetHints":{"allow":["GET"]}}],"collection":[{"href":"https:\/\/www.fundacionsancebrian.com\/portal\/wp-json\/wp\/v2\/posts"}],"about":[{"href":"https:\/\/www.fundacionsancebrian.com\/portal\/wp-json\/wp\/v2\/types\/post"}],"author":[{"embeddable":true,"href":"https:\/\/www.fundacionsancebrian.com\/portal\/wp-json\/wp\/v2\/users\/1"}],"replies":[{"embeddable":true,"href":"https:\/\/www.fundacionsancebrian.com\/portal\/wp-json\/wp\/v2\/comments?post=13200"}],"version-history":[{"count":4,"href":"https:\/\/www.fundacionsancebrian.com\/portal\/wp-json\/wp\/v2\/posts\/13200\/revisions"}],"predecessor-version":[{"id":13207,"href":"https:\/\/www.fundacionsancebrian.com\/portal\/wp-json\/wp\/v2\/posts\/13200\/revisions\/13207"}],"wp:featuredmedia":[{"embeddable":true,"href":"https:\/\/www.fundacionsancebrian.com\/portal\/wp-json\/wp\/v2\/media\/13203"}],"wp:attachment":[{"href":"https:\/\/www.fundacionsancebrian.com\/portal\/wp-json\/wp\/v2\/media?parent=13200"}],"wp:term":[{"taxonomy":"category","embeddable":true,"href":"https:\/\/www.fundacionsancebrian.com\/portal\/wp-json\/wp\/v2\/categories?post=13200"},{"taxonomy":"post_tag","embeddable":true,"href":"https:\/\/www.fundacionsancebrian.com\/portal\/wp-json\/wp\/v2\/tags?post=13200"}],"curies":[{"name":"wp","href":"https:\/\/api.w.org\/{rel}","templated":true}]}}