{"id":13210,"date":"2024-12-18T14:07:23","date_gmt":"2024-12-18T13:07:23","guid":{"rendered":"https:\/\/www.fundacionsancebrian.com\/portal\/?p=13210"},"modified":"2024-12-18T16:00:52","modified_gmt":"2024-12-18T15:00:52","slug":"el-grupo-fundacion-san-cebrian-presenta-su-calendario-2025-con-12-fotos-de-pelicula","status":"publish","type":"post","link":"https:\/\/www.fundacionsancebrian.com\/portal\/el-grupo-fundacion-san-cebrian-presenta-su-calendario-2025-con-12-fotos-de-pelicula\/","title":{"rendered":"El Grupo Fundaci\u00f3n San Cebri\u00e1n presenta su Calendario 2025 con 12 fotos de \u2018pel\u00edcula\u2019"},"content":{"rendered":"<div id=\"pl-13210\"  class=\"panel-layout\" ><div id=\"pg-13210-0\"  class=\"panel-grid panel-no-style\" ><div id=\"pgc-13210-0-0\"  class=\"panel-grid-cell panel-grid-cell-mobile-last\" ><div id=\"panel-13210-0-0-0\" class=\"so-panel widget widget_sow-image panel-first-child\" data-index=\"0\" ><div class=\"panel-widget-style panel-widget-style-for-13210-0-0-0\" ><div\n\t\t\t\n\t\t\tclass=\"so-widget-sow-image so-widget-sow-image-default-4e6925654b7a-13210\"\n\t\t\t\n\t\t>\n<div class=\"sow-image-container\">\n\t\t<img \n\tsrc=\"https:\/\/www.fundacionsancebrian.com\/portal\/wp-content\/uploads\/2024\/05\/Lecturafacil1.png\" width=\"250\" height=\"50\" sizes=\"(max-width: 250px) 100vw, 250px\" alt=\"\" \t\tclass=\"so-widget-image\"\/>\n\t<\/div>\n\n<\/div><\/div><\/div><div id=\"panel-13210-0-0-1\" class=\"so-panel widget widget_sow-editor panel-last-child\" data-index=\"1\" ><div class=\"panel-widget-style panel-widget-style-for-13210-0-0-1\" ><div\n\t\t\t\n\t\t\tclass=\"so-widget-sow-editor so-widget-sow-editor-base\"\n\t\t\t\n\t\t>\n<div class=\"siteorigin-widget-tinymce textwidget\">\n\t<div style=\"font-size: 18px; line-height: 1.8em; font-family: Arial;\">\n<p><strong>Calendario 2025.<\/strong><\/p>\n<p>El Grupo Fundaci\u00f3n San Cebri\u00e1n present\u00f3 su Calendario 2025 en el Cine Ortega<br \/>\nEl calendario se titula \u2018Un a\u00f1o de pel\u00edcula\u2019.<\/p>\n<p>Las fotos del calendario imitan carteles de cine.<br \/>\nY usando de ejemplo pel\u00edculas famosas<br \/>\nense\u00f1a valores como inclusi\u00f3n, diversidad,<br \/>\nautonom\u00eda y amistad.<\/p>\n<p>En la presentaci\u00f3n participaron las personas que han hecho el calendario.<\/p>\n<p>El calendario tiene un gran trabajo en fotograf\u00eda, maquillaje y dise\u00f1o,<br \/>\nrealizado por los trabajadores Christian Ant\u00f3n e Ireneo Mart\u00edn.<\/p>\n<p>Eva del R\u00edo la gerente de la fundaci\u00f3n<br \/>\ndijo este proyecto busca emocionar<br \/>\ny transmitir historias que inspiran cada d\u00eda del a\u00f1o.<\/p>\n<\/div>\n<\/div>\n<\/div><\/div><\/div><\/div><div id=\"pgc-13210-0-1\"  class=\"panel-grid-cell panel-grid-cell-empty\" ><\/div><\/div><div id=\"pg-13210-1\"  class=\"panel-grid panel-no-style\" ><div id=\"pgc-13210-1-0\"  class=\"panel-grid-cell\" ><div id=\"panel-13210-1-0-0\" class=\"so-panel widget widget_sow-editor panel-first-child panel-last-child\" data-index=\"2\" ><div\n\t\t\t\n\t\t\tclass=\"so-widget-sow-editor so-widget-sow-editor-base\"\n\t\t\t\n\t\t><h3 class=\"widget-title\">El calendario \u2018Un a\u00f1o de pel\u00edcula\u2019 est\u00e1 compuesto por 12 fotos de carteles de pel\u00edculas conocidas como \u2018Solo en casa\u2019, \u2018Titanic\u2019, \u2018Taxi Driver\u2019, \u2018Casablanca\u2019, \u2018El Padrino\u2019, \u2018Forrest Gump\u2019\u2026<\/h3>\n<div class=\"siteorigin-widget-tinymce textwidget\">\n\t<p>El Grupo Fundaci\u00f3n San Cebri\u00e1n ha presentado esta ma\u00f1ana el Calendario 2025, bajo el t\u00edtulo <em>\u2018Un a\u00f1o de pel\u00edcula\u2019<\/em><em>. <\/em>El 2025 ser\u00e1 un a\u00f1o de cambios para la entidad social y por ello \u201c<em>hemos querido dedicar el calendario a las pel\u00edculas, porque ser\u00e1 un a\u00f1o de pel\u00edcula\u201d,<\/em> apuntaron durante la presentaci\u00f3n del calendario.<\/p>\n<p><a href=\"https:\/\/www.fundacionsancebrian.com\/portal\/wp-content\/uploads\/2024\/12\/Imagen-de-la-presentacion.jpg\"><img fetchpriority=\"high\" fetchpriority=\"high\" decoding=\"async\" class=\"alignright wp-image-13217\" src=\"https:\/\/www.fundacionsancebrian.com\/portal\/wp-content\/uploads\/2024\/12\/Imagen-de-la-presentacion-300x200.jpg\" alt=\"\" width=\"450\" height=\"299\" srcset=\"https:\/\/www.fundacionsancebrian.com\/portal\/wp-content\/uploads\/2024\/12\/Imagen-de-la-presentacion-300x200.jpg 300w, https:\/\/www.fundacionsancebrian.com\/portal\/wp-content\/uploads\/2024\/12\/Imagen-de-la-presentacion-1024x681.jpg 1024w, https:\/\/www.fundacionsancebrian.com\/portal\/wp-content\/uploads\/2024\/12\/Imagen-de-la-presentacion-768x511.jpg 768w, https:\/\/www.fundacionsancebrian.com\/portal\/wp-content\/uploads\/2024\/12\/Imagen-de-la-presentacion-600x400.jpg 600w, https:\/\/www.fundacionsancebrian.com\/portal\/wp-content\/uploads\/2024\/12\/Imagen-de-la-presentacion-1536x1022.jpg 1536w, https:\/\/www.fundacionsancebrian.com\/portal\/wp-content\/uploads\/2024\/12\/Imagen-de-la-presentacion-272x182.jpg 272w, https:\/\/www.fundacionsancebrian.com\/portal\/wp-content\/uploads\/2024\/12\/Imagen-de-la-presentacion-720x480.jpg 720w, https:\/\/www.fundacionsancebrian.com\/portal\/wp-content\/uploads\/2024\/12\/Imagen-de-la-presentacion-950x630.jpg 950w, https:\/\/www.fundacionsancebrian.com\/portal\/wp-content\/uploads\/2024\/12\/Imagen-de-la-presentacion.jpg 2048w\" sizes=\"(max-width: 450px) 100vw, 450px\" \/><\/a>Una presentaci\u00f3n que ha tenido lugar el Cine Ortega con la presencia de algunos de los autores de pel\u00edcula, como Pedro Quintana -en su papel de ladr\u00f3n en la pel\u00edcula de \u2018<em>Solo en casa\u2019<\/em>; Alfredo Sebasti\u00e1n- en su papel de <em>Forest Gump<\/em>-, y Mar\u00eda Jes\u00fas de la Cruz y Covadonga Sobero en su papel de <em>Thelma y Louise<\/em>; acompa\u00f1ados de la gerente de la entidad, Eva del R\u00edo.<\/p>\n<p>Durante la presentaci\u00f3n del Calendario <em>\u2018Un a\u00f1o de pel\u00edcula\u2019<\/em> del que se han editado 400 ejemplares, y que ya est\u00e1n a la venta, se ha puesto de manifiesto \u201c<em>el gran trabajo de todas las personas para sacar adelante este calendario, que cada a\u00f1o es especial e innovador porque detr\u00e1s de cada p\u00e1gina hay muchas personas trabajando, para que el maquillaje sea el adecuado, la postura, el tratamiento de la foto<\/em>\u2026\u201d, puntualiz\u00f3 la gerente, Eva del R\u00edo, durante la presentaci\u00f3n.<\/p>\n<p>\u201c<em>El cine nos emociona, nos inspira y nos cuenta historias y eso mismo hemos querido trasladar a este calendario. Cada mes, a trav\u00e9s una pel\u00edcula, se transmite un mensaje: Oportunidades, inclusi\u00f3n, diversidad, autonom\u00eda, comunidad, superaci\u00f3n, amistad\u2026 ideas fuerza que nos inspiran cada d\u00eda del a\u00f1o\u201d, <\/em>apunt\u00f3 Eva del R\u00edo.<\/p>\n<p>\u201c<em>La pel\u00edcula de \u2018S\u00f3lo en casa\u2019 la he visto mucha veces \u00a0y adem\u00e1s es una tradici\u00f3n ver esta pel\u00edcula en Navidad. De ladr\u00f3n y pillo, lo que interpreto en el cartel, la verdad que no tengo mucho pero s\u00ed me identifico con la filosof\u00eda de la pel\u00edcula, ya que es necesario ser ingenioso y buscar formas para mejorar en la vida; y estas dos cosas s\u00ed que las pr\u00e1ctico<\/em>\u201d, afirm\u00f3 Pedro Quintana, que interpreta el papel de ladr\u00f3n en el cartel de la pel\u00edcula \u2018Solo en casa\u2019.<\/p>\n<p>Y por su parte, Mar\u00eda Jes\u00fas de la Cruz y Covadonga Sobero apuntaron que<\/p>\n<p><em>\u201ca Thelma y a Louis las un\u00eda una fuerte amistad y a nosotras tambi\u00e9n.<\/em><\/p>\n<p><em>Relacionado con la pel\u00edcula nosotras tambi\u00e9n buscamos una vida m\u00e1s plena y aut\u00f3noma y aqu\u00ed, en el Grupo Fundaci\u00f3n San Cebri\u00e1n la hemos encontrado\u201d<\/em><\/p>\n<p>Las fotograf\u00edas han sido realizadas por los trabajadores de la entidad, Christian Ant\u00f3n e Ireneo Mart\u00edn.<\/p>\n<p>&nbsp;<\/p>\n<p>El Calendario, del que se han editado 400 ejemplares ya puede adquirirse en las distintas sedes del Grupo Fundaci\u00f3n San Cebri\u00e1n:<\/p>\n<p>-Sede Grupo en Palencia. Plaza Juan XXIII, 5 Bajo<\/p>\n<p>-Centro de Vida Independiente Fidel Ramos en Palencia.<\/p>\n<p>- Sede San Cebri\u00e1n de Campos<\/p>\n<p>-Sede Fr\u00f3mista<\/p>\n<p>-Sede Carri\u00f3n de los Condes.<\/p>\n<p>-Espacio Abierto. Villamuriel de Cerrato.<\/p>\n<p>El precio de venta del calendario es de 5 euros y la recaudaci\u00f3n ir\u00e1 destinada a sufragar parte de los gastos de la impresi\u00f3n y a seguir apostando por una mejora calidad de vida de las personas.<\/p>\n\n\t\t<style type=\"text\/css\">\n\t\t\t#gallery-1 {\n\t\t\t\tmargin: auto;\n\t\t\t}\n\t\t\t#gallery-1 .gallery-item {\n\t\t\t\tfloat: left;\n\t\t\t\tmargin-top: 10px;\n\t\t\t\ttext-align: center;\n\t\t\t\twidth: 33%;\n\t\t\t}\n\t\t\t#gallery-1 img {\n\t\t\t\tborder: 2px solid #cfcfcf;\n\t\t\t}\n\t\t\t#gallery-1 .gallery-caption {\n\t\t\t\tmargin-left: 0;\n\t\t\t}\n\t\t\t\/* see gallery_shortcode() in wp-includes\/media.php *\/\n\t\t<\/style>\n\t\t<div id='gallery-1' class='gallery galleryid-13210 gallery-columns-3 gallery-size-thumbnail'><dl class='gallery-item'>\n\t\t\t<dt class='gallery-icon portrait'>\n\t\t\t\t<a href='https:\/\/www.fundacionsancebrian.com\/portal\/el-grupo-fundacion-san-cebrian-presenta-su-calendario-2025-con-12-fotos-de-pelicula\/20241218_115519\/#main'><img decoding=\"async\" width=\"150\" height=\"150\" src=\"https:\/\/www.fundacionsancebrian.com\/portal\/wp-content\/uploads\/2024\/12\/20241218_115519-150x150.jpg\" class=\"attachment-thumbnail size-thumbnail\" alt=\"\" aria-describedby=\"gallery-1-13219\" srcset=\"https:\/\/www.fundacionsancebrian.com\/portal\/wp-content\/uploads\/2024\/12\/20241218_115519-150x150.jpg 150w, https:\/\/www.fundacionsancebrian.com\/portal\/wp-content\/uploads\/2024\/12\/20241218_115519-375x375.jpg 375w\" sizes=\"(max-width: 150px) 100vw, 150px\" \/><\/a>\n\t\t\t<\/dt>\n\t\t\t\t<dd class='wp-caption-text gallery-caption' id='gallery-1-13219'>\n\t\t\t\tMirando el Calendario\n\t\t\t\t<\/dd><\/dl><dl class='gallery-item'>\n\t\t\t<dt class='gallery-icon landscape'>\n\t\t\t\t<a href='https:\/\/www.fundacionsancebrian.com\/portal\/el-grupo-fundacion-san-cebrian-presenta-su-calendario-2025-con-12-fotos-de-pelicula\/54212499813_5e9d91e31a_k\/#main'><img loading=\"lazy\" decoding=\"async\" width=\"150\" height=\"150\" src=\"https:\/\/www.fundacionsancebrian.com\/portal\/wp-content\/uploads\/2024\/12\/54212499813_5e9d91e31a_k-150x150.jpg\" class=\"attachment-thumbnail size-thumbnail\" alt=\"\" aria-describedby=\"gallery-1-13218\" srcset=\"https:\/\/www.fundacionsancebrian.com\/portal\/wp-content\/uploads\/2024\/12\/54212499813_5e9d91e31a_k-150x150.jpg 150w, https:\/\/www.fundacionsancebrian.com\/portal\/wp-content\/uploads\/2024\/12\/54212499813_5e9d91e31a_k-375x375.jpg 375w\" sizes=\"(max-width: 150px) 100vw, 150px\" \/><\/a>\n\t\t\t<\/dt>\n\t\t\t\t<dd class='wp-caption-text gallery-caption' id='gallery-1-13218'>\n\t\t\t\tFoto de todos los asistentes a la presentaci\u00f3n del Calendario\n\t\t\t\t<\/dd><\/dl><dl class='gallery-item'>\n\t\t\t<dt class='gallery-icon landscape'>\n\t\t\t\t<a href='https:\/\/www.fundacionsancebrian.com\/portal\/el-grupo-fundacion-san-cebrian-presenta-su-calendario-2025-con-12-fotos-de-pelicula\/imagen-de-la-presentacion\/#main'><img loading=\"lazy\" decoding=\"async\" width=\"150\" height=\"150\" src=\"https:\/\/www.fundacionsancebrian.com\/portal\/wp-content\/uploads\/2024\/12\/Imagen-de-la-presentacion-150x150.jpg\" class=\"attachment-thumbnail size-thumbnail\" alt=\"\" aria-describedby=\"gallery-1-13217\" srcset=\"https:\/\/www.fundacionsancebrian.com\/portal\/wp-content\/uploads\/2024\/12\/Imagen-de-la-presentacion-150x150.jpg 150w, https:\/\/www.fundacionsancebrian.com\/portal\/wp-content\/uploads\/2024\/12\/Imagen-de-la-presentacion-375x375.jpg 375w\" sizes=\"(max-width: 150px) 100vw, 150px\" \/><\/a>\n\t\t\t<\/dt>\n\t\t\t\t<dd class='wp-caption-text gallery-caption' id='gallery-1-13217'>\n\t\t\t\tLa gerente junto a algunos de los protagonistas\n\t\t\t\t<\/dd><\/dl><br style=\"clear: both\" \/><dl class='gallery-item'>\n\t\t\t<dt class='gallery-icon portrait'>\n\t\t\t\t<a href='https:\/\/www.fundacionsancebrian.com\/portal\/el-grupo-fundacion-san-cebrian-presenta-su-calendario-2025-con-12-fotos-de-pelicula\/alfredo-sebastian-junto-a-eva-del-rio-durante-la-presentacion\/#main'><img loading=\"lazy\" decoding=\"async\" width=\"150\" height=\"150\" src=\"https:\/\/www.fundacionsancebrian.com\/portal\/wp-content\/uploads\/2024\/12\/Alfredo-Sebastian-junto-a-Eva-del-Rio-durante-la-presentacion-150x150.jpg\" class=\"attachment-thumbnail size-thumbnail\" alt=\"\" aria-describedby=\"gallery-1-13216\" srcset=\"https:\/\/www.fundacionsancebrian.com\/portal\/wp-content\/uploads\/2024\/12\/Alfredo-Sebastian-junto-a-Eva-del-Rio-durante-la-presentacion-150x150.jpg 150w, https:\/\/www.fundacionsancebrian.com\/portal\/wp-content\/uploads\/2024\/12\/Alfredo-Sebastian-junto-a-Eva-del-Rio-durante-la-presentacion-375x375.jpg 375w\" sizes=\"(max-width: 150px) 100vw, 150px\" \/><\/a>\n\t\t\t<\/dt>\n\t\t\t\t<dd class='wp-caption-text gallery-caption' id='gallery-1-13216'>\n\t\t\t\tAlfredo Sebasti\u00e1n\n\t\t\t\t<\/dd><\/dl><dl class='gallery-item'>\n\t\t\t<dt class='gallery-icon portrait'>\n\t\t\t\t<a href='https:\/\/www.fundacionsancebrian.com\/portal\/el-grupo-fundacion-san-cebrian-presenta-su-calendario-2025-con-12-fotos-de-pelicula\/20241218_112842-1\/#main'><img loading=\"lazy\" decoding=\"async\" width=\"150\" height=\"150\" src=\"https:\/\/www.fundacionsancebrian.com\/portal\/wp-content\/uploads\/2024\/12\/20241218_112842-1-150x150.jpg\" class=\"attachment-thumbnail size-thumbnail\" alt=\"\" aria-describedby=\"gallery-1-13215\" srcset=\"https:\/\/www.fundacionsancebrian.com\/portal\/wp-content\/uploads\/2024\/12\/20241218_112842-1-150x150.jpg 150w, https:\/\/www.fundacionsancebrian.com\/portal\/wp-content\/uploads\/2024\/12\/20241218_112842-1-375x375.jpg 375w\" sizes=\"(max-width: 150px) 100vw, 150px\" \/><\/a>\n\t\t\t<\/dt>\n\t\t\t\t<dd class='wp-caption-text gallery-caption' id='gallery-1-13215'>\n\t\t\t\tMar\u00eda Jes\u00fas de la Cruz\n\t\t\t\t<\/dd><\/dl><dl class='gallery-item'>\n\t\t\t<dt class='gallery-icon portrait'>\n\t\t\t\t<a href='https:\/\/www.fundacionsancebrian.com\/portal\/el-grupo-fundacion-san-cebrian-presenta-su-calendario-2025-con-12-fotos-de-pelicula\/alfredo-sebastian-con-su-imagen-de-la-pelicula-forest-gump\/#main'><img loading=\"lazy\" decoding=\"async\" width=\"150\" height=\"150\" src=\"https:\/\/www.fundacionsancebrian.com\/portal\/wp-content\/uploads\/2024\/12\/Alfredo-Sebastian-con-su-imagen-de-la-pelicula-Forest-Gump-150x150.jpg\" class=\"attachment-thumbnail size-thumbnail\" alt=\"\" aria-describedby=\"gallery-1-13214\" srcset=\"https:\/\/www.fundacionsancebrian.com\/portal\/wp-content\/uploads\/2024\/12\/Alfredo-Sebastian-con-su-imagen-de-la-pelicula-Forest-Gump-150x150.jpg 150w, https:\/\/www.fundacionsancebrian.com\/portal\/wp-content\/uploads\/2024\/12\/Alfredo-Sebastian-con-su-imagen-de-la-pelicula-Forest-Gump-375x375.jpg 375w\" sizes=\"(max-width: 150px) 100vw, 150px\" \/><\/a>\n\t\t\t<\/dt>\n\t\t\t\t<dd class='wp-caption-text gallery-caption' id='gallery-1-13214'>\n\t\t\t\tAlfredo Sebasti\u00e1n\n\t\t\t\t<\/dd><\/dl><br style=\"clear: both\" \/><dl class='gallery-item'>\n\t\t\t<dt class='gallery-icon portrait'>\n\t\t\t\t<a href='https:\/\/www.fundacionsancebrian.com\/portal\/el-grupo-fundacion-san-cebrian-presenta-su-calendario-2025-con-12-fotos-de-pelicula\/david-perez-con-su-imagen-de-la-pelicula-solo-en-casa\/#main'><img loading=\"lazy\" decoding=\"async\" width=\"150\" height=\"150\" src=\"https:\/\/www.fundacionsancebrian.com\/portal\/wp-content\/uploads\/2024\/12\/David-Perez-con-su-imagen-de-la-pelicula-Solo-en-casa-150x150.jpg\" class=\"attachment-thumbnail size-thumbnail\" alt=\"\" aria-describedby=\"gallery-1-13213\" srcset=\"https:\/\/www.fundacionsancebrian.com\/portal\/wp-content\/uploads\/2024\/12\/David-Perez-con-su-imagen-de-la-pelicula-Solo-en-casa-150x150.jpg 150w, https:\/\/www.fundacionsancebrian.com\/portal\/wp-content\/uploads\/2024\/12\/David-Perez-con-su-imagen-de-la-pelicula-Solo-en-casa-375x375.jpg 375w\" sizes=\"(max-width: 150px) 100vw, 150px\" \/><\/a>\n\t\t\t<\/dt>\n\t\t\t\t<dd class='wp-caption-text gallery-caption' id='gallery-1-13213'>\n\t\t\t\tDavid P\u00e9rez\n\t\t\t\t<\/dd><\/dl>\n\t\t\t<br style='clear: both' \/>\n\t\t<\/div>\n\n<p>&nbsp;<\/p>\n<\/div>\n<\/div><\/div><\/div><\/div><\/div>","protected":false},"excerpt":{"rendered":"<p>Calendario 2025. El Grupo Fundaci\u00f3n San Cebri\u00e1n present\u00f3 su Calendario 2025 en el Cine Ortega El calendario se titula \u2018Un a\u00f1o de pel\u00edcula\u2019. Las fotos del calendario imitan carteles de cine. Y usando de ejemplo pel\u00edculas famosas ense\u00f1a valores como inclusi\u00f3n, diversidad, autonom\u00eda y amistad. En la presentaci\u00f3n participaron las personas que han hecho el [&hellip;]<\/p>\n","protected":false},"author":1,"featured_media":13216,"comment_status":"closed","ping_status":"open","sticky":false,"template":"","format":"standard","meta":{"_seopress_robots_primary_cat":"none","_seopress_titles_title":"","_seopress_titles_desc":"","_seopress_robots_index":"","_eb_attr":"","footnotes":""},"categories":[8],"tags":[],"class_list":["post-13210","post","type-post","status-publish","format-standard","has-post-thumbnail","hentry","category-noticias","post-with-thumbnail","post-with-thumbnail-icon"],"_links":{"self":[{"href":"https:\/\/www.fundacionsancebrian.com\/portal\/wp-json\/wp\/v2\/posts\/13210","targetHints":{"allow":["GET"]}}],"collection":[{"href":"https:\/\/www.fundacionsancebrian.com\/portal\/wp-json\/wp\/v2\/posts"}],"about":[{"href":"https:\/\/www.fundacionsancebrian.com\/portal\/wp-json\/wp\/v2\/types\/post"}],"author":[{"embeddable":true,"href":"https:\/\/www.fundacionsancebrian.com\/portal\/wp-json\/wp\/v2\/users\/1"}],"replies":[{"embeddable":true,"href":"https:\/\/www.fundacionsancebrian.com\/portal\/wp-json\/wp\/v2\/comments?post=13210"}],"version-history":[{"count":4,"href":"https:\/\/www.fundacionsancebrian.com\/portal\/wp-json\/wp\/v2\/posts\/13210\/revisions"}],"predecessor-version":[{"id":13228,"href":"https:\/\/www.fundacionsancebrian.com\/portal\/wp-json\/wp\/v2\/posts\/13210\/revisions\/13228"}],"wp:featuredmedia":[{"embeddable":true,"href":"https:\/\/www.fundacionsancebrian.com\/portal\/wp-json\/wp\/v2\/media\/13216"}],"wp:attachment":[{"href":"https:\/\/www.fundacionsancebrian.com\/portal\/wp-json\/wp\/v2\/media?parent=13210"}],"wp:term":[{"taxonomy":"category","embeddable":true,"href":"https:\/\/www.fundacionsancebrian.com\/portal\/wp-json\/wp\/v2\/categories?post=13210"},{"taxonomy":"post_tag","embeddable":true,"href":"https:\/\/www.fundacionsancebrian.com\/portal\/wp-json\/wp\/v2\/tags?post=13210"}],"curies":[{"name":"wp","href":"https:\/\/api.w.org\/{rel}","templated":true}]}}