{"id":13247,"date":"2024-12-31T12:39:51","date_gmt":"2024-12-31T11:39:51","guid":{"rendered":"https:\/\/www.fundacionsancebrian.com\/portal\/?p=13247"},"modified":"2024-12-31T12:46:57","modified_gmt":"2024-12-31T11:46:57","slug":"rebobinando-2024-las-noticias-mas-destacadas","status":"publish","type":"post","link":"https:\/\/www.fundacionsancebrian.com\/portal\/rebobinando-2024-las-noticias-mas-destacadas\/","title":{"rendered":"Rebobinando 2024. \u00a1Las noticias mas destacadas!"},"content":{"rendered":"<div id=\"pl-13247\"  class=\"panel-layout\" ><div id=\"pg-13247-0\"  class=\"panel-grid panel-no-style\" ><div id=\"pgc-13247-0-0\"  class=\"panel-grid-cell\" ><div id=\"panel-13247-0-0-0\" class=\"so-panel widget widget_sow-editor panel-first-child panel-last-child\" data-index=\"0\" ><div\n\t\t\t\n\t\t\tclass=\"so-widget-sow-editor so-widget-sow-editor-base\"\n\t\t\t\n\t\t>\n<div class=\"siteorigin-widget-tinymce textwidget\">\n\t<h1><\/h1>\n<p>Para despedir el a\u00f1o 2024, os dejamos un resumen con las noticias mas destacadas del a\u00f1o.<\/p>\n<p><strong><img fetchpriority=\"high\" fetchpriority=\"high\" decoding=\"async\" class=\"alignright wp-image-13250\" src=\"https:\/\/www.fundacionsancebrian.com\/portal\/wp-content\/uploads\/2024\/12\/3D.png\" alt=\"\" width=\"450\" height=\"450\" srcset=\"https:\/\/www.fundacionsancebrian.com\/portal\/wp-content\/uploads\/2024\/12\/3D.png 1417w, https:\/\/www.fundacionsancebrian.com\/portal\/wp-content\/uploads\/2024\/12\/3D-300x300.png 300w, https:\/\/www.fundacionsancebrian.com\/portal\/wp-content\/uploads\/2024\/12\/3D-1024x1024.png 1024w, https:\/\/www.fundacionsancebrian.com\/portal\/wp-content\/uploads\/2024\/12\/3D-150x150.png 150w, https:\/\/www.fundacionsancebrian.com\/portal\/wp-content\/uploads\/2024\/12\/3D-768x768.png 768w, https:\/\/www.fundacionsancebrian.com\/portal\/wp-content\/uploads\/2024\/12\/3D-375x375.png 375w\" sizes=\"(max-width: 450px) 100vw, 450px\" \/>1. Obtenci\u00f3n del Sello EFQM 500<\/strong><\/p>\n<p>La Fundaci\u00f3n San Cebri\u00e1n ha conseguido el Sello EFQM 500, uno de los m\u00e1ximos reconocimientos otorgados por el Club Excelencia en Gesti\u00f3n, gracias a su apuesta por la innovaci\u00f3n y la creaci\u00f3n de nuevas herramientas para facilitar los procesos con sus grupos de inter\u00e9s.<\/p>\n<p><strong>2. Presentaci\u00f3n del Calendario 2025<\/strong><\/p>\n<p>El Grupo Fundaci\u00f3n San Cebri\u00e1n ha presentado su Calendario 2025, titulado 'Un a\u00f1o de pel\u00edcula', que incluye 12 fotos tem\u00e1ticas inspiradas en pel\u00edculas famosas.<\/p>\n<p><strong>3. XV Marcha Inclusiva<\/strong><\/p>\n<p>El s\u00e1bado 28 de septiembre, la Fundaci\u00f3n San Cebri\u00e1n celebr\u00f3 la XV edici\u00f3n de su Marcha Inclusiva, un evento que promueve la inclusi\u00f3n y la participaci\u00f3n comunitaria.<\/p>\n<p><strong>4. Programa 'Escenario Creativo'<\/strong><\/p>\n<p>La Nave de Smile e Includanza, la compa\u00f1\u00eda de danza de la Fundaci\u00f3n San Cebri\u00e1n, lanzaron el programa 'Escenario Creativo' en Palencia, destinado a promover la oferta art\u00edstica inclusiva y ofrecer a personas con discapacidad la oportunidad de participar en las artes esc\u00e9nicas.<\/p>\n<p><strong>5. Podcast 'En la Misma Onda'<\/strong><\/p>\n<p>Plena Inclusi\u00f3n Castilla y Le\u00f3n present\u00f3 en Palencia la campa\u00f1a 'En la Misma Onda', un podcast sobre accesibilidad cognitiva protagonizado por Jenifer G\u00f3mez, validadora y evaluadora del Grupo Fundaci\u00f3n San Cebri\u00e1n, y Pablo Escobedo, locutor de Prodigioso Volc\u00e1n.<\/p>\n<p><strong>6. Jornada 'Todos los Cuerpos Bailan'<\/strong><\/p>\n<p>Includanza organiz\u00f3 la I Jornada 'Todos los Cuerpos Bailan' los d\u00edas 13 y 14 de noviembre en Palencia, una iniciativa pionera que busc\u00f3 reflexionar sobre la danza como herramienta de intervenci\u00f3n en el \u00e1mbito de la discapacidad.<\/p>\n<p><strong>7. Fomento del Empleo de la Mujer Rural<\/strong><\/p>\n<p>La Fundaci\u00f3n San Cebri\u00e1n ha destacado su compromiso con el empleo en el medio rural, contando con 234 mujeres que residen en pueblos y desarrollan su trabajo en diferentes puestos dentro de la entidad.<\/p>\n<\/div>\n<\/div><\/div><\/div><\/div><\/div>","protected":false},"excerpt":{"rendered":"<p>Para despedir el a\u00f1o 2024, os dejamos un resumen con las noticias mas destacadas del a\u00f1o.<\/p>\n","protected":false},"author":2,"featured_media":13250,"comment_status":"closed","ping_status":"open","sticky":false,"template":"","format":"standard","meta":{"_seopress_robots_primary_cat":"none","_seopress_titles_title":"","_seopress_titles_desc":"","_seopress_robots_index":"","_eb_attr":"","footnotes":""},"categories":[8],"tags":[],"class_list":["post-13247","post","type-post","status-publish","format-standard","has-post-thumbnail","hentry","category-noticias","post-with-thumbnail","post-with-thumbnail-icon"],"_links":{"self":[{"href":"https:\/\/www.fundacionsancebrian.com\/portal\/wp-json\/wp\/v2\/posts\/13247","targetHints":{"allow":["GET"]}}],"collection":[{"href":"https:\/\/www.fundacionsancebrian.com\/portal\/wp-json\/wp\/v2\/posts"}],"about":[{"href":"https:\/\/www.fundacionsancebrian.com\/portal\/wp-json\/wp\/v2\/types\/post"}],"author":[{"embeddable":true,"href":"https:\/\/www.fundacionsancebrian.com\/portal\/wp-json\/wp\/v2\/users\/2"}],"replies":[{"embeddable":true,"href":"https:\/\/www.fundacionsancebrian.com\/portal\/wp-json\/wp\/v2\/comments?post=13247"}],"version-history":[{"count":7,"href":"https:\/\/www.fundacionsancebrian.com\/portal\/wp-json\/wp\/v2\/posts\/13247\/revisions"}],"predecessor-version":[{"id":13257,"href":"https:\/\/www.fundacionsancebrian.com\/portal\/wp-json\/wp\/v2\/posts\/13247\/revisions\/13257"}],"wp:featuredmedia":[{"embeddable":true,"href":"https:\/\/www.fundacionsancebrian.com\/portal\/wp-json\/wp\/v2\/media\/13250"}],"wp:attachment":[{"href":"https:\/\/www.fundacionsancebrian.com\/portal\/wp-json\/wp\/v2\/media?parent=13247"}],"wp:term":[{"taxonomy":"category","embeddable":true,"href":"https:\/\/www.fundacionsancebrian.com\/portal\/wp-json\/wp\/v2\/categories?post=13247"},{"taxonomy":"post_tag","embeddable":true,"href":"https:\/\/www.fundacionsancebrian.com\/portal\/wp-json\/wp\/v2\/tags?post=13247"}],"curies":[{"name":"wp","href":"https:\/\/api.w.org\/{rel}","templated":true}]}}