{"id":13258,"date":"2025-01-03T16:15:41","date_gmt":"2025-01-03T15:15:41","guid":{"rendered":"https:\/\/www.fundacionsancebrian.com\/portal\/?p=13258"},"modified":"2025-01-03T16:43:23","modified_gmt":"2025-01-03T15:43:23","slug":"la-lluvia-de-peluches-llega-a-la-fundacion-san-cebrian","status":"publish","type":"post","link":"https:\/\/www.fundacionsancebrian.com\/portal\/la-lluvia-de-peluches-llega-a-la-fundacion-san-cebrian\/","title":{"rendered":"La lluvia de peluches llega a  la Fundaci\u00f3n San Cebri\u00e1n"},"content":{"rendered":"<div id=\"pl-13258\"  class=\"panel-layout\" ><div id=\"pg-13258-0\"  class=\"panel-grid panel-no-style\" ><div id=\"pgc-13258-0-0\"  class=\"panel-grid-cell\" ><div id=\"panel-13258-0-0-0\" class=\"so-panel widget widget_sow-editor panel-first-child panel-last-child\" data-index=\"0\" ><div\n\t\t\t\n\t\t\tclass=\"so-widget-sow-editor so-widget-sow-editor-base\"\n\t\t\t\n\t\t>\n<div class=\"siteorigin-widget-tinymce textwidget\">\n\t<p><a href=\"https:\/\/www.fundacionsancebrian.com\/portal\/wp-content\/uploads\/2025\/01\/713_21.jpg\"><img fetchpriority=\"high\" fetchpriority=\"high\" decoding=\"async\" class=\"alignright wp-image-13267\" src=\"https:\/\/www.fundacionsancebrian.com\/portal\/wp-content\/uploads\/2025\/01\/713_21.jpg\" alt=\"\" width=\"450\" height=\"240\" srcset=\"https:\/\/www.fundacionsancebrian.com\/portal\/wp-content\/uploads\/2025\/01\/713_21.jpg 1920w, https:\/\/www.fundacionsancebrian.com\/portal\/wp-content\/uploads\/2025\/01\/713_21-300x160.jpg 300w, https:\/\/www.fundacionsancebrian.com\/portal\/wp-content\/uploads\/2025\/01\/713_21-1024x547.jpg 1024w, https:\/\/www.fundacionsancebrian.com\/portal\/wp-content\/uploads\/2025\/01\/713_21-768x410.jpg 768w, https:\/\/www.fundacionsancebrian.com\/portal\/wp-content\/uploads\/2025\/01\/713_21-1536x820.jpg 1536w\" sizes=\"(max-width: 450px) 100vw, 450px\" \/><\/a>La Fundaci\u00f3n San Cebri\u00e1n ha vivido un d\u00eda lleno de alegr\u00eda y solidaridad gracias a la conocida \"lluvia de peluches\".<\/p>\n<p>Esta iniciativa se ha llevado a cabo gracias a la colaboraci\u00f3n de Cruz Roja y Palencia Baloncesto, y anima a las personas de Palencia a que donen peluches que ser\u00e1n entregados a ni\u00f1os, personas con discapacidad y mayores en situaci\u00f3n de soledad.<\/p>\n<p>La recogida de peluches se celebr\u00f3 el 28 de diciembre en el partido de baloncesto de S\u00faper Agropal Palencia contra UEMC Real Valladolid Baloncesto, donde cientos de personas lanzaron peluches al campo durante el descanso.<\/p>\n<p>Parte de esos mu\u00f1ecos recolectados han sido entregados en la Fundaci\u00f3n San Cebri\u00e1n, que atiende a personas en situaci\u00f3n de vulnerabilidad.<\/p>\n<p>Los voluntarios de la la Cruz Roja y trabajadores de la Fundaci\u00f3n se encargaron de repartir los peluches.<\/p>\n<p>La lluvia de peluches se ha convertido en un s\u00edmbolo de uni\u00f3n y apoyo en la ciudad, demostrando que peque\u00f1as acciones pueden generar grandes cambios.<\/p>\n<p><span style=\"color: #808080;\"><em>Imagen del articulo palenciabaloncesto.com<\/em><\/span><\/p>\n<p>&nbsp;<\/p>\n<a href=\"https:\/\/www.flickr.com\/gp\/136135221@N07\/WA91g1540t\" class=\"su-button su-button-style-flat\" style=\"color:#ffffff;background-color:#289b38;border-color:#207c2d;border-radius:20px\" target=\"_self\"><span style=\"color:#ffffff;padding:7px 20px;font-size:16px;line-height:24px;border-color:#69b974;border-radius:20px;text-shadow:none\"><i class=\"sui sui-photo\" style=\"font-size:16px;color:#ffffff\"><\/i> Puedes ver el \u00e1lbum completo aqu\u00ed<\/span><\/a>\n<p>&nbsp;<\/p>\n\n\t\t<style type=\"text\/css\">\n\t\t\t#gallery-1 {\n\t\t\t\tmargin: auto;\n\t\t\t}\n\t\t\t#gallery-1 .gallery-item {\n\t\t\t\tfloat: left;\n\t\t\t\tmargin-top: 10px;\n\t\t\t\ttext-align: center;\n\t\t\t\twidth: 33%;\n\t\t\t}\n\t\t\t#gallery-1 img {\n\t\t\t\tborder: 2px solid #cfcfcf;\n\t\t\t}\n\t\t\t#gallery-1 .gallery-caption {\n\t\t\t\tmargin-left: 0;\n\t\t\t}\n\t\t\t\/* see gallery_shortcode() in wp-includes\/media.php *\/\n\t\t<\/style>\n\t\t<div id='gallery-1' class='gallery galleryid-13258 gallery-columns-3 gallery-size-medium'><dl class='gallery-item'>\n\t\t\t<dt class='gallery-icon landscape'>\n\t\t\t\t<a href='https:\/\/www.fundacionsancebrian.com\/portal\/la-lluvia-de-peluches-llega-a-la-fundacion-san-cebrian\/whatsapp-image-2025-01-03-at-11-24-25\/#main'><img decoding=\"async\" width=\"300\" height=\"225\" src=\"https:\/\/www.fundacionsancebrian.com\/portal\/wp-content\/uploads\/2025\/01\/WhatsApp-Image-2025-01-03-at-11.24.25-300x225.jpeg\" class=\"attachment-medium size-medium\" alt=\"\" srcset=\"https:\/\/www.fundacionsancebrian.com\/portal\/wp-content\/uploads\/2025\/01\/WhatsApp-Image-2025-01-03-at-11.24.25-300x225.jpeg 300w, https:\/\/www.fundacionsancebrian.com\/portal\/wp-content\/uploads\/2025\/01\/WhatsApp-Image-2025-01-03-at-11.24.25-1024x768.jpeg 1024w, https:\/\/www.fundacionsancebrian.com\/portal\/wp-content\/uploads\/2025\/01\/WhatsApp-Image-2025-01-03-at-11.24.25-768x576.jpeg 768w, https:\/\/www.fundacionsancebrian.com\/portal\/wp-content\/uploads\/2025\/01\/WhatsApp-Image-2025-01-03-at-11.24.25-1536x1152.jpeg 1536w, https:\/\/www.fundacionsancebrian.com\/portal\/wp-content\/uploads\/2025\/01\/WhatsApp-Image-2025-01-03-at-11.24.25.jpeg 2000w\" sizes=\"(max-width: 300px) 100vw, 300px\" \/><\/a>\n\t\t\t<\/dt><\/dl><dl class='gallery-item'>\n\t\t\t<dt class='gallery-icon landscape'>\n\t\t\t\t<a href='https:\/\/www.fundacionsancebrian.com\/portal\/la-lluvia-de-peluches-llega-a-la-fundacion-san-cebrian\/whatsapp-image-2025-01-03-at-11-40-08-3\/#main'><img decoding=\"async\" width=\"300\" height=\"300\" src=\"https:\/\/www.fundacionsancebrian.com\/portal\/wp-content\/uploads\/2025\/01\/WhatsApp-Image-2025-01-03-at-11.40.08-3-300x300.jpeg\" class=\"attachment-medium size-medium\" alt=\"\" srcset=\"https:\/\/www.fundacionsancebrian.com\/portal\/wp-content\/uploads\/2025\/01\/WhatsApp-Image-2025-01-03-at-11.40.08-3-300x300.jpeg 300w, https:\/\/www.fundacionsancebrian.com\/portal\/wp-content\/uploads\/2025\/01\/WhatsApp-Image-2025-01-03-at-11.40.08-3-1024x1024.jpeg 1024w, https:\/\/www.fundacionsancebrian.com\/portal\/wp-content\/uploads\/2025\/01\/WhatsApp-Image-2025-01-03-at-11.40.08-3-150x150.jpeg 150w, https:\/\/www.fundacionsancebrian.com\/portal\/wp-content\/uploads\/2025\/01\/WhatsApp-Image-2025-01-03-at-11.40.08-3-768x768.jpeg 768w, https:\/\/www.fundacionsancebrian.com\/portal\/wp-content\/uploads\/2025\/01\/WhatsApp-Image-2025-01-03-at-11.40.08-3-375x375.jpeg 375w, https:\/\/www.fundacionsancebrian.com\/portal\/wp-content\/uploads\/2025\/01\/WhatsApp-Image-2025-01-03-at-11.40.08-3.jpeg 1528w\" sizes=\"(max-width: 300px) 100vw, 300px\" \/><\/a>\n\t\t\t<\/dt><\/dl><dl class='gallery-item'>\n\t\t\t<dt class='gallery-icon landscape'>\n\t\t\t\t<a href='https:\/\/www.fundacionsancebrian.com\/portal\/la-lluvia-de-peluches-llega-a-la-fundacion-san-cebrian\/whatsapp-image-2025-01-03-at-11-56-14-2\/#main'><img loading=\"lazy\" decoding=\"async\" width=\"300\" height=\"225\" src=\"https:\/\/www.fundacionsancebrian.com\/portal\/wp-content\/uploads\/2025\/01\/WhatsApp-Image-2025-01-03-at-11.56.14-2-300x225.jpeg\" class=\"attachment-medium size-medium\" alt=\"\" srcset=\"https:\/\/www.fundacionsancebrian.com\/portal\/wp-content\/uploads\/2025\/01\/WhatsApp-Image-2025-01-03-at-11.56.14-2-300x225.jpeg 300w, https:\/\/www.fundacionsancebrian.com\/portal\/wp-content\/uploads\/2025\/01\/WhatsApp-Image-2025-01-03-at-11.56.14-2-1024x768.jpeg 1024w, https:\/\/www.fundacionsancebrian.com\/portal\/wp-content\/uploads\/2025\/01\/WhatsApp-Image-2025-01-03-at-11.56.14-2-768x576.jpeg 768w, https:\/\/www.fundacionsancebrian.com\/portal\/wp-content\/uploads\/2025\/01\/WhatsApp-Image-2025-01-03-at-11.56.14-2-1536x1152.jpeg 1536w, https:\/\/www.fundacionsancebrian.com\/portal\/wp-content\/uploads\/2025\/01\/WhatsApp-Image-2025-01-03-at-11.56.14-2.jpeg 2000w\" sizes=\"(max-width: 300px) 100vw, 300px\" \/><\/a>\n\t\t\t<\/dt><\/dl><br style=\"clear: both\" \/>\n\t\t<\/div>\n\n<\/div>\n<\/div><\/div><\/div><\/div><\/div>","protected":false},"excerpt":{"rendered":"<p>La Fundaci\u00f3n San Cebri\u00e1n ha vivido un d\u00eda lleno de alegr\u00eda y solidaridad gracias a la conocida \u00ablluvia de peluches\u00bb<\/p>\n","protected":false},"author":2,"featured_media":13261,"comment_status":"closed","ping_status":"open","sticky":false,"template":"","format":"standard","meta":{"_seopress_robots_primary_cat":"none","_seopress_titles_title":"","_seopress_titles_desc":"","_seopress_robots_index":"","_eb_attr":"","footnotes":""},"categories":[8],"tags":[],"class_list":["post-13258","post","type-post","status-publish","format-standard","has-post-thumbnail","hentry","category-noticias","post-with-thumbnail","post-with-thumbnail-icon"],"_links":{"self":[{"href":"https:\/\/www.fundacionsancebrian.com\/portal\/wp-json\/wp\/v2\/posts\/13258","targetHints":{"allow":["GET"]}}],"collection":[{"href":"https:\/\/www.fundacionsancebrian.com\/portal\/wp-json\/wp\/v2\/posts"}],"about":[{"href":"https:\/\/www.fundacionsancebrian.com\/portal\/wp-json\/wp\/v2\/types\/post"}],"author":[{"embeddable":true,"href":"https:\/\/www.fundacionsancebrian.com\/portal\/wp-json\/wp\/v2\/users\/2"}],"replies":[{"embeddable":true,"href":"https:\/\/www.fundacionsancebrian.com\/portal\/wp-json\/wp\/v2\/comments?post=13258"}],"version-history":[{"count":12,"href":"https:\/\/www.fundacionsancebrian.com\/portal\/wp-json\/wp\/v2\/posts\/13258\/revisions"}],"predecessor-version":[{"id":13276,"href":"https:\/\/www.fundacionsancebrian.com\/portal\/wp-json\/wp\/v2\/posts\/13258\/revisions\/13276"}],"wp:featuredmedia":[{"embeddable":true,"href":"https:\/\/www.fundacionsancebrian.com\/portal\/wp-json\/wp\/v2\/media\/13261"}],"wp:attachment":[{"href":"https:\/\/www.fundacionsancebrian.com\/portal\/wp-json\/wp\/v2\/media?parent=13258"}],"wp:term":[{"taxonomy":"category","embeddable":true,"href":"https:\/\/www.fundacionsancebrian.com\/portal\/wp-json\/wp\/v2\/categories?post=13258"},{"taxonomy":"post_tag","embeddable":true,"href":"https:\/\/www.fundacionsancebrian.com\/portal\/wp-json\/wp\/v2\/tags?post=13258"}],"curies":[{"name":"wp","href":"https:\/\/api.w.org\/{rel}","templated":true}]}}