{"id":13288,"date":"2025-01-31T15:58:59","date_gmt":"2025-01-31T14:58:59","guid":{"rendered":"https:\/\/www.fundacionsancebrian.com\/portal\/?p=13288"},"modified":"2025-01-31T15:58:59","modified_gmt":"2025-01-31T14:58:59","slug":"la-fundacion-san-cebrian-recibe-su-reconocimiento-efqm-en-el-dia-de-la-gestion-excelente-del-club","status":"publish","type":"post","link":"https:\/\/www.fundacionsancebrian.com\/portal\/la-fundacion-san-cebrian-recibe-su-reconocimiento-efqm-en-el-dia-de-la-gestion-excelente-del-club\/","title":{"rendered":"La Fundaci\u00f3n San Cebri\u00e1n recibe su reconocimiento EFQM en el D\u00eda de la Gesti\u00f3n Excelente del Club"},"content":{"rendered":"<div id=\"pl-13288\"  class=\"panel-layout\" ><div id=\"pg-13288-0\"  class=\"panel-grid panel-no-style\" ><div id=\"pgc-13288-0-0\"  class=\"panel-grid-cell\" ><div id=\"panel-13288-0-0-0\" class=\"so-panel widget widget_sow-editor panel-first-child panel-last-child\" data-index=\"0\" ><div\n\t\t\t\n\t\t\tclass=\"so-widget-sow-editor so-widget-sow-editor-base\"\n\t\t\t\n\t\t><h3 class=\"widget-title\">La Fundaci\u00f3n alcanz\u00f3 el Sello de Calidad EFQM +500 a finales del 2024<\/h3>\n<div class=\"siteorigin-widget-tinymce textwidget\">\n\t<p>A finales del pasado a\u00f1o y tras un amplio periodo de estudio, preparaci\u00f3n y evaluaci\u00f3n, la Fundaci\u00f3n San Cebri\u00e1n recibi\u00f3 el Sello de Calidad EFQM 500, otorgado por el Club Excelencia en Gesti\u00f3n, que en la jornada de ayer celebr\u00f3 el D\u00eda de la Gesti\u00f3n Excelente, Innovadora y Sostenibles 2025\u00a0 en el que reconoci\u00f3 el trabajo de aquellas empresas que recibieron su galard\u00f3n de calidad en 2024, y entre las que est\u00e1 Fundaci\u00f3n San Cebri\u00e1n.<a href=\"https:\/\/www.fundacionsancebrian.com\/portal\/wp-content\/uploads\/2025\/01\/Selllos-Club-24_0972.jpg\"><img fetchpriority=\"high\" fetchpriority=\"high\" decoding=\"async\" class=\"alignright wp-image-13291 size-medium\" src=\"https:\/\/www.fundacionsancebrian.com\/portal\/wp-content\/uploads\/2025\/01\/Selllos-Club-24_0972-300x200.jpg\" alt=\"\" width=\"300\" height=\"200\" srcset=\"https:\/\/www.fundacionsancebrian.com\/portal\/wp-content\/uploads\/2025\/01\/Selllos-Club-24_0972-300x200.jpg 300w, https:\/\/www.fundacionsancebrian.com\/portal\/wp-content\/uploads\/2025\/01\/Selllos-Club-24_0972-1024x682.jpg 1024w, https:\/\/www.fundacionsancebrian.com\/portal\/wp-content\/uploads\/2025\/01\/Selllos-Club-24_0972-768x512.jpg 768w, https:\/\/www.fundacionsancebrian.com\/portal\/wp-content\/uploads\/2025\/01\/Selllos-Club-24_0972-600x400.jpg 600w, https:\/\/www.fundacionsancebrian.com\/portal\/wp-content\/uploads\/2025\/01\/Selllos-Club-24_0972-1536x1024.jpg 1536w, https:\/\/www.fundacionsancebrian.com\/portal\/wp-content\/uploads\/2025\/01\/Selllos-Club-24_0972-2048x1365.jpg 2048w, https:\/\/www.fundacionsancebrian.com\/portal\/wp-content\/uploads\/2025\/01\/Selllos-Club-24_0972-272x182.jpg 272w, https:\/\/www.fundacionsancebrian.com\/portal\/wp-content\/uploads\/2025\/01\/Selllos-Club-24_0972-720x480.jpg 720w, https:\/\/www.fundacionsancebrian.com\/portal\/wp-content\/uploads\/2025\/01\/Selllos-Club-24_0972-950x630.jpg 950w\" sizes=\"(max-width: 300px) 100vw, 300px\" \/><\/a><\/p>\n<p>La responsable de Calidad y Gesti\u00f3n del Ecosistema de la Entidad, M\u00f3nica San Emeterio acudi\u00f3 a recoger el galard\u00f3n, que acredita a la entidad 'como una entidad excelente con herramientas de gesti\u00f3n adaptables de medici\u00f3n de resultados y de flexibilidad en entornos cambiantes'.<\/p>\n<p>El <a href=\"https:\/\/www.clubexcelencia.org\/\"><strong>Club Excelencia en Gesti\u00f3n<\/strong><\/a>, asociaci\u00f3n multisectorial sin \u00e1nimo de lucro que genera y comparte conocimiento sobre gesti\u00f3n y transformaci\u00f3n de las organizaciones, ha celebrado el D\u00eda de la Gesti\u00f3n Excelente, Innovadora y Sostenible 2025.\u00a0Este reconocimiento internacional certifica la utilizaci\u00f3n de modelos de gesti\u00f3n excelentes basados en el Modelo EFQM, que incluye en sus criterios f\u00f3rmulas de buen gobierno, as\u00ed como herramientas adaptables de medici\u00f3n de resultados y de flexibilidad en entornos cambiantes, \u00fatiles para acelerar la transformaci\u00f3n de una organizaci\u00f3n.<\/p>\n<p>El evento ha contado con la presencia de Tom\u00e1s Pascual G\u00f3mez-Cu\u00e9tara, presidente del Club Excelencia en Gesti\u00f3n y presidente de Pascual, seg\u00fan el cual aquellas organizaciones que trabajan para conseguir el Sello EFQM tienen un objetivo com\u00fan: <em>\u201cGenerar confianza en nuestros grupos de inter\u00e9s, evidenciando las mejoras que logramos a\u00f1o tras a\u00f1o en materia de gesti\u00f3n y mostrarlas as\u00ed a nuestros clientes, equipos de trabajo, proveedores e inversores\u201d<\/em>.<\/p>\n<p>En la jornada tambi\u00e9n particip\u00f3 y seg\u00fan la nota de prensa del Club de Calidad, Alberto Dur\u00e1n, vicepresidente primero del Grupo Social ONCE y presidente de honor del Club Excelencia en Gesti\u00f3n, encargado de cerrar el acto. <em>\u201cEs muy importante que las organizaciones sean capaces de influir en la sociedad con mejores directivos que est\u00e9n mejor formados, organizaciones que lleven en su cultura la idea de la inclusi\u00f3n y de dar una mejor atenci\u00f3n a colectivos vulnerables. En definitiva, que con su actividad ayuden a construir una sociedad mejor\u201d<\/em>, asegur\u00f3.<\/p>\n<\/div>\n<\/div><\/div><\/div><\/div><\/div>","protected":false},"excerpt":{"rendered":"<p>A finales del pasado a\u00f1o y tras un amplio periodo de estudio, preparaci\u00f3n y evaluaci\u00f3n, la Fundaci\u00f3n San Cebri\u00e1n recibi\u00f3 el Sello de Calidad EFQM 500, otorgado por el Club Excelencia en Gesti\u00f3n, que en la jornada de ayer celebr\u00f3 el D\u00eda de la Gesti\u00f3n Excelente, Innovadora y Sostenibles 2025\u00a0 en el que reconoci\u00f3 el [&hellip;]<\/p>\n","protected":false},"author":1,"featured_media":13291,"comment_status":"closed","ping_status":"open","sticky":false,"template":"","format":"standard","meta":{"_seopress_robots_primary_cat":"none","_seopress_titles_title":"","_seopress_titles_desc":"","_seopress_robots_index":"","_eb_attr":"","footnotes":""},"categories":[8],"tags":[],"class_list":["post-13288","post","type-post","status-publish","format-standard","has-post-thumbnail","hentry","category-noticias","post-with-thumbnail","post-with-thumbnail-icon"],"_links":{"self":[{"href":"https:\/\/www.fundacionsancebrian.com\/portal\/wp-json\/wp\/v2\/posts\/13288","targetHints":{"allow":["GET"]}}],"collection":[{"href":"https:\/\/www.fundacionsancebrian.com\/portal\/wp-json\/wp\/v2\/posts"}],"about":[{"href":"https:\/\/www.fundacionsancebrian.com\/portal\/wp-json\/wp\/v2\/types\/post"}],"author":[{"embeddable":true,"href":"https:\/\/www.fundacionsancebrian.com\/portal\/wp-json\/wp\/v2\/users\/1"}],"replies":[{"embeddable":true,"href":"https:\/\/www.fundacionsancebrian.com\/portal\/wp-json\/wp\/v2\/comments?post=13288"}],"version-history":[{"count":2,"href":"https:\/\/www.fundacionsancebrian.com\/portal\/wp-json\/wp\/v2\/posts\/13288\/revisions"}],"predecessor-version":[{"id":13294,"href":"https:\/\/www.fundacionsancebrian.com\/portal\/wp-json\/wp\/v2\/posts\/13288\/revisions\/13294"}],"wp:featuredmedia":[{"embeddable":true,"href":"https:\/\/www.fundacionsancebrian.com\/portal\/wp-json\/wp\/v2\/media\/13291"}],"wp:attachment":[{"href":"https:\/\/www.fundacionsancebrian.com\/portal\/wp-json\/wp\/v2\/media?parent=13288"}],"wp:term":[{"taxonomy":"category","embeddable":true,"href":"https:\/\/www.fundacionsancebrian.com\/portal\/wp-json\/wp\/v2\/categories?post=13288"},{"taxonomy":"post_tag","embeddable":true,"href":"https:\/\/www.fundacionsancebrian.com\/portal\/wp-json\/wp\/v2\/tags?post=13288"}],"curies":[{"name":"wp","href":"https:\/\/api.w.org\/{rel}","templated":true}]}}