{"id":13560,"date":"2025-05-19T10:33:18","date_gmt":"2025-05-19T08:33:18","guid":{"rendered":"https:\/\/www.fundacionsancebrian.com\/portal\/?p=13560"},"modified":"2025-05-19T13:11:46","modified_gmt":"2025-05-19T11:11:46","slug":"includanza-cautiva-con-su-nuevo-espectaculo-iris","status":"publish","type":"post","link":"https:\/\/www.fundacionsancebrian.com\/portal\/includanza-cautiva-con-su-nuevo-espectaculo-iris\/","title":{"rendered":"Includanza cautiva con su nuevo espect\u00e1culo IRIS"},"content":{"rendered":"<div id=\"pl-13560\"  class=\"panel-layout\" ><div id=\"pg-13560-0\"  class=\"panel-grid panel-no-style\" ><div id=\"pgc-13560-0-0\"  class=\"panel-grid-cell\" ><div id=\"panel-13560-0-0-0\" class=\"so-panel widget widget_sow-image panel-first-child\" data-index=\"0\" ><div class=\"panel-widget-style panel-widget-style-for-13560-0-0-0\" ><div\n\t\t\t\n\t\t\tclass=\"so-widget-sow-image so-widget-sow-image-default-4e6925654b7a-13560\"\n\t\t\t\n\t\t>\n<div class=\"sow-image-container\">\n\t\t<img \n\tsrc=\"https:\/\/www.fundacionsancebrian.com\/portal\/wp-content\/uploads\/2024\/05\/Lecturafacil1.png\" width=\"250\" height=\"50\" sizes=\"(max-width: 250px) 100vw, 250px\" alt=\"\" \t\tclass=\"so-widget-image\"\/>\n\t<\/div>\n\n<\/div><\/div><\/div><div id=\"panel-13560-0-0-1\" class=\"so-panel widget widget_sow-editor panel-last-child\" data-index=\"1\" ><div class=\"panel-widget-style panel-widget-style-for-13560-0-0-1\" ><div\n\t\t\t\n\t\t\tclass=\"so-widget-sow-editor so-widget-sow-editor-base\"\n\t\t\t\n\t\t>\n<div class=\"siteorigin-widget-tinymce textwidget\">\n\t<div style=\"font-size: 18px; line-height: 1.8em; font-family: Arial;\">\n<p><strong>Estreno del espect\u00e1culo \"IRIS\" en el Teatro Principal.<\/strong><\/p>\n<p>La compa\u00f1\u00eda de danza Includanza estren\u00f3 su nuevo espect\u00e1culo<br \/>\nen el Teatro Principal de Palencia<br \/>\nEste espect\u00e1culo se llama IRIS.<br \/>\nEn este espect\u00e1culo los bailarines actuaron solos en el escenario.<br \/>\nEs la primera vez que act\u00faan sin su profesora.<\/p>\n<p>Al estreno asistieron personas importantes de Palencia:<\/p>\n<ul>\n<li>La alcaldesa de Palencia Miriam Andr\u00e9s.<\/li>\n<li>El subdelegado del Gobierno \u00c1ngel Miguel.<\/li>\n<li>El diputado de Servicios Sociales Juan Antonio Obispo.<\/li>\n<li>Y la gerente del Grupo Fundaci\u00f3n San Cebri\u00e1n Eva del R\u00edo.<\/li>\n<\/ul>\n<p>El espect\u00e1culo dur\u00f3 media hora.<br \/>\nLos bailarines crearon escenas que se ven<br \/>\npero tambi\u00e9n se escuchan y sienten.<br \/>\nEs decir, con sonidos de pasos, respiraci\u00f3n y vibraciones.<\/p>\n<p>El espect\u00e1culo se inspira en el iris del ojo.<br \/>\nY muestra c\u00f3mo la realidad se siente con todos los sentidos.<\/p>\n<p>Los bailarines son:<\/p>\n<ul>\n<li>Aliona Benito.<\/li>\n<li>Jorge de Prado.<\/li>\n<li>Raquel Redondo.<\/li>\n<li>Mario Mart\u00edn.<\/li>\n<li>Y Pilar Andr\u00e9s.<\/li>\n<\/ul>\n<p>Includanza es una compa\u00f1\u00eda de danza inclusiva.<br \/>\nTiene otros espect\u00e1culos largos como \u00bfJugamos? y Cartas para ti.<br \/>\nY otros mas cortos como Agua, Oro y De manos dadas.<br \/>\nEl objetivo de Includanza es que las personas con discapacidad intelectual<br \/>\npuedan hacer arte.<\/p>\n<p>La obra IRIS forma parte del Programa MERAKI.<br \/>\nEl programa MERAKI sirve para mejorar la vida de las personas.<\/p>\n<\/div>\n<\/div>\n<\/div><\/div><\/div><\/div><div id=\"pgc-13560-0-1\"  class=\"panel-grid-cell\" ><div id=\"panel-13560-0-1-0\" class=\"so-panel widget widget_sow-image panel-first-child\" data-index=\"2\" ><div class=\"panel-widget-style panel-widget-style-for-13560-0-1-0\" ><div\n\t\t\t\n\t\t\tclass=\"so-widget-sow-image so-widget-sow-image-default-4e6925654b7a-13560\"\n\t\t\t\n\t\t>\n<div class=\"sow-image-container\">\n\t\t<img \n\tsrc=\"https:\/\/www.fundacionsancebrian.com\/portal\/wp-content\/uploads\/2024\/10\/Glosario.png\" width=\"250\" height=\"50\" sizes=\"(max-width: 250px) 100vw, 250px\" title=\"#bf360c\" alt=\"\" \t\tclass=\"so-widget-image\"\/>\n\t<\/div>\n\n<\/div><\/div><\/div><div id=\"panel-13560-0-1-1\" class=\"so-panel widget widget_sow-editor panel-last-child\" data-index=\"3\" ><div class=\"panel-widget-style panel-widget-style-for-13560-0-1-1\" ><div\n\t\t\t\n\t\t\tclass=\"so-widget-sow-editor so-widget-sow-editor-base\"\n\t\t\t\n\t\t>\n<div class=\"siteorigin-widget-tinymce textwidget\">\n\t<audio class=\"wp-audio-shortcode\" id=\"audio-13560-1\" preload=\"none\" style=\"width: 100%;\" controls=\"controls\"><source type=\"audio\/mpeg\" src=\"https:\/\/www.fundacionsancebrian.com\/portal\/wp-content\/uploads\/2025\/05\/Iris.mp3?_=1\" \/><a href=\"https:\/\/www.fundacionsancebrian.com\/portal\/wp-content\/uploads\/2025\/05\/Iris.mp3\">https:\/\/www.fundacionsancebrian.com\/portal\/wp-content\/uploads\/2025\/05\/Iris.mp3<\/a><\/audio>\n<\/div>\n<\/div><\/div><\/div><\/div><\/div><div id=\"pg-13560-1\"  class=\"panel-grid panel-no-style\" ><div id=\"pgc-13560-1-0\"  class=\"panel-grid-cell\" ><div id=\"panel-13560-1-0-0\" class=\"so-panel widget widget_sow-editor panel-first-child panel-last-child\" data-index=\"4\" ><div\n\t\t\t\n\t\t\tclass=\"so-widget-sow-editor so-widget-sow-editor-base\"\n\t\t\t\n\t\t><h3 class=\"widget-title\">El Teatro Principal acogi\u00f3 ayer el estreno del nuevo espect\u00e1culo en el que los bailarines act\u00faan solos en el escenario. <\/h3>\n<div class=\"siteorigin-widget-tinymce textwidget\">\n\t<p>El Teatro Principal de la capital palentina acogi\u00f3 el pasado mi\u00e9rcoles el estreno del nuevo espect\u00e1culo de Includanza, IRIS, en el que los bailarines bailan solos por primera vez sobre el escenario. Al evento, acompa\u00f1ados por la gerente del Grupo Fundaci\u00f3n San Cebri\u00e1n, Eva del R\u00edo, asistieron entre otros: la alcaldesa de la ciudad, Miriam Andr\u00e9s; el subdelegado del Gobierno, Angel Miguel; y el diputado de Servicios Sociales, Juan Antonio Obispo.\u00a0 <a href=\"https:\/\/www.fundacionsancebrian.com\/portal\/wp-content\/uploads\/2025\/05\/20250514_195236.jpg\"><img fetchpriority=\"high\" fetchpriority=\"high\" decoding=\"async\" class=\"alignright wp-image-13581 size-medium\" src=\"https:\/\/www.fundacionsancebrian.com\/portal\/wp-content\/uploads\/2025\/05\/20250514_195236-300x300.jpg\" alt=\"\" width=\"300\" height=\"300\" srcset=\"https:\/\/www.fundacionsancebrian.com\/portal\/wp-content\/uploads\/2025\/05\/20250514_195236-300x300.jpg 300w, https:\/\/www.fundacionsancebrian.com\/portal\/wp-content\/uploads\/2025\/05\/20250514_195236-150x150.jpg 150w, https:\/\/www.fundacionsancebrian.com\/portal\/wp-content\/uploads\/2025\/05\/20250514_195236-768x768.jpg 768w, https:\/\/www.fundacionsancebrian.com\/portal\/wp-content\/uploads\/2025\/05\/20250514_195236-375x375.jpg 375w, https:\/\/www.fundacionsancebrian.com\/portal\/wp-content\/uploads\/2025\/05\/20250514_195236.jpg 800w\" sizes=\"(max-width: 300px) 100vw, 300px\" \/><\/a><\/p>\n<p>Durante algo m\u00e1s de media hora de duraci\u00f3n del espect\u00e1culo, los asistentes pudieron disfrutar de una obra que transciende la percepci\u00f3n visual, explorando los matices del movimiento desde la riqueza de la diversidad humana. Inspirado en la capacidad del iris para regular la luz que ingresa al ojo, este espect\u00e1culo se convierte en una met\u00e1fora sobre c\u00f3mo la realidad puede percibirse a trav\u00e9s de una puerta de colores y contrastes y tambi\u00e9n mediante a una dimensi\u00f3n sensorial plena, donde el tacto, el o\u00eddo y la intuici\u00f3n desvelan un mundo lleno de vida.<\/p>\n<p>A trav\u00e9s de 8 escenas cuidadosamente construidas, los participantes generan formas que no solo se ven, sino que tambi\u00e9n se sienten: el sonido de los pasos, la respiraci\u00f3n colectiva y las vibraciones del suelo tejen una experiencia que trasciende la mirada. IRIS celebra la danza como un espacio donde lo visible y lo invisible se encuentran, record\u00e1ndonos que el arte trasciende los l\u00edmites de la percepci\u00f3n, revelando que la belleza no solo est\u00e1 en lo que se ve, sino tambi\u00e9n en lo que se intuye y se vive plenamente.<\/p>\n<p>Los bailarines de este espect\u00e1culo son Aliona Benito, Jorge de Prado, Raquel redondo, Mario Mart\u00edn y Pilar Andr\u00e9s. Bailan por primera vez solos sobre el escenario sin la profesora.<\/p>\n<p>La Compa\u00f1\u00eda de danza Includanza sigue creciendo\u00a0 y tras 2 espect\u00e1culos, como son <em>\u00bfJugamos? Y Cartas para ti<\/em>; 3 <em>performances<\/em> \u2013 \u2018ORO\u2019, \u2018De manos dadas\u2019 junto a la Universidad Rural del Cerrato de Tabanera con motivo del 25 N; y la <em>perfomance\u00a0 <\/em>puesta en marcha junto con la UVA con su proyecto de Patios Escolares (esta no tiene t\u00edtulo); y la micropieza art\u00edstica \u2018AGUA\u2019 que se present\u00f3 durante el Festival Internacional de Danza el pasado a\u00f1o, la compa\u00f1\u00eda suma ahora, en este mes de mayo, la obra art\u00edstica IRIS.<\/p>\n<p>Includanza tiene entre sus objetivos la inclusi\u00f3n a trav\u00e9s de la danza y hacer visible que el arte forma parte tambi\u00e9n de las personas con discapacidad intelectual y \u201cno es exclusivo de los grandes profesionales\u201d.<\/p>\n<p>El estreno de esta nueva obra art\u00edstica de la compa\u00f1\u00eda de danza se enmarca dentro del Programa MERAKI.<\/p>\n<p>&nbsp;<\/p>\n\n\t\t<style type=\"text\/css\">\n\t\t\t#gallery-1 {\n\t\t\t\tmargin: auto;\n\t\t\t}\n\t\t\t#gallery-1 .gallery-item {\n\t\t\t\tfloat: left;\n\t\t\t\tmargin-top: 10px;\n\t\t\t\ttext-align: center;\n\t\t\t\twidth: 33%;\n\t\t\t}\n\t\t\t#gallery-1 img {\n\t\t\t\tborder: 2px solid #cfcfcf;\n\t\t\t}\n\t\t\t#gallery-1 .gallery-caption {\n\t\t\t\tmargin-left: 0;\n\t\t\t}\n\t\t\t\/* see gallery_shortcode() in wp-includes\/media.php *\/\n\t\t<\/style>\n\t\t<div id='gallery-1' class='gallery galleryid-13560 gallery-columns-3 gallery-size-thumbnail'><dl class='gallery-item'>\n\t\t\t<dt class='gallery-icon landscape'>\n\t\t\t\t<a href='https:\/\/www.fundacionsancebrian.com\/portal\/20250514_200259\/'><img loading=\"lazy\" decoding=\"async\" width=\"150\" height=\"150\" src=\"https:\/\/www.fundacionsancebrian.com\/portal\/wp-content\/uploads\/2025\/05\/20250514_200259-150x150.jpg\" class=\"attachment-thumbnail size-thumbnail\" alt=\"\" aria-describedby=\"gallery-1-13584\" srcset=\"https:\/\/www.fundacionsancebrian.com\/portal\/wp-content\/uploads\/2025\/05\/20250514_200259-150x150.jpg 150w, https:\/\/www.fundacionsancebrian.com\/portal\/wp-content\/uploads\/2025\/05\/20250514_200259-300x300.jpg 300w, https:\/\/www.fundacionsancebrian.com\/portal\/wp-content\/uploads\/2025\/05\/20250514_200259-768x768.jpg 768w, https:\/\/www.fundacionsancebrian.com\/portal\/wp-content\/uploads\/2025\/05\/20250514_200259-375x375.jpg 375w, https:\/\/www.fundacionsancebrian.com\/portal\/wp-content\/uploads\/2025\/05\/20250514_200259.jpg 800w\" sizes=\"(max-width: 150px) 100vw, 150px\" \/><\/a>\n\t\t\t<\/dt>\n\t\t\t\t<dd class='wp-caption-text gallery-caption' id='gallery-1-13584'>\n\t\t\t\tEspect\u00e1culo IRIS\n\t\t\t\t<\/dd><\/dl><dl class='gallery-item'>\n\t\t\t<dt class='gallery-icon landscape'>\n\t\t\t\t<a href='https:\/\/www.fundacionsancebrian.com\/portal\/20250514_195542\/'><img loading=\"lazy\" decoding=\"async\" width=\"150\" height=\"150\" src=\"https:\/\/www.fundacionsancebrian.com\/portal\/wp-content\/uploads\/2025\/05\/20250514_195542-150x150.jpg\" class=\"attachment-thumbnail size-thumbnail\" alt=\"\" aria-describedby=\"gallery-1-13582\" srcset=\"https:\/\/www.fundacionsancebrian.com\/portal\/wp-content\/uploads\/2025\/05\/20250514_195542-150x150.jpg 150w, https:\/\/www.fundacionsancebrian.com\/portal\/wp-content\/uploads\/2025\/05\/20250514_195542-300x300.jpg 300w, https:\/\/www.fundacionsancebrian.com\/portal\/wp-content\/uploads\/2025\/05\/20250514_195542-768x768.jpg 768w, https:\/\/www.fundacionsancebrian.com\/portal\/wp-content\/uploads\/2025\/05\/20250514_195542-375x375.jpg 375w, https:\/\/www.fundacionsancebrian.com\/portal\/wp-content\/uploads\/2025\/05\/20250514_195542.jpg 800w\" sizes=\"(max-width: 150px) 100vw, 150px\" \/><\/a>\n\t\t\t<\/dt>\n\t\t\t\t<dd class='wp-caption-text gallery-caption' id='gallery-1-13582'>\n\t\t\t\tEspect\u00e1culo IRIS\n\t\t\t\t<\/dd><\/dl><dl class='gallery-item'>\n\t\t\t<dt class='gallery-icon landscape'>\n\t\t\t\t<a href='https:\/\/www.fundacionsancebrian.com\/portal\/includanza-cautiva-con-su-nuevo-espectaculo-iris\/20250514_195236\/#main'><img loading=\"lazy\" decoding=\"async\" width=\"150\" height=\"150\" src=\"https:\/\/www.fundacionsancebrian.com\/portal\/wp-content\/uploads\/2025\/05\/20250514_195236-150x150.jpg\" class=\"attachment-thumbnail size-thumbnail\" alt=\"\" aria-describedby=\"gallery-1-13581\" srcset=\"https:\/\/www.fundacionsancebrian.com\/portal\/wp-content\/uploads\/2025\/05\/20250514_195236-150x150.jpg 150w, https:\/\/www.fundacionsancebrian.com\/portal\/wp-content\/uploads\/2025\/05\/20250514_195236-300x300.jpg 300w, https:\/\/www.fundacionsancebrian.com\/portal\/wp-content\/uploads\/2025\/05\/20250514_195236-768x768.jpg 768w, https:\/\/www.fundacionsancebrian.com\/portal\/wp-content\/uploads\/2025\/05\/20250514_195236-375x375.jpg 375w, https:\/\/www.fundacionsancebrian.com\/portal\/wp-content\/uploads\/2025\/05\/20250514_195236.jpg 800w\" sizes=\"(max-width: 150px) 100vw, 150px\" \/><\/a>\n\t\t\t<\/dt>\n\t\t\t\t<dd class='wp-caption-text gallery-caption' id='gallery-1-13581'>\n\t\t\t\tEspect\u00e1culo IRIS\n\t\t\t\t<\/dd><\/dl><br style=\"clear: both\" \/><dl class='gallery-item'>\n\t\t\t<dt class='gallery-icon landscape'>\n\t\t\t\t<a href='https:\/\/www.fundacionsancebrian.com\/portal\/20250514_195233\/'><img loading=\"lazy\" decoding=\"async\" width=\"150\" height=\"150\" src=\"https:\/\/www.fundacionsancebrian.com\/portal\/wp-content\/uploads\/2025\/05\/20250514_195233-150x150.jpg\" class=\"attachment-thumbnail size-thumbnail\" alt=\"\" aria-describedby=\"gallery-1-13580\" srcset=\"https:\/\/www.fundacionsancebrian.com\/portal\/wp-content\/uploads\/2025\/05\/20250514_195233-150x150.jpg 150w, https:\/\/www.fundacionsancebrian.com\/portal\/wp-content\/uploads\/2025\/05\/20250514_195233-300x300.jpg 300w, https:\/\/www.fundacionsancebrian.com\/portal\/wp-content\/uploads\/2025\/05\/20250514_195233-768x768.jpg 768w, https:\/\/www.fundacionsancebrian.com\/portal\/wp-content\/uploads\/2025\/05\/20250514_195233-375x375.jpg 375w, https:\/\/www.fundacionsancebrian.com\/portal\/wp-content\/uploads\/2025\/05\/20250514_195233.jpg 800w\" sizes=\"(max-width: 150px) 100vw, 150px\" \/><\/a>\n\t\t\t<\/dt>\n\t\t\t\t<dd class='wp-caption-text gallery-caption' id='gallery-1-13580'>\n\t\t\t\tEspect\u00e1culo IRIS\n\t\t\t\t<\/dd><\/dl><dl class='gallery-item'>\n\t\t\t<dt class='gallery-icon landscape'>\n\t\t\t\t<a href='https:\/\/www.fundacionsancebrian.com\/portal\/20250514_194914\/'><img loading=\"lazy\" decoding=\"async\" width=\"150\" height=\"150\" src=\"https:\/\/www.fundacionsancebrian.com\/portal\/wp-content\/uploads\/2025\/05\/20250514_194914-150x150.jpg\" class=\"attachment-thumbnail size-thumbnail\" alt=\"\" aria-describedby=\"gallery-1-13579\" srcset=\"https:\/\/www.fundacionsancebrian.com\/portal\/wp-content\/uploads\/2025\/05\/20250514_194914-150x150.jpg 150w, https:\/\/www.fundacionsancebrian.com\/portal\/wp-content\/uploads\/2025\/05\/20250514_194914-300x300.jpg 300w, https:\/\/www.fundacionsancebrian.com\/portal\/wp-content\/uploads\/2025\/05\/20250514_194914-1024x1024.jpg 1024w, https:\/\/www.fundacionsancebrian.com\/portal\/wp-content\/uploads\/2025\/05\/20250514_194914-768x768.jpg 768w, https:\/\/www.fundacionsancebrian.com\/portal\/wp-content\/uploads\/2025\/05\/20250514_194914-1536x1536.jpg 1536w, https:\/\/www.fundacionsancebrian.com\/portal\/wp-content\/uploads\/2025\/05\/20250514_194914-2048x2048.jpg 2048w, https:\/\/www.fundacionsancebrian.com\/portal\/wp-content\/uploads\/2025\/05\/20250514_194914-375x375.jpg 375w\" sizes=\"(max-width: 150px) 100vw, 150px\" \/><\/a>\n\t\t\t<\/dt>\n\t\t\t\t<dd class='wp-caption-text gallery-caption' id='gallery-1-13579'>\n\t\t\t\tEspect\u00e1culo IRIS\n\t\t\t\t<\/dd><\/dl><dl class='gallery-item'>\n\t\t\t<dt class='gallery-icon landscape'>\n\t\t\t\t<a href='https:\/\/www.fundacionsancebrian.com\/portal\/20250514_195823\/'><img loading=\"lazy\" decoding=\"async\" width=\"150\" height=\"150\" src=\"https:\/\/www.fundacionsancebrian.com\/portal\/wp-content\/uploads\/2025\/05\/20250514_195823-150x150.jpg\" class=\"attachment-thumbnail size-thumbnail\" alt=\"\" aria-describedby=\"gallery-1-13583\" srcset=\"https:\/\/www.fundacionsancebrian.com\/portal\/wp-content\/uploads\/2025\/05\/20250514_195823-150x150.jpg 150w, https:\/\/www.fundacionsancebrian.com\/portal\/wp-content\/uploads\/2025\/05\/20250514_195823-300x300.jpg 300w, https:\/\/www.fundacionsancebrian.com\/portal\/wp-content\/uploads\/2025\/05\/20250514_195823-768x768.jpg 768w, https:\/\/www.fundacionsancebrian.com\/portal\/wp-content\/uploads\/2025\/05\/20250514_195823-375x375.jpg 375w, https:\/\/www.fundacionsancebrian.com\/portal\/wp-content\/uploads\/2025\/05\/20250514_195823.jpg 800w\" sizes=\"(max-width: 150px) 100vw, 150px\" \/><\/a>\n\t\t\t<\/dt>\n\t\t\t\t<dd class='wp-caption-text gallery-caption' id='gallery-1-13583'>\n\t\t\t\tEspect\u00e1culo IRIS\n\t\t\t\t<\/dd><\/dl><br style=\"clear: both\" \/><dl class='gallery-item'>\n\t\t\t<dt class='gallery-icon landscape'>\n\t\t\t\t<a href='https:\/\/www.fundacionsancebrian.com\/portal\/20250514_194836\/'><img loading=\"lazy\" decoding=\"async\" width=\"150\" height=\"150\" src=\"https:\/\/www.fundacionsancebrian.com\/portal\/wp-content\/uploads\/2025\/05\/20250514_194836-150x150.jpg\" class=\"attachment-thumbnail size-thumbnail\" alt=\"\" aria-describedby=\"gallery-1-13578\" srcset=\"https:\/\/www.fundacionsancebrian.com\/portal\/wp-content\/uploads\/2025\/05\/20250514_194836-150x150.jpg 150w, https:\/\/www.fundacionsancebrian.com\/portal\/wp-content\/uploads\/2025\/05\/20250514_194836-300x300.jpg 300w, https:\/\/www.fundacionsancebrian.com\/portal\/wp-content\/uploads\/2025\/05\/20250514_194836-768x768.jpg 768w, https:\/\/www.fundacionsancebrian.com\/portal\/wp-content\/uploads\/2025\/05\/20250514_194836-375x375.jpg 375w, https:\/\/www.fundacionsancebrian.com\/portal\/wp-content\/uploads\/2025\/05\/20250514_194836.jpg 800w\" sizes=\"(max-width: 150px) 100vw, 150px\" \/><\/a>\n\t\t\t<\/dt>\n\t\t\t\t<dd class='wp-caption-text gallery-caption' id='gallery-1-13578'>\n\t\t\t\tEspect\u00e1culo IRIS\n\t\t\t\t<\/dd><\/dl><dl class='gallery-item'>\n\t\t\t<dt class='gallery-icon landscape'>\n\t\t\t\t<a href='https:\/\/www.fundacionsancebrian.com\/portal\/20250514_194816\/'><img loading=\"lazy\" decoding=\"async\" width=\"150\" height=\"150\" src=\"https:\/\/www.fundacionsancebrian.com\/portal\/wp-content\/uploads\/2025\/05\/20250514_194816-150x150.jpg\" class=\"attachment-thumbnail size-thumbnail\" alt=\"\" aria-describedby=\"gallery-1-13577\" srcset=\"https:\/\/www.fundacionsancebrian.com\/portal\/wp-content\/uploads\/2025\/05\/20250514_194816-150x150.jpg 150w, https:\/\/www.fundacionsancebrian.com\/portal\/wp-content\/uploads\/2025\/05\/20250514_194816-300x300.jpg 300w, https:\/\/www.fundacionsancebrian.com\/portal\/wp-content\/uploads\/2025\/05\/20250514_194816-768x768.jpg 768w, https:\/\/www.fundacionsancebrian.com\/portal\/wp-content\/uploads\/2025\/05\/20250514_194816-375x375.jpg 375w, https:\/\/www.fundacionsancebrian.com\/portal\/wp-content\/uploads\/2025\/05\/20250514_194816.jpg 800w\" sizes=\"(max-width: 150px) 100vw, 150px\" \/><\/a>\n\t\t\t<\/dt>\n\t\t\t\t<dd class='wp-caption-text gallery-caption' id='gallery-1-13577'>\n\t\t\t\tEspect\u00e1culo IRIS\n\t\t\t\t<\/dd><\/dl><dl class='gallery-item'>\n\t\t\t<dt class='gallery-icon landscape'>\n\t\t\t\t<a href='https:\/\/www.fundacionsancebrian.com\/portal\/includanza\/930d2356-092c-44c0-88d5b370685036d91\/#main'><img loading=\"lazy\" decoding=\"async\" width=\"150\" height=\"150\" src=\"https:\/\/www.fundacionsancebrian.com\/portal\/wp-content\/uploads\/2025\/05\/930D2356-092C-44C0-88D5B370685036D91-150x150.webp\" class=\"attachment-thumbnail size-thumbnail\" alt=\"\" aria-describedby=\"gallery-1-13565\" srcset=\"https:\/\/www.fundacionsancebrian.com\/portal\/wp-content\/uploads\/2025\/05\/930D2356-092C-44C0-88D5B370685036D91-150x150.webp 150w, https:\/\/www.fundacionsancebrian.com\/portal\/wp-content\/uploads\/2025\/05\/930D2356-092C-44C0-88D5B370685036D91-375x375.webp 375w\" sizes=\"(max-width: 150px) 100vw, 150px\" \/><\/a>\n\t\t\t<\/dt>\n\t\t\t\t<dd class='wp-caption-text gallery-caption' id='gallery-1-13565'>\n\t\t\t\tEspect\u00e1culo IRIS\n\t\t\t\t<\/dd><\/dl><br style=\"clear: both\" \/>\n\t\t<\/div>\n\n<\/div>\n<\/div><\/div><\/div><\/div><\/div>","protected":false},"excerpt":{"rendered":"<p>Estreno del espect\u00e1culo \u00abIRIS\u00bb en el Teatro Principal. La compa\u00f1\u00eda de danza Includanza estren\u00f3 su nuevo espect\u00e1culo en el Teatro Principal de Palencia Este espect\u00e1culo se llama IRIS. En este espect\u00e1culo los bailarines actuaron solos en el escenario. Es la primera vez que act\u00faan sin su profesora. Al estreno asistieron personas importantes de Palencia: La [&hellip;]<\/p>\n","protected":false},"author":1,"featured_media":13565,"comment_status":"closed","ping_status":"open","sticky":false,"template":"","format":"standard","meta":{"_seopress_robots_primary_cat":"none","_seopress_titles_title":"","_seopress_titles_desc":"","_seopress_robots_index":"","_eb_attr":"","footnotes":""},"categories":[8],"tags":[],"class_list":["post-13560","post","type-post","status-publish","format-standard","has-post-thumbnail","hentry","category-noticias","post-with-thumbnail","post-with-thumbnail-icon"],"_links":{"self":[{"href":"https:\/\/www.fundacionsancebrian.com\/portal\/wp-json\/wp\/v2\/posts\/13560","targetHints":{"allow":["GET"]}}],"collection":[{"href":"https:\/\/www.fundacionsancebrian.com\/portal\/wp-json\/wp\/v2\/posts"}],"about":[{"href":"https:\/\/www.fundacionsancebrian.com\/portal\/wp-json\/wp\/v2\/types\/post"}],"author":[{"embeddable":true,"href":"https:\/\/www.fundacionsancebrian.com\/portal\/wp-json\/wp\/v2\/users\/1"}],"replies":[{"embeddable":true,"href":"https:\/\/www.fundacionsancebrian.com\/portal\/wp-json\/wp\/v2\/comments?post=13560"}],"version-history":[{"count":7,"href":"https:\/\/www.fundacionsancebrian.com\/portal\/wp-json\/wp\/v2\/posts\/13560\/revisions"}],"predecessor-version":[{"id":13601,"href":"https:\/\/www.fundacionsancebrian.com\/portal\/wp-json\/wp\/v2\/posts\/13560\/revisions\/13601"}],"wp:featuredmedia":[{"embeddable":true,"href":"https:\/\/www.fundacionsancebrian.com\/portal\/wp-json\/wp\/v2\/media\/13565"}],"wp:attachment":[{"href":"https:\/\/www.fundacionsancebrian.com\/portal\/wp-json\/wp\/v2\/media?parent=13560"}],"wp:term":[{"taxonomy":"category","embeddable":true,"href":"https:\/\/www.fundacionsancebrian.com\/portal\/wp-json\/wp\/v2\/categories?post=13560"},{"taxonomy":"post_tag","embeddable":true,"href":"https:\/\/www.fundacionsancebrian.com\/portal\/wp-json\/wp\/v2\/tags?post=13560"}],"curies":[{"name":"wp","href":"https:\/\/api.w.org\/{rel}","templated":true}]}}