{"id":13778,"date":"2024-11-25T09:51:37","date_gmt":"2024-11-25T08:51:37","guid":{"rendered":"https:\/\/www.fundacionsancebrian.com\/portal\/?p=13778"},"modified":"2025-07-24T11:27:58","modified_gmt":"2025-07-24T09:27:58","slug":"nuevo-equipamiento-en-una-vivienda-gracias-a-fundacion-once","status":"publish","type":"post","link":"https:\/\/www.fundacionsancebrian.com\/portal\/nuevo-equipamiento-en-una-vivienda-gracias-a-fundacion-once\/","title":{"rendered":"Nuevo equipamiento en dos viviendas, gracias a Fundaci\u00f3n ONCE"},"content":{"rendered":"<div id=\"pl-13778\"  class=\"panel-layout\" ><div id=\"pg-13778-0\"  class=\"panel-grid panel-no-style\" ><div id=\"pgc-13778-0-0\"  class=\"panel-grid-cell\" ><div id=\"panel-13778-0-0-0\" class=\"so-panel widget widget_sow-editor panel-first-child panel-last-child\" data-index=\"0\" ><div\n\t\t\t\n\t\t\tclass=\"so-widget-sow-editor so-widget-sow-editor-base\"\n\t\t\t\n\t\t><h3 class=\"widget-title\">Dos viviendas de la entidad disponen de nuevo equipamiento gracias a esta financiaci\u00f3n<\/h3>\n<div class=\"siteorigin-widget-tinymce textwidget\">\n\t<p>Dos viviendas de la Fundaci\u00f3n San Cebri\u00e1n cuentan ya con un nuevo equipamiento gracias a la financiaci\u00f3n de la Fundaci\u00f3n ONCE.<a href=\"https:\/\/www.fundacionsancebrian.com\/portal\/wp-content\/uploads\/2025\/07\/49578788478_62b886e14a_o.jpg\"><img fetchpriority=\"high\" fetchpriority=\"high\" decoding=\"async\" class=\"alignright wp-image-13781 size-medium\" src=\"https:\/\/www.fundacionsancebrian.com\/portal\/wp-content\/uploads\/2025\/07\/49578788478_62b886e14a_o-300x225.jpg\" alt=\"\" width=\"300\" height=\"225\" srcset=\"https:\/\/www.fundacionsancebrian.com\/portal\/wp-content\/uploads\/2025\/07\/49578788478_62b886e14a_o-300x225.jpg 300w, https:\/\/www.fundacionsancebrian.com\/portal\/wp-content\/uploads\/2025\/07\/49578788478_62b886e14a_o-1024x768.jpg 1024w, https:\/\/www.fundacionsancebrian.com\/portal\/wp-content\/uploads\/2025\/07\/49578788478_62b886e14a_o-768x576.jpg 768w, https:\/\/www.fundacionsancebrian.com\/portal\/wp-content\/uploads\/2025\/07\/49578788478_62b886e14a_o-1536x1152.jpg 1536w, https:\/\/www.fundacionsancebrian.com\/portal\/wp-content\/uploads\/2025\/07\/49578788478_62b886e14a_o.jpg 1600w\" sizes=\"(max-width: 300px) 100vw, 300px\" \/><\/a> Con el equipamiento de \u00a0estas viviendas se mejora y potencia la autonom\u00eda de las personas con discapacidad intelectual, mejora su inclusi\u00f3n en la comunidad, ofrece mayor oportunidades de desarrollar como personas de pleno derecho y mejora toma de decisiones.<\/p>\n<p>Las viviendas tienen una capacidad total para 15 personas ( 7 personas y 8 personas)\u00a0 y este equipamiento est\u00e1 a habitaciones dobles e individuales.<\/p>\n<p>&nbsp;<\/p>\n<p>&nbsp;<\/p>\n<\/div>\n<\/div><\/div><\/div><\/div><\/div>","protected":false},"excerpt":{"rendered":"<p>Dos viviendas de la Fundaci\u00f3n San Cebri\u00e1n cuentan ya con un nuevo equipamiento gracias a la financiaci\u00f3n de la Fundaci\u00f3n ONCE. Con el equipamiento de \u00a0estas viviendas se mejora y potencia la autonom\u00eda de las personas con discapacidad intelectual, mejora su inclusi\u00f3n en la comunidad, ofrece mayor oportunidades de desarrollar como personas de pleno derecho [&hellip;]<\/p>\n","protected":false},"author":1,"featured_media":13782,"comment_status":"closed","ping_status":"open","sticky":false,"template":"","format":"standard","meta":{"_seopress_robots_primary_cat":"none","_seopress_titles_title":"","_seopress_titles_desc":"","_seopress_robots_index":"","_eb_attr":"","footnotes":""},"categories":[8],"tags":[],"class_list":["post-13778","post","type-post","status-publish","format-standard","has-post-thumbnail","hentry","category-noticias","post-with-thumbnail","post-with-thumbnail-icon"],"_links":{"self":[{"href":"https:\/\/www.fundacionsancebrian.com\/portal\/wp-json\/wp\/v2\/posts\/13778","targetHints":{"allow":["GET"]}}],"collection":[{"href":"https:\/\/www.fundacionsancebrian.com\/portal\/wp-json\/wp\/v2\/posts"}],"about":[{"href":"https:\/\/www.fundacionsancebrian.com\/portal\/wp-json\/wp\/v2\/types\/post"}],"author":[{"embeddable":true,"href":"https:\/\/www.fundacionsancebrian.com\/portal\/wp-json\/wp\/v2\/users\/1"}],"replies":[{"embeddable":true,"href":"https:\/\/www.fundacionsancebrian.com\/portal\/wp-json\/wp\/v2\/comments?post=13778"}],"version-history":[{"count":3,"href":"https:\/\/www.fundacionsancebrian.com\/portal\/wp-json\/wp\/v2\/posts\/13778\/revisions"}],"predecessor-version":[{"id":13785,"href":"https:\/\/www.fundacionsancebrian.com\/portal\/wp-json\/wp\/v2\/posts\/13778\/revisions\/13785"}],"wp:featuredmedia":[{"embeddable":true,"href":"https:\/\/www.fundacionsancebrian.com\/portal\/wp-json\/wp\/v2\/media\/13782"}],"wp:attachment":[{"href":"https:\/\/www.fundacionsancebrian.com\/portal\/wp-json\/wp\/v2\/media?parent=13778"}],"wp:term":[{"taxonomy":"category","embeddable":true,"href":"https:\/\/www.fundacionsancebrian.com\/portal\/wp-json\/wp\/v2\/categories?post=13778"},{"taxonomy":"post_tag","embeddable":true,"href":"https:\/\/www.fundacionsancebrian.com\/portal\/wp-json\/wp\/v2\/tags?post=13778"}],"curies":[{"name":"wp","href":"https:\/\/api.w.org\/{rel}","templated":true}]}}