{"id":13867,"date":"2023-04-27T16:01:13","date_gmt":"2023-04-27T14:01:13","guid":{"rendered":"https:\/\/www.fundacionsancebrian.com\/portal\/?p=13867"},"modified":"2025-09-16T16:17:19","modified_gmt":"2025-09-16T14:17:19","slug":"el-proyecto-home-llega-a-paredes-de-nava","status":"publish","type":"post","link":"https:\/\/www.fundacionsancebrian.com\/portal\/el-proyecto-home-llega-a-paredes-de-nava\/","title":{"rendered":"El Proyecto HOME llega a Paredes de Nava"},"content":{"rendered":"<div id=\"pl-13867\"  class=\"panel-layout\" ><div id=\"pg-13867-0\"  class=\"panel-grid panel-no-style\" ><div id=\"pgc-13867-0-0\"  class=\"panel-grid-cell\" ><div id=\"panel-13867-0-0-0\" class=\"so-panel widget widget_sow-editor panel-first-child panel-last-child\" data-index=\"0\" ><div\n\t\t\t\n\t\t\tclass=\"so-widget-sow-editor so-widget-sow-editor-base\"\n\t\t\t\n\t\t><h3 class=\"widget-title\">Se pretende contribuir a fijar poblaci\u00f3n en el territorio y mejorar la calidad de vida de quienes deciden instalarse en Paredes.<\/h3>\n<div class=\"siteorigin-widget-tinymce textwidget\">\n\t<p data-start=\"182\" data-end=\"574\">La Fundaci\u00f3n San Cebri\u00e1n, de la mano de su gerente, Eva del R\u00edo, se reuni\u00f3 en Paredes de Nava con el alcalde de la localidad, Luis Calder\u00f3n N\u00e1jera, y con el director general de la Fundaci\u00f3n Arraigo, Enrique Mart\u00ednez Pomar, para presentar el proyecto HOME, una iniciativa que busca ofrecer protecci\u00f3n, cuidado y apoyo a las personas que llegan a vivir al medio rural. <a href=\"https:\/\/www.fundacionsancebrian.com\/portal\/wp-content\/uploads\/2025\/09\/descarga.png\"><img fetchpriority=\"high\" fetchpriority=\"high\" decoding=\"async\" class=\"size-full wp-image-13870 alignright\" src=\"https:\/\/www.fundacionsancebrian.com\/portal\/wp-content\/uploads\/2025\/09\/descarga.png\" alt=\"\" width=\"225\" height=\"224\" srcset=\"https:\/\/www.fundacionsancebrian.com\/portal\/wp-content\/uploads\/2025\/09\/descarga.png 225w, https:\/\/www.fundacionsancebrian.com\/portal\/wp-content\/uploads\/2025\/09\/descarga-150x150.png 150w\" sizes=\"(max-width: 225px) 100vw, 225px\" \/><\/a><\/p>\n<p data-start=\"576\" data-end=\"801\">El encuentro sirvi\u00f3 para explorar v\u00edas de colaboraci\u00f3n entre las tres entidades con un objetivo com\u00fan: contribuir a fijar poblaci\u00f3n en el territorio y mejorar la calidad de vida de quienes deciden instalarse en Paredes.<\/p>\n<p data-start=\"803\" data-end=\"1060\">Desde Fundaci\u00f3n San Cebri\u00e1n se subray\u00f3 la importancia de tejer alianzas locales que permitan dar una respuesta real al reto demogr\u00e1fico, ofreciendo acompa\u00f1amiento y recursos tanto a las personas que llegan como a la propia comunidad que las acoge.<\/p>\n<p data-start=\"1062\" data-end=\"1280\">El proyecto HOME se plantea como un modelo de apoyo integral, que une el compromiso social de las entidades con la oportunidad de generar entornos m\u00e1s inclusivos y sostenibles en los pueblos de nuestra provincia. Es una iniciativa de innovaci\u00f3n social que articula servicios sociales, empleo y reto demogr\u00e1fico para intervenir espec\u00edficamente en territorios que est\u00e1n en riesgo demogr\u00e1fico.<\/p>\n<p data-start=\"270\" data-end=\"296\">Los puntos clave del proyecto:<\/p>\n<ul data-start=\"298\" data-end=\"906\">\n<li data-start=\"298\" data-end=\"451\">\n<p data-start=\"300\" data-end=\"451\">Se dirige a zonas con despoblaci\u00f3n, envejecimiento, baja natalidad o riesgo de p\u00e9rdida importante de poblaci\u00f3n.<\/p>\n<\/li>\n<li data-start=\"452\" data-end=\"605\">\n<p data-start=\"454\" data-end=\"605\">Busca ofrecer protecci\u00f3n, cuidado y apoyo a las personas que se trasladan o llegan a estos territorios rurales.<\/p>\n<\/li>\n<li data-start=\"606\" data-end=\"761\">\n<p data-start=\"608\" data-end=\"761\">Integra empleo como parte de la estrategia para fijar personas al territorio, reforzando la sostenibilidad local.<\/p>\n<\/li>\n<li data-start=\"762\" data-end=\"906\">\n<p data-start=\"764\" data-end=\"906\">Pretende colaborar con entidades locales y municipales para lograr un impacto m\u00e1s amplio y coordinado.<\/p>\n<\/li>\n<\/ul>\n<\/div>\n<\/div><\/div><\/div><\/div><\/div>","protected":false},"excerpt":{"rendered":"<p>La Fundaci\u00f3n San Cebri\u00e1n, de la mano de su gerente, Eva del R\u00edo, se reuni\u00f3 en Paredes de Nava con el alcalde de la localidad, Luis Calder\u00f3n N\u00e1jera, y con el director general de la Fundaci\u00f3n Arraigo, Enrique Mart\u00ednez Pomar, para presentar el proyecto HOME, una iniciativa que busca ofrecer protecci\u00f3n, cuidado y apoyo a [&hellip;]<\/p>\n","protected":false},"author":1,"featured_media":13870,"comment_status":"closed","ping_status":"open","sticky":false,"template":"","format":"standard","meta":{"_seopress_robots_primary_cat":"none","_seopress_titles_title":"","_seopress_titles_desc":"","_seopress_robots_index":"","_eb_attr":"","footnotes":""},"categories":[8],"tags":[],"class_list":["post-13867","post","type-post","status-publish","format-standard","has-post-thumbnail","hentry","category-noticias","post-with-thumbnail","post-with-thumbnail-icon"],"_links":{"self":[{"href":"https:\/\/www.fundacionsancebrian.com\/portal\/wp-json\/wp\/v2\/posts\/13867","targetHints":{"allow":["GET"]}}],"collection":[{"href":"https:\/\/www.fundacionsancebrian.com\/portal\/wp-json\/wp\/v2\/posts"}],"about":[{"href":"https:\/\/www.fundacionsancebrian.com\/portal\/wp-json\/wp\/v2\/types\/post"}],"author":[{"embeddable":true,"href":"https:\/\/www.fundacionsancebrian.com\/portal\/wp-json\/wp\/v2\/users\/1"}],"replies":[{"embeddable":true,"href":"https:\/\/www.fundacionsancebrian.com\/portal\/wp-json\/wp\/v2\/comments?post=13867"}],"version-history":[{"count":1,"href":"https:\/\/www.fundacionsancebrian.com\/portal\/wp-json\/wp\/v2\/posts\/13867\/revisions"}],"predecessor-version":[{"id":13871,"href":"https:\/\/www.fundacionsancebrian.com\/portal\/wp-json\/wp\/v2\/posts\/13867\/revisions\/13871"}],"wp:featuredmedia":[{"embeddable":true,"href":"https:\/\/www.fundacionsancebrian.com\/portal\/wp-json\/wp\/v2\/media\/13870"}],"wp:attachment":[{"href":"https:\/\/www.fundacionsancebrian.com\/portal\/wp-json\/wp\/v2\/media?parent=13867"}],"wp:term":[{"taxonomy":"category","embeddable":true,"href":"https:\/\/www.fundacionsancebrian.com\/portal\/wp-json\/wp\/v2\/categories?post=13867"},{"taxonomy":"post_tag","embeddable":true,"href":"https:\/\/www.fundacionsancebrian.com\/portal\/wp-json\/wp\/v2\/tags?post=13867"}],"curies":[{"name":"wp","href":"https:\/\/api.w.org\/{rel}","templated":true}]}}