{"id":13880,"date":"2024-06-28T10:51:24","date_gmt":"2024-06-28T08:51:24","guid":{"rendered":"https:\/\/www.fundacionsancebrian.com\/portal\/?p=13880"},"modified":"2025-09-17T10:58:04","modified_gmt":"2025-09-17T08:58:04","slug":"balance-positivo-del-proyecto-home","status":"publish","type":"post","link":"https:\/\/www.fundacionsancebrian.com\/portal\/balance-positivo-del-proyecto-home\/","title":{"rendered":"Balance positivo del proyecto HOME"},"content":{"rendered":"<div id=\"pl-13880\"  class=\"panel-layout\" ><div id=\"pg-13880-0\"  class=\"panel-grid panel-no-style\" ><div id=\"pgc-13880-0-0\"  class=\"panel-grid-cell\" ><div id=\"panel-13880-0-0-0\" class=\"so-panel widget widget_sow-editor panel-first-child panel-last-child\" data-index=\"0\" ><div\n\t\t\t\n\t\t\tclass=\"so-widget-sow-editor so-widget-sow-editor-base\"\n\t\t\t\n\t\t><h3 class=\"widget-title\">El proyecto HOME est\u00e1 impulsado por las entidades sociales Fundaci\u00f3n Asprodes, Fundaci\u00f3n San Cebri\u00e1n, Asociaci\u00f3n Asprodes y Asociaci\u00f3n Acopedis,<\/h3>\n<div class=\"siteorigin-widget-tinymce textwidget\">\n\t<p data-start=\"206\" data-end=\"564\">El proyecto HOME, impulsado por las entidades sociales <strong data-start=\"265\" data-end=\"353\">F<\/strong>undaci\u00f3n Asprodes, Fundaci\u00f3n San Cebri\u00e1n, Asociaci\u00f3n Asprodes y Asociaci\u00f3n Acopedis, con el apoyo del Ministerio para la Transici\u00f3n Ecol\u00f3gica y el Reto Demogr\u00e1fico (MITECO), ha cerrado su primera fase con resultados muy esperanzadores en la lucha contra la despoblaci\u00f3n en el medio rural.<\/p>\n<p data-start=\"566\" data-end=\"615\">Gracias a la puesta en marcha de este proyecto:<\/p>\n<ul data-start=\"617\" data-end=\"1238\">\n<li data-start=\"617\" data-end=\"799\">\n<p data-start=\"619\" data-end=\"799\">Se ha ofrecido apoyo directo a personas mayores en sus domicilios rurales a trav\u00e9s de asistentes personales, favoreciendo su permanencia en el territorio con calidad de vida.<\/p>\n<\/li>\n<li data-start=\"800\" data-end=\"958\">\n<p data-start=\"802\" data-end=\"958\">Se han creado itinerarios personalizados de formaci\u00f3n y empleo, que han permitido a numerosas personas encontrar nuevas oportunidades en la provincia.<\/p>\n<\/li>\n<li data-start=\"959\" data-end=\"1106\">\n<p data-start=\"961\" data-end=\"1106\">Se ha impulsado un programa de emprendimiento inclusivo, generando iniciativas econ\u00f3micas que diversifican y enriquecen la actividad local.<\/p>\n<\/li>\n<li data-start=\"1107\" data-end=\"1238\">\n<p data-start=\"1109\" data-end=\"1238\">Se han desarrollado servicios de repoblaci\u00f3n y nuevas prestaciones b\u00e1sicas que hacen m\u00e1s atractivo vivir en el medio rural.<\/p>\n<\/li>\n<\/ul>\n<p data-start=\"1240\" data-end=\"1449\">Este proyecto, concebido como un ecosistema de innovaci\u00f3n rural, ha demostrado que la cooperaci\u00f3n entre entidades sociales y administraciones es clave para dar una respuesta real al reto demogr\u00e1fico.<\/p>\n<p data-start=\"1451\" data-end=\"1636\">La experiencia de HOME est\u00e1 activando el c\u00edrculo virtuoso de la repoblaci\u00f3n: prestaci\u00f3n de servicios, creaci\u00f3n de empleo, recuperaci\u00f3n del atractivo y crecimiento de la poblaci\u00f3n.<\/p>\n<p data-start=\"1638\" data-end=\"1819\">Con este balance, Fundaci\u00f3n San Cebri\u00e1n y el resto de entidades participantes refuerzan su compromiso con un futuro m\u00e1s inclusivo y sostenible para los pueblos de Castilla y Le\u00f3n.<\/p>\n<p data-start=\"1638\" data-end=\"1819\"><a href=\"https:\/\/www.fundacionsancebrian.com\/portal\/wp-content\/uploads\/2025\/09\/EXTERNA.jpg\"><img fetchpriority=\"high\" fetchpriority=\"high\" decoding=\"async\" class=\"aligncenter wp-image-13883 size-large\" src=\"https:\/\/www.fundacionsancebrian.com\/portal\/wp-content\/uploads\/2025\/09\/EXTERNA-1024x791.jpg\" alt=\"\" width=\"720\" height=\"556\" srcset=\"https:\/\/www.fundacionsancebrian.com\/portal\/wp-content\/uploads\/2025\/09\/EXTERNA-1024x791.jpg 1024w, https:\/\/www.fundacionsancebrian.com\/portal\/wp-content\/uploads\/2025\/09\/EXTERNA-300x232.jpg 300w, https:\/\/www.fundacionsancebrian.com\/portal\/wp-content\/uploads\/2025\/09\/EXTERNA-768x593.jpg 768w, https:\/\/www.fundacionsancebrian.com\/portal\/wp-content\/uploads\/2025\/09\/EXTERNA-1536x1187.jpg 1536w, https:\/\/www.fundacionsancebrian.com\/portal\/wp-content\/uploads\/2025\/09\/EXTERNA.jpg 2000w\" sizes=\"(max-width: 720px) 100vw, 720px\" \/><\/a><a href=\"https:\/\/www.fundacionsancebrian.com\/portal\/wp-content\/uploads\/2025\/09\/INTERNA.jpg\"><img decoding=\"async\" class=\"size-large wp-image-13884 aligncenter\" src=\"https:\/\/www.fundacionsancebrian.com\/portal\/wp-content\/uploads\/2025\/09\/INTERNA-1024x791.jpg\" alt=\"\" width=\"720\" height=\"556\" srcset=\"https:\/\/www.fundacionsancebrian.com\/portal\/wp-content\/uploads\/2025\/09\/INTERNA-1024x791.jpg 1024w, https:\/\/www.fundacionsancebrian.com\/portal\/wp-content\/uploads\/2025\/09\/INTERNA-300x232.jpg 300w, https:\/\/www.fundacionsancebrian.com\/portal\/wp-content\/uploads\/2025\/09\/INTERNA-768x593.jpg 768w, https:\/\/www.fundacionsancebrian.com\/portal\/wp-content\/uploads\/2025\/09\/INTERNA-1536x1187.jpg 1536w, https:\/\/www.fundacionsancebrian.com\/portal\/wp-content\/uploads\/2025\/09\/INTERNA.jpg 2000w\" sizes=\"(max-width: 720px) 100vw, 720px\" \/><\/a><\/p>\n<\/div>\n<\/div><\/div><\/div><\/div><\/div>","protected":false},"excerpt":{"rendered":"<p>El proyecto HOME, impulsado por las entidades sociales Fundaci\u00f3n Asprodes, Fundaci\u00f3n San Cebri\u00e1n, Asociaci\u00f3n Asprodes y Asociaci\u00f3n Acopedis, con el apoyo del Ministerio para la Transici\u00f3n Ecol\u00f3gica y el Reto Demogr\u00e1fico (MITECO), ha cerrado su primera fase con resultados muy esperanzadores en la lucha contra la despoblaci\u00f3n en el medio rural. Gracias a la puesta [&hellip;]<\/p>\n","protected":false},"author":1,"featured_media":13870,"comment_status":"closed","ping_status":"open","sticky":false,"template":"","format":"standard","meta":{"_seopress_robots_primary_cat":"none","_seopress_titles_title":"","_seopress_titles_desc":"","_seopress_robots_index":"","_eb_attr":"","footnotes":""},"categories":[8],"tags":[],"class_list":["post-13880","post","type-post","status-publish","format-standard","has-post-thumbnail","hentry","category-noticias","post-with-thumbnail","post-with-thumbnail-icon"],"_links":{"self":[{"href":"https:\/\/www.fundacionsancebrian.com\/portal\/wp-json\/wp\/v2\/posts\/13880","targetHints":{"allow":["GET"]}}],"collection":[{"href":"https:\/\/www.fundacionsancebrian.com\/portal\/wp-json\/wp\/v2\/posts"}],"about":[{"href":"https:\/\/www.fundacionsancebrian.com\/portal\/wp-json\/wp\/v2\/types\/post"}],"author":[{"embeddable":true,"href":"https:\/\/www.fundacionsancebrian.com\/portal\/wp-json\/wp\/v2\/users\/1"}],"replies":[{"embeddable":true,"href":"https:\/\/www.fundacionsancebrian.com\/portal\/wp-json\/wp\/v2\/comments?post=13880"}],"version-history":[{"count":1,"href":"https:\/\/www.fundacionsancebrian.com\/portal\/wp-json\/wp\/v2\/posts\/13880\/revisions"}],"predecessor-version":[{"id":13885,"href":"https:\/\/www.fundacionsancebrian.com\/portal\/wp-json\/wp\/v2\/posts\/13880\/revisions\/13885"}],"wp:featuredmedia":[{"embeddable":true,"href":"https:\/\/www.fundacionsancebrian.com\/portal\/wp-json\/wp\/v2\/media\/13870"}],"wp:attachment":[{"href":"https:\/\/www.fundacionsancebrian.com\/portal\/wp-json\/wp\/v2\/media?parent=13880"}],"wp:term":[{"taxonomy":"category","embeddable":true,"href":"https:\/\/www.fundacionsancebrian.com\/portal\/wp-json\/wp\/v2\/categories?post=13880"},{"taxonomy":"post_tag","embeddable":true,"href":"https:\/\/www.fundacionsancebrian.com\/portal\/wp-json\/wp\/v2\/tags?post=13880"}],"curies":[{"name":"wp","href":"https:\/\/api.w.org\/{rel}","templated":true}]}}