{"id":13947,"date":"2023-10-23T17:57:37","date_gmt":"2023-10-23T15:57:37","guid":{"rendered":"https:\/\/www.fundacionsancebrian.com\/portal\/?p=13947"},"modified":"2025-09-25T18:09:17","modified_gmt":"2025-09-25T16:09:17","slug":"la-fundacion-san-cebrian-mejora-viviendas-gracias-al-apoyo-de-fundacion-once","status":"publish","type":"post","link":"https:\/\/www.fundacionsancebrian.com\/portal\/la-fundacion-san-cebrian-mejora-viviendas-gracias-al-apoyo-de-fundacion-once\/","title":{"rendered":"La Fundaci\u00f3n San Cebri\u00e1n mejora viviendas gracias al apoyo de Fundaci\u00f3n ONCE"},"content":{"rendered":"<div id=\"pl-13947\"  class=\"panel-layout\" ><div id=\"pg-13947-0\"  class=\"panel-grid panel-no-style\" ><div id=\"pgc-13947-0-0\"  class=\"panel-grid-cell\" ><div id=\"panel-13947-0-0-0\" class=\"so-panel widget widget_sow-editor panel-first-child panel-last-child\" data-index=\"0\" ><div\n\t\t\t\n\t\t\tclass=\"so-widget-sow-editor so-widget-sow-editor-base\"\n\t\t\t\n\t\t><h3 class=\"widget-title\">Se ha podido mejorar la eficiencia energ\u00e9tica de las viviendas y la calidad de vida de las personas con discapacidad <\/h3>\n<div class=\"siteorigin-widget-tinymce textwidget\">\n\t<p>La Fundaci\u00f3n San Cebri\u00e1n gracias al apoyo de Fundaci\u00f3n ONCE ha podido mejorar la infraestructura de viviendas de la entidad social<a href=\"https:\/\/www.fundacionsancebrian.com\/portal\/wp-content\/uploads\/2025\/09\/Ventanas-de-PVC-para-personas-con-movilidad-reducida-1-850x480-1.jpg\"><img fetchpriority=\"high\" fetchpriority=\"high\" decoding=\"async\" class=\"wp-image-13950 size-medium alignright\" src=\"https:\/\/www.fundacionsancebrian.com\/portal\/wp-content\/uploads\/2025\/09\/Ventanas-de-PVC-para-personas-con-movilidad-reducida-1-850x480-1-300x169.jpg\" alt=\"\" width=\"300\" height=\"169\" srcset=\"https:\/\/www.fundacionsancebrian.com\/portal\/wp-content\/uploads\/2025\/09\/Ventanas-de-PVC-para-personas-con-movilidad-reducida-1-850x480-1-300x169.jpg 300w, https:\/\/www.fundacionsancebrian.com\/portal\/wp-content\/uploads\/2025\/09\/Ventanas-de-PVC-para-personas-con-movilidad-reducida-1-850x480-1-768x434.jpg 768w, https:\/\/www.fundacionsancebrian.com\/portal\/wp-content\/uploads\/2025\/09\/Ventanas-de-PVC-para-personas-con-movilidad-reducida-1-850x480-1.jpg 850w\" sizes=\"(max-width: 300px) 100vw, 300px\" \/><\/a> en San Cebri\u00e1n de Campos, con la instalaci\u00f3n de nuevas ventanas lo que ha permitido no s\u00f3lo mejorar la calidad de vida de las personas con discapacidad intelectual que viven en ellas, mejorando su confort; sino tambi\u00e9n ha permitido mejorar la eficiencia energ\u00e9tica de estas viviendas al reducirse el consumo.<\/p>\n<p>En las viviendas conviven 35 personas con discapacidad que desde la mejora llevada a cabo en sus viviendas han mejorado su bienestar y calidad de vida, con el apoyo de la Fundaci\u00f3n ONCE<\/p>\n<\/div>\n<\/div><\/div><\/div><\/div><\/div>","protected":false},"excerpt":{"rendered":"<p>La Fundaci\u00f3n San Cebri\u00e1n gracias al apoyo de Fundaci\u00f3n ONCE ha podido mejorar la infraestructura de viviendas de la entidad social en San Cebri\u00e1n de Campos, con la instalaci\u00f3n de nuevas ventanas lo que ha permitido no s\u00f3lo mejorar la calidad de vida de las personas con discapacidad intelectual que viven en ellas, mejorando su [&hellip;]<\/p>\n","protected":false},"author":1,"featured_media":13950,"comment_status":"closed","ping_status":"open","sticky":false,"template":"","format":"standard","meta":{"_seopress_robots_primary_cat":"none","_seopress_titles_title":"","_seopress_titles_desc":"","_seopress_robots_index":"","_eb_attr":"","footnotes":""},"categories":[8],"tags":[],"class_list":["post-13947","post","type-post","status-publish","format-standard","has-post-thumbnail","hentry","category-noticias","post-with-thumbnail","post-with-thumbnail-icon"],"_links":{"self":[{"href":"https:\/\/www.fundacionsancebrian.com\/portal\/wp-json\/wp\/v2\/posts\/13947","targetHints":{"allow":["GET"]}}],"collection":[{"href":"https:\/\/www.fundacionsancebrian.com\/portal\/wp-json\/wp\/v2\/posts"}],"about":[{"href":"https:\/\/www.fundacionsancebrian.com\/portal\/wp-json\/wp\/v2\/types\/post"}],"author":[{"embeddable":true,"href":"https:\/\/www.fundacionsancebrian.com\/portal\/wp-json\/wp\/v2\/users\/1"}],"replies":[{"embeddable":true,"href":"https:\/\/www.fundacionsancebrian.com\/portal\/wp-json\/wp\/v2\/comments?post=13947"}],"version-history":[{"count":1,"href":"https:\/\/www.fundacionsancebrian.com\/portal\/wp-json\/wp\/v2\/posts\/13947\/revisions"}],"predecessor-version":[{"id":13951,"href":"https:\/\/www.fundacionsancebrian.com\/portal\/wp-json\/wp\/v2\/posts\/13947\/revisions\/13951"}],"wp:featuredmedia":[{"embeddable":true,"href":"https:\/\/www.fundacionsancebrian.com\/portal\/wp-json\/wp\/v2\/media\/13950"}],"wp:attachment":[{"href":"https:\/\/www.fundacionsancebrian.com\/portal\/wp-json\/wp\/v2\/media?parent=13947"}],"wp:term":[{"taxonomy":"category","embeddable":true,"href":"https:\/\/www.fundacionsancebrian.com\/portal\/wp-json\/wp\/v2\/categories?post=13947"},{"taxonomy":"post_tag","embeddable":true,"href":"https:\/\/www.fundacionsancebrian.com\/portal\/wp-json\/wp\/v2\/tags?post=13947"}],"curies":[{"name":"wp","href":"https:\/\/api.w.org\/{rel}","templated":true}]}}