{"id":5159,"date":"2019-02-19T15:56:08","date_gmt":"2019-02-19T15:56:08","guid":{"rendered":"http:\/\/www.fundacionsancebrian.com\/portal\/?p=5159"},"modified":"2019-02-22T13:34:13","modified_gmt":"2019-02-22T13:34:13","slug":"comienza-el-programa-de-orientacion-en-el-empleo-y-autoempleo","status":"publish","type":"post","link":"https:\/\/www.fundacionsancebrian.com\/portal\/comienza-el-programa-de-orientacion-en-el-empleo-y-autoempleo\/","title":{"rendered":"Comienza el programa de orientaci\u00f3n en el empleo y autoempleo"},"content":{"rendered":"<div id=\"pl-5159\"  class=\"panel-layout\" ><div id=\"pg-5159-0\"  class=\"panel-grid panel-no-style\" ><div id=\"pgc-5159-0-0\"  class=\"panel-grid-cell\" ><div id=\"panel-5159-0-0-0\" class=\"so-panel widget widget_sow-editor panel-first-child\" data-index=\"0\" ><div\n\t\t\t\n\t\t\tclass=\"so-widget-sow-editor so-widget-sow-editor-base\"\n\t\t\t\n\t\t>\n<div class=\"siteorigin-widget-tinymce textwidget\">\n\t<p><a href=\"http:\/\/www.fundacionsancebrian.com\/portal\/orientacion-profesional-al-empleo-y-autoempleo\/\"><img fetchpriority=\"high\" fetchpriority=\"high\" decoding=\"async\" class=\"aligncenter wp-image-2544 size-full\" src=\"http:\/\/www.fundacionsancebrian.com\/portal\/wp-content\/uploads\/2018\/04\/Banner-facil5.jpg\" alt=\"\" width=\"1080\" height=\"100\" srcset=\"https:\/\/www.fundacionsancebrian.com\/portal\/wp-content\/uploads\/2018\/04\/Banner-facil5.jpg 1080w, https:\/\/www.fundacionsancebrian.com\/portal\/wp-content\/uploads\/2018\/04\/Banner-facil5-600x56.jpg 600w, https:\/\/www.fundacionsancebrian.com\/portal\/wp-content\/uploads\/2018\/04\/Banner-facil5-300x28.jpg 300w, https:\/\/www.fundacionsancebrian.com\/portal\/wp-content\/uploads\/2018\/04\/Banner-facil5-768x71.jpg 768w, https:\/\/www.fundacionsancebrian.com\/portal\/wp-content\/uploads\/2018\/04\/Banner-facil5-1024x95.jpg 1024w\" sizes=\"(max-width: 1080px) 100vw, 1080px\" \/><\/a><\/p>\n<\/div>\n<\/div><\/div><div id=\"panel-5159-0-0-1\" class=\"so-panel widget widget_sow-editor\" data-index=\"1\" ><div\n\t\t\t\n\t\t\tclass=\"so-widget-sow-editor so-widget-sow-editor-base\"\n\t\t\t\n\t\t>\n<div class=\"siteorigin-widget-tinymce textwidget\">\n\t<h1>Comienza el programa de orientaci\u00f3n en el empleo y autoempleo<\/h1>\n<div class=\"su-divider su-divider-style-default\" style=\"margin:0px 0;border-width:1px;border-color:#999999\"><\/div>\n<\/div>\n<\/div><\/div><div id=\"panel-5159-0-0-2\" class=\"so-panel widget widget_sow-editor\" data-index=\"2\" ><div\n\t\t\t\n\t\t\tclass=\"so-widget-sow-editor so-widget-sow-editor-base\"\n\t\t\t\n\t\t>\n<div class=\"siteorigin-widget-tinymce textwidget\">\n\t<p><a href=\"http:\/\/www.fundacionsancebrian.com\/portal\/wp-content\/uploads\/2019\/02\/33270028958_f79f5877a5_k-1.jpg\"><img decoding=\"async\" class=\"alignright wp-image-5161\" src=\"http:\/\/www.fundacionsancebrian.com\/portal\/wp-content\/uploads\/2019\/02\/33270028958_f79f5877a5_k-1-300x225.jpg\" alt=\"\" width=\"500\" height=\"375\" srcset=\"https:\/\/www.fundacionsancebrian.com\/portal\/wp-content\/uploads\/2019\/02\/33270028958_f79f5877a5_k-1-300x225.jpg 300w, https:\/\/www.fundacionsancebrian.com\/portal\/wp-content\/uploads\/2019\/02\/33270028958_f79f5877a5_k-1-768x576.jpg 768w, https:\/\/www.fundacionsancebrian.com\/portal\/wp-content\/uploads\/2019\/02\/33270028958_f79f5877a5_k-1-1024x768.jpg 1024w, https:\/\/www.fundacionsancebrian.com\/portal\/wp-content\/uploads\/2019\/02\/33270028958_f79f5877a5_k-1-600x450.jpg 600w, https:\/\/www.fundacionsancebrian.com\/portal\/wp-content\/uploads\/2019\/02\/33270028958_f79f5877a5_k-1.jpg 2048w\" sizes=\"(max-width: 500px) 100vw, 500px\" \/><\/a>El Programa de orientaci\u00f3n\u00a0profesional para el empleo y asistencia para el autoempleo dirigido a parados de larga duraci\u00f3n (PROALPD) en Castilla y Le\u00f3n, permitir\u00e1 a las organizaciones de la federaci\u00f3n regional Plena inclusi\u00f3n (que hayan concurrido a esta convocatoria de subvenciones) desarrollar acciones orientadas a mejorar el itinerario laboral de personas que llevan tiempo en paro. El programa est\u00e1 financiado por el Servicio P\u00fablico de Empleo de Castilla y Le\u00f3n (<em>Ecyl)<\/em>.<\/p>\n<p>El \u00a0programa \u00a0va a permitir que 420 parados de larga duraci\u00f3n puedan recibir por parte del Grupo Fundaci\u00f3n San Cebri\u00e1n diferentes acciones de orientaci\u00f3n (individuales y grupales) en la ciudad de Palencia, Venta de Ba\u00f1os (oficina que se incorpora este a\u00f1o por primera vez) y Carri\u00f3n de los Condes, dirigidas \u201cmayoritariamente al empleo pero tambi\u00e9n para autoempleo\u201d como tutor\u00edas; sesiones y talleres de b\u00fasqueda activa de empleo por internet; \u00a0\u00a0informaci\u00f3n para reconocimiento de competencias profesionales; talleres de entrevistas; desarrollo de aspectos profesionales para la ocupaci\u00f3n; sesiones de informaci\u00f3n y motivaci\u00f3n para el autoempleo (grupal) y asesoramiento a proyectos empresariales. Cuatro orientadores y dos t\u00e9cnicos de apoyo se encargar\u00e1n de desarrollar estas acciones.<\/p>\n<p><strong>Programa 2018. <\/strong>El pasado a\u00f1o, los t\u00e9cnicos del Grupo Fundaci\u00f3n San Cebri\u00e1n atendieron y orientaron a 540 personas, con los que se pudo trabajar desde la Motivaci\u00f3n y aspectos personales, hasta el uso de las tecnolog\u00edas, la informaci\u00f3n sobre el empleo p\u00fablico, informaci\u00f3n sobre tr\u00e1mites administrativos\u2026<\/p>\n<p>La media de edad de los usuarios atendidos ha sido de entre 50 y 55 a\u00f1os y en su mayor parte con discapacidad reconocida y\/o problemas de salud graves que genera unas limitaciones funcionales de cara a la inserci\u00f3n laboral.<\/p>\n<p>En cuanto a los datos de empleabilidad del pasado a\u00f1o, un 15 % de los usuarios atendidos se tiene constancia de que han encontrado un empleo o han abandonado el programa por encontrarlo.<\/p>\n<\/div>\n<\/div><\/div><div id=\"panel-5159-0-0-3\" class=\"so-panel widget widget_sow-editor panel-last-child\" data-index=\"3\" ><div\n\t\t\t\n\t\t\tclass=\"so-widget-sow-editor so-widget-sow-editor-base\"\n\t\t\t\n\t\t>\n<div class=\"siteorigin-widget-tinymce textwidget\">\n\t<p>Los\u00a0<strong>Objetivos del Desarrollo Sostenible 2030<\/strong>\u00a0a los que este proyecto contribuye son:<\/p>\n<p><img decoding=\"async\" class=\"alignleft size-full wp-image-4595\" src=\"http:\/\/www.fundacionsancebrian.com\/portal\/wp-content\/uploads\/2018\/11\/sdg-es-08.png\" alt=\"\" width=\"150\" height=\"150\" srcset=\"https:\/\/www.fundacionsancebrian.com\/portal\/wp-content\/uploads\/2018\/11\/sdg-es-08.png 150w, https:\/\/www.fundacionsancebrian.com\/portal\/wp-content\/uploads\/2018\/11\/sdg-es-08-100x100.png 100w, https:\/\/www.fundacionsancebrian.com\/portal\/wp-content\/uploads\/2018\/11\/sdg-es-08-75x75.png 75w\" sizes=\"(max-width: 150px) 100vw, 150px\" \/> <img loading=\"lazy\" loading=\"lazy\" decoding=\"async\" class=\"alignleft size-full wp-image-4597\" src=\"http:\/\/www.fundacionsancebrian.com\/portal\/wp-content\/uploads\/2018\/11\/sdg-es-10.png\" alt=\"Objetivo 10: reducir la desigualdad entre pa\u00edses.\" width=\"150\" height=\"150\" srcset=\"https:\/\/www.fundacionsancebrian.com\/portal\/wp-content\/uploads\/2018\/11\/sdg-es-10.png 150w, https:\/\/www.fundacionsancebrian.com\/portal\/wp-content\/uploads\/2018\/11\/sdg-es-10-100x100.png 100w, https:\/\/www.fundacionsancebrian.com\/portal\/wp-content\/uploads\/2018\/11\/sdg-es-10-75x75.png 75w\" sizes=\"auto, (max-width: 150px) 100vw, 150px\" \/> <img loading=\"lazy\" loading=\"lazy\" decoding=\"async\" class=\"alignleft size-full wp-image-4603\" src=\"http:\/\/www.fundacionsancebrian.com\/portal\/wp-content\/uploads\/2018\/11\/sdg-es-16.png\" alt=\"\" width=\"150\" height=\"150\" srcset=\"https:\/\/www.fundacionsancebrian.com\/portal\/wp-content\/uploads\/2018\/11\/sdg-es-16.png 150w, https:\/\/www.fundacionsancebrian.com\/portal\/wp-content\/uploads\/2018\/11\/sdg-es-16-100x100.png 100w, https:\/\/www.fundacionsancebrian.com\/portal\/wp-content\/uploads\/2018\/11\/sdg-es-16-75x75.png 75w\" sizes=\"auto, (max-width: 150px) 100vw, 150px\" \/><\/p>\n<\/div>\n<\/div><\/div><\/div><\/div><\/div>","protected":false},"excerpt":{"rendered":"<p>Comienza el programa de orientaci\u00f3n en el empleo y autoempleo El Programa de orientaci\u00f3n\u00a0profesional para el empleo y asistencia para el autoempleo dirigido a parados de larga duraci\u00f3n (PROALPD) en Castilla y Le\u00f3n, permitir\u00e1 a las organizaciones de la federaci\u00f3n regional Plena inclusi\u00f3n (que hayan concurrido a esta convocatoria de subvenciones) desarrollar acciones orientadas a [&hellip;]<\/p>\n","protected":false},"author":2,"featured_media":5161,"comment_status":"open","ping_status":"open","sticky":false,"template":"","format":"standard","meta":{"_seopress_robots_primary_cat":"","_seopress_titles_title":"","_seopress_titles_desc":"","_seopress_robots_index":"","_eb_attr":"","footnotes":""},"categories":[8],"tags":[],"class_list":["post-5159","post","type-post","status-publish","format-standard","has-post-thumbnail","hentry","category-noticias","post-with-thumbnail","post-with-thumbnail-icon"],"_links":{"self":[{"href":"https:\/\/www.fundacionsancebrian.com\/portal\/wp-json\/wp\/v2\/posts\/5159","targetHints":{"allow":["GET"]}}],"collection":[{"href":"https:\/\/www.fundacionsancebrian.com\/portal\/wp-json\/wp\/v2\/posts"}],"about":[{"href":"https:\/\/www.fundacionsancebrian.com\/portal\/wp-json\/wp\/v2\/types\/post"}],"author":[{"embeddable":true,"href":"https:\/\/www.fundacionsancebrian.com\/portal\/wp-json\/wp\/v2\/users\/2"}],"replies":[{"embeddable":true,"href":"https:\/\/www.fundacionsancebrian.com\/portal\/wp-json\/wp\/v2\/comments?post=5159"}],"version-history":[{"count":3,"href":"https:\/\/www.fundacionsancebrian.com\/portal\/wp-json\/wp\/v2\/posts\/5159\/revisions"}],"predecessor-version":[{"id":5169,"href":"https:\/\/www.fundacionsancebrian.com\/portal\/wp-json\/wp\/v2\/posts\/5159\/revisions\/5169"}],"wp:featuredmedia":[{"embeddable":true,"href":"https:\/\/www.fundacionsancebrian.com\/portal\/wp-json\/wp\/v2\/media\/5161"}],"wp:attachment":[{"href":"https:\/\/www.fundacionsancebrian.com\/portal\/wp-json\/wp\/v2\/media?parent=5159"}],"wp:term":[{"taxonomy":"category","embeddable":true,"href":"https:\/\/www.fundacionsancebrian.com\/portal\/wp-json\/wp\/v2\/categories?post=5159"},{"taxonomy":"post_tag","embeddable":true,"href":"https:\/\/www.fundacionsancebrian.com\/portal\/wp-json\/wp\/v2\/tags?post=5159"}],"curies":[{"name":"wp","href":"https:\/\/api.w.org\/{rel}","templated":true}]}}