{"id":5618,"date":"2019-09-26T15:55:09","date_gmt":"2019-09-26T13:55:09","guid":{"rendered":"http:\/\/www.fundacionsancebrian.com\/portal\/?p=5618"},"modified":"2019-10-15T13:12:03","modified_gmt":"2019-10-15T11:12:03","slug":"grupo-fundacion-san-cebrian-acude-al-encuentro-de-buenas-practicas-de-zaragoza-de-plena-inclusion","status":"publish","type":"post","link":"https:\/\/www.fundacionsancebrian.com\/portal\/grupo-fundacion-san-cebrian-acude-al-encuentro-de-buenas-practicas-de-zaragoza-de-plena-inclusion\/","title":{"rendered":"Grupo Fundaci\u00f3n San Cebri\u00e1n acude al Encuentro de Buenas Pr\u00e1cticas de Zaragoza de Plena Inclusi\u00f3n"},"content":{"rendered":"<div id=\"pl-5618\"  class=\"panel-layout\" ><div id=\"pg-5618-0\"  class=\"panel-grid panel-no-style\" ><div id=\"pgc-5618-0-0\"  class=\"panel-grid-cell\" ><div id=\"panel-5618-0-0-0\" class=\"so-panel widget widget_sow-editor panel-first-child\" data-index=\"0\" ><div\n\t\t\t\n\t\t\tclass=\"so-widget-sow-editor so-widget-sow-editor-base\"\n\t\t\t\n\t\t>\n<div class=\"siteorigin-widget-tinymce textwidget\">\n\t<div lang=\"ES\">\n<div class=\"WordSection1\">\n<h1>Grupo Fundaci\u00f3n San Cebri\u00e1n acude al Encuentro de Buenas Pr\u00e1cticas de Zaragoza de Plena Inclusi\u00f3n<\/h1>\n<\/div>\n<\/div>\n<div class=\"su-divider su-divider-style-default\" style=\"margin:0px 0;border-width:1px;border-color:#999999\"><\/div>\n<p>&nbsp;<\/p>\n<p><a href=\"http:\/\/www.fundacionsancebrian.com\/portal\/wp-content\/uploads\/2019\/09\/WhatsApp-Image-2019-09-26-at-12.59.57.jpeg\"><img fetchpriority=\"high\" fetchpriority=\"high\" decoding=\"async\" class=\"alignright wp-image-5619 \" src=\"http:\/\/www.fundacionsancebrian.com\/portal\/wp-content\/uploads\/2019\/09\/WhatsApp-Image-2019-09-26-at-12.59.57-1024x768.jpeg\" alt=\"\" width=\"550\" height=\"412\" srcset=\"https:\/\/www.fundacionsancebrian.com\/portal\/wp-content\/uploads\/2019\/09\/WhatsApp-Image-2019-09-26-at-12.59.57-1024x768.jpeg 1024w, https:\/\/www.fundacionsancebrian.com\/portal\/wp-content\/uploads\/2019\/09\/WhatsApp-Image-2019-09-26-at-12.59.57-300x225.jpeg 300w, https:\/\/www.fundacionsancebrian.com\/portal\/wp-content\/uploads\/2019\/09\/WhatsApp-Image-2019-09-26-at-12.59.57-768x576.jpeg 768w, https:\/\/www.fundacionsancebrian.com\/portal\/wp-content\/uploads\/2019\/09\/WhatsApp-Image-2019-09-26-at-12.59.57-600x450.jpeg 600w, https:\/\/www.fundacionsancebrian.com\/portal\/wp-content\/uploads\/2019\/09\/WhatsApp-Image-2019-09-26-at-12.59.57.jpeg 1600w\" sizes=\"(max-width: 550px) 100vw, 550px\" \/><\/a>La Directora General del Grupo Fundaci\u00f3n San Cebri\u00e1n, Eva del R\u00edo y la Directora de Innovaci\u00f3n y proyectos, Mar\u00eda Jos\u00e9 Rodr\u00edguez asisten al Encuentro de Buenas Pr\u00e1cticas de Plena Inclusi\u00f3n, que se celebra hoy y ma\u00f1ana en Zaragoza. El encuentro se trata de la mayor cita organizada por este movimiento asociativo, en 2019, con el objetivo de trabajar por la innovaci\u00f3n social, el conocimiento y la transformaci\u00f3n de los modelos de apoyo, centros y servicios para las personas con discapacidad intelectual o del desarrollo que ofrecen las m\u00e1s de 925 organizaciones que trabajan bajo el paraguas de Plena inclusi\u00f3n en todo el Estado.<\/p>\n<p>Las denominadas Pr\u00e1cticas Admirables que se presentar\u00e1n a lo largo del encuentro, <strong>15 en total<\/strong> <strong>(2 de Castilla y Le\u00f3n),<\/strong> han sido seleccionadas por un jurado compuesto por m\u00e1s de cien profesionales de la discapacidad intelectual entre 270 candidaturas presentadas por entidades de Plena inclusi\u00f3n y otras externas a este movimiento asociativo. Las pr\u00e1cticas de Castilla y Le\u00f3n son \u201cGenerando sinergias con la Administraci\u00f3n\u2026\u201d de la Federaci\u00f3n, y \u201cVida independiente\u2026\u201d de Asprodes Salamanca.<\/p>\n<p>El Grupo Fundaci\u00f3n San Cebri\u00e1n presentar\u00e1 de la mano de Plena Inclusi\u00f3n Castilla y Le\u00f3n y Pronisa \u00c1vila la pr\u00e1ctica \u2018Generando Sinergias con la administraci\u00f3n\u2019 con los proyectos \u2018A gusto en mi casa\u2019-Pronisa y el Proyecto Intecum- Grupo Fundaci\u00f3n San Cebri\u00e1n.<\/p>\n<p>Adem\u00e1s, el <strong>Encuentro cuenta con ponencias de expertos<\/strong> que abordar\u00e1n nuevos modelos de atenci\u00f3n como los internacionales Rob Greig, experto en desarrollo de pol\u00edticas para la inclusi\u00f3n de Reino Unido y Beth Mount, consultora internacional de inclusi\u00f3n en EEUU; as\u00ed como los nacionales Mirko Gerolin, adjunto a direcci\u00f3n de Gorabide; Agust\u00edn Illera, calidad Gautena; Fernando Sierra, director de Euskalit; y Jos\u00e9 Antonio Corraliza, catedr\u00e1tico de psicolog\u00eda.<\/p>\n<p><strong>M\u00e1s informaci\u00f3n: <\/strong><\/p>\n<ul>\n<li>Todas las Practicas Admirables <a href=\"http:\/\/www.plenainclusion.org\/informate\/encuentros\/2encuentro-practicas-admirables\/seleccionadas\/mejores\">aqu\u00ed<\/a><\/li>\n<li>Todas las Mejores Pr\u00e1cticas <a href=\"http:\/\/www.plenainclusion.org\/informate\/encuentros\/2encuentro-practicas-admirables\/seleccionadas\/mejores\">aqu\u00ed<\/a><\/li>\n<\/ul>\n<\/div>\n<\/div><\/div><div id=\"panel-5618-0-0-1\" class=\"so-panel widget widget_sow-editor panel-last-child\" data-index=\"1\" ><div\n\t\t\t\n\t\t\tclass=\"so-widget-sow-editor so-widget-sow-editor-base\"\n\t\t\t\n\t\t>\n<div class=\"siteorigin-widget-tinymce textwidget\">\n\t<p>Los\u00a0<strong>Objetivos del Desarrollo Sostenible 2030<\/strong>\u00a0a los que este proyecto contribuye son:<\/p>\n<p><a href=\"http:\/\/www.fundacionsancebrian.com\/portal\/wp-content\/uploads\/2018\/11\/sdg-es-09.png\"><img decoding=\"async\" class=\"size-full wp-image-4596 alignleft\" src=\"http:\/\/www.fundacionsancebrian.com\/portal\/wp-content\/uploads\/2018\/11\/sdg-es-09.png\" alt=\"\" width=\"150\" height=\"150\" srcset=\"https:\/\/www.fundacionsancebrian.com\/portal\/wp-content\/uploads\/2018\/11\/sdg-es-09.png 150w, https:\/\/www.fundacionsancebrian.com\/portal\/wp-content\/uploads\/2018\/11\/sdg-es-09-100x100.png 100w, https:\/\/www.fundacionsancebrian.com\/portal\/wp-content\/uploads\/2018\/11\/sdg-es-09-75x75.png 75w\" sizes=\"(max-width: 150px) 100vw, 150px\" \/><\/a> <a href=\"http:\/\/www.fundacionsancebrian.com\/portal\/wp-content\/uploads\/2018\/11\/sdg-es-10.png\"><img decoding=\"async\" class=\"size-full wp-image-4597 alignleft\" src=\"http:\/\/www.fundacionsancebrian.com\/portal\/wp-content\/uploads\/2018\/11\/sdg-es-10.png\" alt=\"Objetivo 10: reducir la desigualdad entre pa\u00edses.\" width=\"150\" height=\"150\" srcset=\"https:\/\/www.fundacionsancebrian.com\/portal\/wp-content\/uploads\/2018\/11\/sdg-es-10.png 150w, https:\/\/www.fundacionsancebrian.com\/portal\/wp-content\/uploads\/2018\/11\/sdg-es-10-100x100.png 100w, https:\/\/www.fundacionsancebrian.com\/portal\/wp-content\/uploads\/2018\/11\/sdg-es-10-75x75.png 75w\" sizes=\"(max-width: 150px) 100vw, 150px\" \/><\/a> <a href=\"http:\/\/www.fundacionsancebrian.com\/portal\/wp-content\/uploads\/2018\/11\/sdg-es-11.png\"><img loading=\"lazy\" loading=\"lazy\" decoding=\"async\" class=\"size-full wp-image-4598 alignleft\" src=\"http:\/\/www.fundacionsancebrian.com\/portal\/wp-content\/uploads\/2018\/11\/sdg-es-11.png\" alt=\"\" width=\"150\" height=\"150\" srcset=\"https:\/\/www.fundacionsancebrian.com\/portal\/wp-content\/uploads\/2018\/11\/sdg-es-11.png 150w, https:\/\/www.fundacionsancebrian.com\/portal\/wp-content\/uploads\/2018\/11\/sdg-es-11-100x100.png 100w, https:\/\/www.fundacionsancebrian.com\/portal\/wp-content\/uploads\/2018\/11\/sdg-es-11-75x75.png 75w\" sizes=\"auto, (max-width: 150px) 100vw, 150px\" \/><\/a> <a href=\"http:\/\/www.fundacionsancebrian.com\/portal\/wp-content\/uploads\/2018\/11\/sdg-es-16.png\"><img loading=\"lazy\" loading=\"lazy\" decoding=\"async\" class=\"size-full wp-image-4603 alignleft\" src=\"http:\/\/www.fundacionsancebrian.com\/portal\/wp-content\/uploads\/2018\/11\/sdg-es-16.png\" alt=\"\" width=\"150\" height=\"150\" srcset=\"https:\/\/www.fundacionsancebrian.com\/portal\/wp-content\/uploads\/2018\/11\/sdg-es-16.png 150w, https:\/\/www.fundacionsancebrian.com\/portal\/wp-content\/uploads\/2018\/11\/sdg-es-16-100x100.png 100w, https:\/\/www.fundacionsancebrian.com\/portal\/wp-content\/uploads\/2018\/11\/sdg-es-16-75x75.png 75w\" sizes=\"auto, (max-width: 150px) 100vw, 150px\" \/><\/a> <a href=\"http:\/\/www.fundacionsancebrian.com\/portal\/wp-content\/uploads\/2018\/11\/sdg-es-17.png\"><img loading=\"lazy\" loading=\"lazy\" decoding=\"async\" class=\"size-full wp-image-4604 alignleft\" src=\"http:\/\/www.fundacionsancebrian.com\/portal\/wp-content\/uploads\/2018\/11\/sdg-es-17.png\" alt=\"\" width=\"150\" height=\"150\" srcset=\"https:\/\/www.fundacionsancebrian.com\/portal\/wp-content\/uploads\/2018\/11\/sdg-es-17.png 150w, https:\/\/www.fundacionsancebrian.com\/portal\/wp-content\/uploads\/2018\/11\/sdg-es-17-100x100.png 100w, https:\/\/www.fundacionsancebrian.com\/portal\/wp-content\/uploads\/2018\/11\/sdg-es-17-75x75.png 75w\" sizes=\"auto, (max-width: 150px) 100vw, 150px\" \/><\/a><\/p>\n<\/div>\n<\/div><\/div><\/div><\/div><\/div>","protected":false},"excerpt":{"rendered":"<p>Grupo Fundaci\u00f3n San Cebri\u00e1n acude al Encuentro de Buenas Pr\u00e1cticas de Zaragoza de Plena Inclusi\u00f3n &nbsp; La Directora General del Grupo Fundaci\u00f3n San Cebri\u00e1n, Eva del R\u00edo y la Directora de Innovaci\u00f3n y proyectos, Mar\u00eda Jos\u00e9 Rodr\u00edguez asisten al Encuentro de Buenas Pr\u00e1cticas de Plena Inclusi\u00f3n, que se celebra hoy y ma\u00f1ana en Zaragoza. El [&hellip;]<\/p>\n","protected":false},"author":2,"featured_media":5619,"comment_status":"open","ping_status":"open","sticky":false,"template":"","format":"standard","meta":{"_seopress_robots_primary_cat":"","_seopress_titles_title":"","_seopress_titles_desc":"","_seopress_robots_index":"","_eb_attr":"","footnotes":""},"categories":[8],"tags":[],"class_list":["post-5618","post","type-post","status-publish","format-standard","has-post-thumbnail","hentry","category-noticias","post-with-thumbnail","post-with-thumbnail-icon"],"_links":{"self":[{"href":"https:\/\/www.fundacionsancebrian.com\/portal\/wp-json\/wp\/v2\/posts\/5618","targetHints":{"allow":["GET"]}}],"collection":[{"href":"https:\/\/www.fundacionsancebrian.com\/portal\/wp-json\/wp\/v2\/posts"}],"about":[{"href":"https:\/\/www.fundacionsancebrian.com\/portal\/wp-json\/wp\/v2\/types\/post"}],"author":[{"embeddable":true,"href":"https:\/\/www.fundacionsancebrian.com\/portal\/wp-json\/wp\/v2\/users\/2"}],"replies":[{"embeddable":true,"href":"https:\/\/www.fundacionsancebrian.com\/portal\/wp-json\/wp\/v2\/comments?post=5618"}],"version-history":[{"count":3,"href":"https:\/\/www.fundacionsancebrian.com\/portal\/wp-json\/wp\/v2\/posts\/5618\/revisions"}],"predecessor-version":[{"id":5681,"href":"https:\/\/www.fundacionsancebrian.com\/portal\/wp-json\/wp\/v2\/posts\/5618\/revisions\/5681"}],"wp:featuredmedia":[{"embeddable":true,"href":"https:\/\/www.fundacionsancebrian.com\/portal\/wp-json\/wp\/v2\/media\/5619"}],"wp:attachment":[{"href":"https:\/\/www.fundacionsancebrian.com\/portal\/wp-json\/wp\/v2\/media?parent=5618"}],"wp:term":[{"taxonomy":"category","embeddable":true,"href":"https:\/\/www.fundacionsancebrian.com\/portal\/wp-json\/wp\/v2\/categories?post=5618"},{"taxonomy":"post_tag","embeddable":true,"href":"https:\/\/www.fundacionsancebrian.com\/portal\/wp-json\/wp\/v2\/tags?post=5618"}],"curies":[{"name":"wp","href":"https:\/\/api.w.org\/{rel}","templated":true}]}}