{"id":5621,"date":"2019-09-30T14:27:50","date_gmt":"2019-09-30T12:27:50","guid":{"rendered":"http:\/\/www.fundacionsancebrian.com\/portal\/?p=5621"},"modified":"2019-10-15T13:08:32","modified_gmt":"2019-10-15T11:08:32","slug":"mas-de-900-personas-participaron-en-la-x-marcha-inclusiva","status":"publish","type":"post","link":"https:\/\/www.fundacionsancebrian.com\/portal\/mas-de-900-personas-participaron-en-la-x-marcha-inclusiva\/","title":{"rendered":"M\u00e1s de 900 personas participaron en la X Marcha Inclusiva"},"content":{"rendered":"<div id=\"pl-5621\"  class=\"panel-layout\" ><div id=\"pg-5621-0\"  class=\"panel-grid panel-no-style\" ><div id=\"pgc-5621-0-0\"  class=\"panel-grid-cell\" ><div id=\"panel-5621-0-0-0\" class=\"so-panel widget widget_sow-editor panel-first-child\" data-index=\"0\" ><div\n\t\t\t\n\t\t\tclass=\"so-widget-sow-editor so-widget-sow-editor-base\"\n\t\t\t\n\t\t>\n<div class=\"siteorigin-widget-tinymce textwidget\">\n\t<div lang=\"ES\">\n<div class=\"WordSection1\">\n<h1>M\u00e1s de 900 personas participaron en la X Marcha Inclusiva<\/h1>\n<\/div>\n<\/div>\n<div class=\"su-divider su-divider-style-default\" style=\"margin:0px 0;border-width:1px;border-color:#999999\"><\/div>\n<p>&nbsp;<\/p>\n<p><a href=\"http:\/\/www.fundacionsancebrian.com\/portal\/wp-content\/uploads\/2019\/09\/DSC0265-1.jpg\"><img fetchpriority=\"high\" fetchpriority=\"high\" decoding=\"async\" class=\"alignright wp-image-5625\" src=\"http:\/\/www.fundacionsancebrian.com\/portal\/wp-content\/uploads\/2019\/09\/DSC0265-1-1024x683.jpg\" alt=\"\" width=\"550\" height=\"367\" srcset=\"https:\/\/www.fundacionsancebrian.com\/portal\/wp-content\/uploads\/2019\/09\/DSC0265-1-1024x683.jpg 1024w, https:\/\/www.fundacionsancebrian.com\/portal\/wp-content\/uploads\/2019\/09\/DSC0265-1-300x200.jpg 300w, https:\/\/www.fundacionsancebrian.com\/portal\/wp-content\/uploads\/2019\/09\/DSC0265-1-768x512.jpg 768w, https:\/\/www.fundacionsancebrian.com\/portal\/wp-content\/uploads\/2019\/09\/DSC0265-1-600x400.jpg 600w, https:\/\/www.fundacionsancebrian.com\/portal\/wp-content\/uploads\/2019\/09\/DSC0265-1-272x182.jpg 272w, https:\/\/www.fundacionsancebrian.com\/portal\/wp-content\/uploads\/2019\/09\/DSC0265-1.jpg 1080w\" sizes=\"(max-width: 550px) 100vw, 550px\" \/><\/a>M\u00e1s de 900 personas han participado en el d\u00e9cimo aniversario de la Marcha Inclusiva del Grupo Fundaci\u00f3n San Cebri\u00e1n, que ha transcurrido entre las localidades de Monz\u00f3n de Campos y San Cebri\u00e1n de Campos. 13 kil\u00f3metros de recorrido con un \u00fanico objetivo, visibilizar las capacidades de las personas con discapacidad intelectual.<\/p>\n<p>Al acto inaugural acudieron: el delegado de la Junta, Jos\u00e9 Antonio Rubio; el diputado de Servicios Sociales, Alfonso Polanco; el alcalde de Monz\u00f3n, Mariano Mart\u00ednez; y el alcalde de Fr\u00f3mista, Fernando D\u00edez, acompa\u00f1ados de la directora general de la entidad, Eva del R\u00edo. Adem\u00e1s, estuvieron presentes jugadores de los equipos que han ejercido de madrinas de la marcha: Club Rugby Palencia; FIlipenses Baloncesto; Club Balonmano Palencia, Futbol Palencia femenino y Club Deportivo San Cebri\u00e1n.<\/p>\n<p>La Directora General, Eva del R\u00edo, ensalz\u00f3 la importancia de actos como la marcha que <em>\"ayudan a visibilizar a nuestras personas y nos permite convivir con la comunidad para que sean conocedores de sus capacidades\"<\/em><\/p>\n<p>El recorrido se ha realizado sin ning\u00fan incidente y a la llegada los andarines han podido disfrutar de m\u00fasica, pintacaras, hinchables, taller de grafiti, sorteo de regalos y comida. La comida, que consisti\u00f3 en una fideu\u00e1 fue elaborada por el cocinero Roberto Espeso con la ayuda de alumnos del curso de cocina.<\/p>\n<p><a href=\"https:\/\/www.flickr.com\/photos\/136135221@N07\/albums\/72157711108983651\">Puedes ver el resto de las fotograf\u00edas en nuestro \u00e1lbum de Flickr<\/a><\/p>\n<\/div>\n<\/div><\/div><div id=\"panel-5621-0-0-1\" class=\"so-panel widget widget_sow-editor panel-last-child\" data-index=\"1\" ><div\n\t\t\t\n\t\t\tclass=\"so-widget-sow-editor so-widget-sow-editor-base\"\n\t\t\t\n\t\t>\n<div class=\"siteorigin-widget-tinymce textwidget\">\n\t<p>Los\u00a0<strong>Objetivos del Desarrollo Sostenible 2030<\/strong>\u00a0a los que este proyecto contribuye son:<\/p>\n<p><a href=\"http:\/\/www.fundacionsancebrian.com\/portal\/wp-content\/uploads\/2018\/11\/sdg-es-03.png\"><img decoding=\"async\" class=\"size-full wp-image-4590 alignleft\" src=\"http:\/\/www.fundacionsancebrian.com\/portal\/wp-content\/uploads\/2018\/11\/sdg-es-03.png\" alt=\"\" width=\"150\" height=\"150\" srcset=\"https:\/\/www.fundacionsancebrian.com\/portal\/wp-content\/uploads\/2018\/11\/sdg-es-03.png 150w, https:\/\/www.fundacionsancebrian.com\/portal\/wp-content\/uploads\/2018\/11\/sdg-es-03-100x100.png 100w, https:\/\/www.fundacionsancebrian.com\/portal\/wp-content\/uploads\/2018\/11\/sdg-es-03-75x75.png 75w\" sizes=\"(max-width: 150px) 100vw, 150px\" \/><\/a> <a href=\"http:\/\/www.fundacionsancebrian.com\/portal\/wp-content\/uploads\/2018\/11\/sdg-es-08.png\"><img decoding=\"async\" class=\"size-full wp-image-4595 alignleft\" src=\"http:\/\/www.fundacionsancebrian.com\/portal\/wp-content\/uploads\/2018\/11\/sdg-es-08.png\" alt=\"\" width=\"150\" height=\"150\" srcset=\"https:\/\/www.fundacionsancebrian.com\/portal\/wp-content\/uploads\/2018\/11\/sdg-es-08.png 150w, https:\/\/www.fundacionsancebrian.com\/portal\/wp-content\/uploads\/2018\/11\/sdg-es-08-100x100.png 100w, https:\/\/www.fundacionsancebrian.com\/portal\/wp-content\/uploads\/2018\/11\/sdg-es-08-75x75.png 75w\" sizes=\"(max-width: 150px) 100vw, 150px\" \/><\/a> <a href=\"http:\/\/www.fundacionsancebrian.com\/portal\/wp-content\/uploads\/2018\/11\/sdg-es-09.png\"><img loading=\"lazy\" loading=\"lazy\" decoding=\"async\" class=\"size-full wp-image-4596 alignleft\" src=\"http:\/\/www.fundacionsancebrian.com\/portal\/wp-content\/uploads\/2018\/11\/sdg-es-09.png\" alt=\"\" width=\"150\" height=\"150\" srcset=\"https:\/\/www.fundacionsancebrian.com\/portal\/wp-content\/uploads\/2018\/11\/sdg-es-09.png 150w, https:\/\/www.fundacionsancebrian.com\/portal\/wp-content\/uploads\/2018\/11\/sdg-es-09-100x100.png 100w, https:\/\/www.fundacionsancebrian.com\/portal\/wp-content\/uploads\/2018\/11\/sdg-es-09-75x75.png 75w\" sizes=\"auto, (max-width: 150px) 100vw, 150px\" \/><\/a> <a href=\"http:\/\/www.fundacionsancebrian.com\/portal\/wp-content\/uploads\/2018\/11\/sdg-es-11.png\"><img loading=\"lazy\" loading=\"lazy\" decoding=\"async\" class=\"size-full wp-image-4598 alignleft\" src=\"http:\/\/www.fundacionsancebrian.com\/portal\/wp-content\/uploads\/2018\/11\/sdg-es-11.png\" alt=\"\" width=\"150\" height=\"150\" srcset=\"https:\/\/www.fundacionsancebrian.com\/portal\/wp-content\/uploads\/2018\/11\/sdg-es-11.png 150w, https:\/\/www.fundacionsancebrian.com\/portal\/wp-content\/uploads\/2018\/11\/sdg-es-11-100x100.png 100w, https:\/\/www.fundacionsancebrian.com\/portal\/wp-content\/uploads\/2018\/11\/sdg-es-11-75x75.png 75w\" sizes=\"auto, (max-width: 150px) 100vw, 150px\" \/><\/a> <a href=\"http:\/\/www.fundacionsancebrian.com\/portal\/wp-content\/uploads\/2018\/11\/sdg-es-17.png\"><img loading=\"lazy\" loading=\"lazy\" decoding=\"async\" class=\"size-full wp-image-4604 alignleft\" src=\"http:\/\/www.fundacionsancebrian.com\/portal\/wp-content\/uploads\/2018\/11\/sdg-es-17.png\" alt=\"\" width=\"150\" height=\"150\" srcset=\"https:\/\/www.fundacionsancebrian.com\/portal\/wp-content\/uploads\/2018\/11\/sdg-es-17.png 150w, https:\/\/www.fundacionsancebrian.com\/portal\/wp-content\/uploads\/2018\/11\/sdg-es-17-100x100.png 100w, https:\/\/www.fundacionsancebrian.com\/portal\/wp-content\/uploads\/2018\/11\/sdg-es-17-75x75.png 75w\" sizes=\"auto, (max-width: 150px) 100vw, 150px\" \/><\/a><\/p>\n<\/div>\n<\/div><\/div><\/div><\/div><\/div>","protected":false},"excerpt":{"rendered":"<p>M\u00e1s de 900 personas participaron en la X Marcha Inclusiva &nbsp; M\u00e1s de 900 personas han participado en el d\u00e9cimo aniversario de la Marcha Inclusiva del Grupo Fundaci\u00f3n San Cebri\u00e1n, que ha transcurrido entre las localidades de Monz\u00f3n de Campos y San Cebri\u00e1n de Campos. 13 kil\u00f3metros de recorrido con un \u00fanico objetivo, visibilizar las [&hellip;]<\/p>\n","protected":false},"author":2,"featured_media":5625,"comment_status":"open","ping_status":"open","sticky":false,"template":"","format":"standard","meta":{"_seopress_robots_primary_cat":"","_seopress_titles_title":"","_seopress_titles_desc":"","_seopress_robots_index":"","_eb_attr":"","footnotes":""},"categories":[8],"tags":[],"class_list":["post-5621","post","type-post","status-publish","format-standard","has-post-thumbnail","hentry","category-noticias","post-with-thumbnail","post-with-thumbnail-icon"],"_links":{"self":[{"href":"https:\/\/www.fundacionsancebrian.com\/portal\/wp-json\/wp\/v2\/posts\/5621","targetHints":{"allow":["GET"]}}],"collection":[{"href":"https:\/\/www.fundacionsancebrian.com\/portal\/wp-json\/wp\/v2\/posts"}],"about":[{"href":"https:\/\/www.fundacionsancebrian.com\/portal\/wp-json\/wp\/v2\/types\/post"}],"author":[{"embeddable":true,"href":"https:\/\/www.fundacionsancebrian.com\/portal\/wp-json\/wp\/v2\/users\/2"}],"replies":[{"embeddable":true,"href":"https:\/\/www.fundacionsancebrian.com\/portal\/wp-json\/wp\/v2\/comments?post=5621"}],"version-history":[{"count":3,"href":"https:\/\/www.fundacionsancebrian.com\/portal\/wp-json\/wp\/v2\/posts\/5621\/revisions"}],"predecessor-version":[{"id":5679,"href":"https:\/\/www.fundacionsancebrian.com\/portal\/wp-json\/wp\/v2\/posts\/5621\/revisions\/5679"}],"wp:featuredmedia":[{"embeddable":true,"href":"https:\/\/www.fundacionsancebrian.com\/portal\/wp-json\/wp\/v2\/media\/5625"}],"wp:attachment":[{"href":"https:\/\/www.fundacionsancebrian.com\/portal\/wp-json\/wp\/v2\/media?parent=5621"}],"wp:term":[{"taxonomy":"category","embeddable":true,"href":"https:\/\/www.fundacionsancebrian.com\/portal\/wp-json\/wp\/v2\/categories?post=5621"},{"taxonomy":"post_tag","embeddable":true,"href":"https:\/\/www.fundacionsancebrian.com\/portal\/wp-json\/wp\/v2\/tags?post=5621"}],"curies":[{"name":"wp","href":"https:\/\/api.w.org\/{rel}","templated":true}]}}