{"id":5647,"date":"2019-10-03T13:52:39","date_gmt":"2019-10-03T11:52:39","guid":{"rendered":"http:\/\/www.fundacionsancebrian.com\/portal\/?p=5647"},"modified":"2019-10-15T13:06:13","modified_gmt":"2019-10-15T11:06:13","slug":"el-grupo-fundacion-san-cebrian-se-suma-a-la-campana-dale-la-vuelta-para-visibilizar-la-paralisis-cerebral","status":"publish","type":"post","link":"https:\/\/www.fundacionsancebrian.com\/portal\/el-grupo-fundacion-san-cebrian-se-suma-a-la-campana-dale-la-vuelta-para-visibilizar-la-paralisis-cerebral\/","title":{"rendered":"El Grupo Fundaci\u00f3n San Cebri\u00e1n se suma a la campa\u00f1a \u2018Dale la vuelta\u2019 para visibilizar la par\u00e1lisis cerebral"},"content":{"rendered":"<div id=\"pl-5647\"  class=\"panel-layout\" ><div id=\"pg-5647-0\"  class=\"panel-grid panel-no-style\" ><div id=\"pgc-5647-0-0\"  class=\"panel-grid-cell\" ><div id=\"panel-5647-0-0-0\" class=\"so-panel widget widget_sow-editor panel-first-child\" data-index=\"0\" ><div\n\t\t\t\n\t\t\tclass=\"so-widget-sow-editor so-widget-sow-editor-base\"\n\t\t\t\n\t\t>\n<div class=\"siteorigin-widget-tinymce textwidget\">\n\t<div lang=\"ES\">\n<div class=\"WordSection1\">\n<h1>El Grupo Fundaci\u00f3n San Cebri\u00e1n se suma a la campa\u00f1a \u2018Dale la vuelta\u2019 para visibilizar la par\u00e1lisis cerebral<\/h1>\n<\/div>\n<\/div>\n<div class=\"su-divider su-divider-style-default\" style=\"margin:0px 0;border-width:1px;border-color:#999999\"><\/div>\n<p>&nbsp;<\/p>\n<p><a href=\"http:\/\/www.fundacionsancebrian.com\/portal\/wp-content\/uploads\/2019\/10\/DALE-LA-VUELTA-1.jpg\"><img fetchpriority=\"high\" fetchpriority=\"high\" decoding=\"async\" class=\"alignright  wp-image-5649\" src=\"http:\/\/www.fundacionsancebrian.com\/portal\/wp-content\/uploads\/2019\/10\/DALE-LA-VUELTA-1-1024x899.jpg\" alt=\"\" width=\"550\" height=\"483\" srcset=\"https:\/\/www.fundacionsancebrian.com\/portal\/wp-content\/uploads\/2019\/10\/DALE-LA-VUELTA-1-1024x899.jpg 1024w, https:\/\/www.fundacionsancebrian.com\/portal\/wp-content\/uploads\/2019\/10\/DALE-LA-VUELTA-1-300x263.jpg 300w, https:\/\/www.fundacionsancebrian.com\/portal\/wp-content\/uploads\/2019\/10\/DALE-LA-VUELTA-1-768x674.jpg 768w, https:\/\/www.fundacionsancebrian.com\/portal\/wp-content\/uploads\/2019\/10\/DALE-LA-VUELTA-1-600x527.jpg 600w, https:\/\/www.fundacionsancebrian.com\/portal\/wp-content\/uploads\/2019\/10\/DALE-LA-VUELTA-1.jpg 1080w\" sizes=\"(max-width: 550px) 100vw, 550px\" \/><\/a>El Grupo Fundaci\u00f3n San Cebri\u00e1n se suma a esta campa\u00f1a del movimiento ASPACE, que pretende dar visibilidad a la discriminaci\u00f3n a la que cada d\u00eda se enfrentan las personas con\u00a0<a href=\"https:\/\/www.discapnet.es\/areas-tematicas\/salud\/discapacidades\/desarrollo-motor\/paralisis-cerebral\">par\u00e1lisis cerebral<\/a>\u00a0y reclamar as\u00ed su\u00a0<a href=\"https:\/\/www.discapnet.es\/areas-tematicas\/nuestros-derechos\/tus-derechos-fondo\/otros-temas\/el-principio-de-igualdad-de\">derecho a la igualdad<\/a>\u00a0y la no discriminaci\u00f3n, el\u00a0<a href=\"https:\/\/www.discapnet.es\/areas-tematicas\/innovacion-y-empleo\">empleo<\/a>\u00a0digno y la inclusi\u00f3n laboral, o la accesibilidad f\u00edsica y cognitiva en todos los aspectos de la vida cotidiana.<\/p>\n<p>Este domingo, 6 de octubre se celebra el <strong>D\u00eda Mundial de la Par\u00e1lisis Cerebral<\/strong><strong>, <\/strong>para reivindicar los derechos de este colectivo recogidos en la\u00a0<a href=\"https:\/\/www.discapnet.es\/areas-tematicas\/nuestros-derechos\/tus-derechos-fondo\/convencion-internacional\">Convenci\u00f3n Internacional sobre los Derechos de las Personas con Discapacidad<\/a>.<\/p>\n<p>&nbsp;<\/p>\n<\/div>\n<\/div><\/div><div id=\"panel-5647-0-0-1\" class=\"so-panel widget widget_sow-editor panel-last-child\" data-index=\"1\" ><div\n\t\t\t\n\t\t\tclass=\"so-widget-sow-editor so-widget-sow-editor-base\"\n\t\t\t\n\t\t>\n<div class=\"siteorigin-widget-tinymce textwidget\">\n\t<p>Los\u00a0<strong>Objetivos del Desarrollo Sostenible 2030<\/strong>\u00a0a los que este proyecto contribuye son:<\/p>\n<p><a href=\"http:\/\/www.fundacionsancebrian.com\/portal\/wp-content\/uploads\/2018\/11\/sdg-es-06.png\"><img decoding=\"async\" class=\"size-full wp-image-4593 alignleft\" src=\"http:\/\/www.fundacionsancebrian.com\/portal\/wp-content\/uploads\/2018\/11\/sdg-es-06.png\" alt=\"\" width=\"150\" height=\"150\" srcset=\"https:\/\/www.fundacionsancebrian.com\/portal\/wp-content\/uploads\/2018\/11\/sdg-es-06.png 150w, https:\/\/www.fundacionsancebrian.com\/portal\/wp-content\/uploads\/2018\/11\/sdg-es-06-100x100.png 100w, https:\/\/www.fundacionsancebrian.com\/portal\/wp-content\/uploads\/2018\/11\/sdg-es-06-75x75.png 75w\" sizes=\"(max-width: 150px) 100vw, 150px\" \/><\/a> <a href=\"http:\/\/www.fundacionsancebrian.com\/portal\/wp-content\/uploads\/2018\/11\/sdg-es-10.png\"><img decoding=\"async\" class=\"size-full wp-image-4597 alignleft\" src=\"http:\/\/www.fundacionsancebrian.com\/portal\/wp-content\/uploads\/2018\/11\/sdg-es-10.png\" alt=\"Objetivo 10: reducir la desigualdad entre pa\u00edses.\" width=\"150\" height=\"150\" srcset=\"https:\/\/www.fundacionsancebrian.com\/portal\/wp-content\/uploads\/2018\/11\/sdg-es-10.png 150w, https:\/\/www.fundacionsancebrian.com\/portal\/wp-content\/uploads\/2018\/11\/sdg-es-10-100x100.png 100w, https:\/\/www.fundacionsancebrian.com\/portal\/wp-content\/uploads\/2018\/11\/sdg-es-10-75x75.png 75w\" sizes=\"(max-width: 150px) 100vw, 150px\" \/><\/a><\/p>\n<\/div>\n<\/div><\/div><\/div><\/div><\/div>","protected":false},"excerpt":{"rendered":"<p>El Grupo Fundaci\u00f3n San Cebri\u00e1n se suma a la campa\u00f1a \u2018Dale la vuelta\u2019 para visibilizar la par\u00e1lisis cerebral &nbsp; El Grupo Fundaci\u00f3n San Cebri\u00e1n se suma a esta campa\u00f1a del movimiento ASPACE, que pretende dar visibilidad a la discriminaci\u00f3n a la que cada d\u00eda se enfrentan las personas con\u00a0par\u00e1lisis cerebral\u00a0y reclamar as\u00ed su\u00a0derecho a la [&hellip;]<\/p>\n","protected":false},"author":2,"featured_media":5649,"comment_status":"open","ping_status":"open","sticky":false,"template":"","format":"standard","meta":{"_seopress_robots_primary_cat":"","_seopress_titles_title":"","_seopress_titles_desc":"","_seopress_robots_index":"","_eb_attr":"","footnotes":""},"categories":[8],"tags":[],"class_list":["post-5647","post","type-post","status-publish","format-standard","has-post-thumbnail","hentry","category-noticias","post-with-thumbnail","post-with-thumbnail-icon"],"_links":{"self":[{"href":"https:\/\/www.fundacionsancebrian.com\/portal\/wp-json\/wp\/v2\/posts\/5647","targetHints":{"allow":["GET"]}}],"collection":[{"href":"https:\/\/www.fundacionsancebrian.com\/portal\/wp-json\/wp\/v2\/posts"}],"about":[{"href":"https:\/\/www.fundacionsancebrian.com\/portal\/wp-json\/wp\/v2\/types\/post"}],"author":[{"embeddable":true,"href":"https:\/\/www.fundacionsancebrian.com\/portal\/wp-json\/wp\/v2\/users\/2"}],"replies":[{"embeddable":true,"href":"https:\/\/www.fundacionsancebrian.com\/portal\/wp-json\/wp\/v2\/comments?post=5647"}],"version-history":[{"count":3,"href":"https:\/\/www.fundacionsancebrian.com\/portal\/wp-json\/wp\/v2\/posts\/5647\/revisions"}],"predecessor-version":[{"id":5677,"href":"https:\/\/www.fundacionsancebrian.com\/portal\/wp-json\/wp\/v2\/posts\/5647\/revisions\/5677"}],"wp:featuredmedia":[{"embeddable":true,"href":"https:\/\/www.fundacionsancebrian.com\/portal\/wp-json\/wp\/v2\/media\/5649"}],"wp:attachment":[{"href":"https:\/\/www.fundacionsancebrian.com\/portal\/wp-json\/wp\/v2\/media?parent=5647"}],"wp:term":[{"taxonomy":"category","embeddable":true,"href":"https:\/\/www.fundacionsancebrian.com\/portal\/wp-json\/wp\/v2\/categories?post=5647"},{"taxonomy":"post_tag","embeddable":true,"href":"https:\/\/www.fundacionsancebrian.com\/portal\/wp-json\/wp\/v2\/tags?post=5647"}],"curies":[{"name":"wp","href":"https:\/\/api.w.org\/{rel}","templated":true}]}}