{"id":5654,"date":"2019-10-08T15:25:27","date_gmt":"2019-10-08T13:25:27","guid":{"rendered":"http:\/\/www.fundacionsancebrian.com\/portal\/?p=5654"},"modified":"2019-10-15T13:05:04","modified_gmt":"2019-10-15T11:05:04","slug":"el-cd-san-cebrian-logra-el-cuarto-puesto-en-categoria-adaptada-en-el-campeonato-de-baloncesto","status":"publish","type":"post","link":"https:\/\/www.fundacionsancebrian.com\/portal\/el-cd-san-cebrian-logra-el-cuarto-puesto-en-categoria-adaptada-en-el-campeonato-de-baloncesto\/","title":{"rendered":"El CD San Cebri\u00e1n logra el cuarto puesto en categor\u00eda adaptada en el Campeonato de Baloncesto"},"content":{"rendered":"<div id=\"pl-5654\"  class=\"panel-layout\" ><div id=\"pg-5654-0\"  class=\"panel-grid panel-no-style\" ><div id=\"pgc-5654-0-0\"  class=\"panel-grid-cell\" ><div id=\"panel-5654-0-0-0\" class=\"so-panel widget widget_sow-editor panel-first-child\" data-index=\"0\" ><div\n\t\t\t\n\t\t\tclass=\"so-widget-sow-editor so-widget-sow-editor-base\"\n\t\t\t\n\t\t>\n<div class=\"siteorigin-widget-tinymce textwidget\">\n\t<div lang=\"ES\">\n<div class=\"WordSection1\">\n<h1>El CD San Cebri\u00e1n logra el cuarto puesto en categor\u00eda adaptada en el Campeonato de Baloncesto<\/h1>\n<\/div>\n<\/div>\n<div class=\"su-divider su-divider-style-default\" style=\"margin:0px 0;border-width:1px;border-color:#999999\"><\/div>\n<p>&nbsp;<\/p>\n<p>El equipo masculino de baloncesto del Club Deportivo San Cebri\u00e1n, dirigidos por Juan Manuel Amor, compiti\u00f3 este fin de semana en el Campeonato de Espa\u00f1a de Baloncesto, organizado por la Federaci\u00f3n Espa\u00f1ola de Deportes para personas con discapacidad en Burgos.<br \/>\nEl Club Deportivo San Cebri\u00e1n logr\u00f3 el cuarto puesto en categor\u00eda adaptada. Los deportistas lo dieron todo pero finalmente no lograron los primeros puestos.<\/p>\n<div class=\"su-custom-gallery su-custom-gallery-align-left su-custom-gallery-title-never\"><div class=\"su-custom-gallery-slide\" style=\"width:220px;height:220px\"><a href=\"https:\/\/www.fundacionsancebrian.com\/portal\/el-cd-san-cebrian-logra-el-cuarto-puesto-en-categoria-adaptada-en-el-campeonato-de-baloncesto\/20191004_182801-1\/#main\" title=\"20191004_182801 (1)\"><img loading=\"lazy\" decoding=\"async\" src=\"https:\/\/www.fundacionsancebrian.com\/portal\/wp-content\/uploads\/2019\/10\/20191004_182801-1-220x220.jpg\" alt=\"20191004_182801 (1)\" width=\"220\" height=\"220\" \/><span class=\"su-custom-gallery-title\">20191004_182801 (1)<\/span><\/a><\/div><div class=\"su-custom-gallery-slide\" style=\"width:220px;height:220px\"><a href=\"https:\/\/www.fundacionsancebrian.com\/portal\/el-cd-san-cebrian-logra-el-cuarto-puesto-en-categoria-adaptada-en-el-campeonato-de-baloncesto\/img-20191004-wa0013-1\/#main\" title=\"IMG-20191004-WA0013 (1)\"><img loading=\"lazy\" decoding=\"async\" src=\"https:\/\/www.fundacionsancebrian.com\/portal\/wp-content\/uploads\/2019\/10\/IMG-20191004-WA0013-1-220x220.jpg\" alt=\"IMG-20191004-WA0013 (1)\" width=\"220\" height=\"220\" \/><span class=\"su-custom-gallery-title\">IMG-20191004-WA0013 (1)<\/span><\/a><\/div><div class=\"su-custom-gallery-slide\" style=\"width:220px;height:220px\"><a href=\"https:\/\/www.fundacionsancebrian.com\/portal\/el-cd-san-cebrian-logra-el-cuarto-puesto-en-categoria-adaptada-en-el-campeonato-de-baloncesto\/img-20191005-wa0004\/#main\" title=\"IMG-20191005-WA0004\"><img loading=\"lazy\" decoding=\"async\" src=\"https:\/\/www.fundacionsancebrian.com\/portal\/wp-content\/uploads\/2019\/10\/IMG-20191005-WA0004-220x220.jpg\" alt=\"IMG-20191005-WA0004\" width=\"220\" height=\"220\" \/><span class=\"su-custom-gallery-title\">IMG-20191005-WA0004<\/span><\/a><\/div><div class=\"su-custom-gallery-slide\" style=\"width:220px;height:220px\"><a href=\"https:\/\/www.fundacionsancebrian.com\/portal\/el-cd-san-cebrian-logra-el-cuarto-puesto-en-categoria-adaptada-en-el-campeonato-de-baloncesto\/img-20191005-wa0006-1\/#main\" title=\"IMG-20191005-WA0006 (1)\"><img loading=\"lazy\" decoding=\"async\" src=\"https:\/\/www.fundacionsancebrian.com\/portal\/wp-content\/uploads\/2019\/10\/IMG-20191005-WA0006-1-220x220.jpg\" alt=\"IMG-20191005-WA0006 (1)\" width=\"220\" height=\"220\" \/><span class=\"su-custom-gallery-title\">IMG-20191005-WA0006 (1)<\/span><\/a><\/div><div class=\"su-clear\"><\/div><\/div>\n<p>&nbsp;<\/p>\n<\/div>\n<\/div><\/div><div id=\"panel-5654-0-0-1\" class=\"so-panel widget widget_sow-editor panel-last-child\" data-index=\"1\" ><div\n\t\t\t\n\t\t\tclass=\"so-widget-sow-editor so-widget-sow-editor-base\"\n\t\t\t\n\t\t>\n<div class=\"siteorigin-widget-tinymce textwidget\">\n\t<p>Los\u00a0<strong>Objetivos del Desarrollo Sostenible 2030<\/strong>\u00a0a los que este proyecto contribuye son:<\/p>\n<p><a href=\"http:\/\/www.fundacionsancebrian.com\/portal\/wp-content\/uploads\/2018\/11\/sdg-es-03.png\"><img decoding=\"async\" class=\"size-full wp-image-4590 alignleft\" src=\"http:\/\/www.fundacionsancebrian.com\/portal\/wp-content\/uploads\/2018\/11\/sdg-es-03.png\" alt=\"\" width=\"150\" height=\"150\" srcset=\"https:\/\/www.fundacionsancebrian.com\/portal\/wp-content\/uploads\/2018\/11\/sdg-es-03.png 150w, https:\/\/www.fundacionsancebrian.com\/portal\/wp-content\/uploads\/2018\/11\/sdg-es-03-100x100.png 100w, https:\/\/www.fundacionsancebrian.com\/portal\/wp-content\/uploads\/2018\/11\/sdg-es-03-75x75.png 75w\" sizes=\"(max-width: 150px) 100vw, 150px\" \/><\/a> <a href=\"http:\/\/www.fundacionsancebrian.com\/portal\/wp-content\/uploads\/2018\/11\/sdg-es-10.png\"><img decoding=\"async\" class=\"size-full wp-image-4597 alignleft\" src=\"http:\/\/www.fundacionsancebrian.com\/portal\/wp-content\/uploads\/2018\/11\/sdg-es-10.png\" alt=\"Objetivo 10: reducir la desigualdad entre pa\u00edses.\" width=\"150\" height=\"150\" srcset=\"https:\/\/www.fundacionsancebrian.com\/portal\/wp-content\/uploads\/2018\/11\/sdg-es-10.png 150w, https:\/\/www.fundacionsancebrian.com\/portal\/wp-content\/uploads\/2018\/11\/sdg-es-10-100x100.png 100w, https:\/\/www.fundacionsancebrian.com\/portal\/wp-content\/uploads\/2018\/11\/sdg-es-10-75x75.png 75w\" sizes=\"(max-width: 150px) 100vw, 150px\" \/><\/a><a href=\"http:\/\/www.fundacionsancebrian.com\/portal\/wp-content\/uploads\/2018\/11\/sdg-es-17.png\"><img decoding=\"async\" class=\"alignleft size-full wp-image-4604\" src=\"http:\/\/www.fundacionsancebrian.com\/portal\/wp-content\/uploads\/2018\/11\/sdg-es-17.png\" alt=\"\" width=\"150\" height=\"150\" srcset=\"https:\/\/www.fundacionsancebrian.com\/portal\/wp-content\/uploads\/2018\/11\/sdg-es-17.png 150w, https:\/\/www.fundacionsancebrian.com\/portal\/wp-content\/uploads\/2018\/11\/sdg-es-17-100x100.png 100w, https:\/\/www.fundacionsancebrian.com\/portal\/wp-content\/uploads\/2018\/11\/sdg-es-17-75x75.png 75w\" sizes=\"(max-width: 150px) 100vw, 150px\" \/><\/a><\/p>\n<\/div>\n<\/div><\/div><\/div><\/div><\/div>","protected":false},"excerpt":{"rendered":"<p>El CD San Cebri\u00e1n logra el cuarto puesto en categor\u00eda adaptada en el Campeonato de Baloncesto &nbsp; El equipo masculino de baloncesto del Club Deportivo San Cebri\u00e1n, dirigidos por Juan Manuel Amor, compiti\u00f3 este fin de semana en el Campeonato de Espa\u00f1a de Baloncesto, organizado por la Federaci\u00f3n Espa\u00f1ola de Deportes para personas con discapacidad [&hellip;]<\/p>\n","protected":false},"author":2,"featured_media":5658,"comment_status":"open","ping_status":"open","sticky":false,"template":"","format":"standard","meta":{"_seopress_robots_primary_cat":"","_seopress_titles_title":"","_seopress_titles_desc":"","_seopress_robots_index":"","_eb_attr":"","footnotes":""},"categories":[8],"tags":[],"class_list":["post-5654","post","type-post","status-publish","format-standard","has-post-thumbnail","hentry","category-noticias","post-with-thumbnail","post-with-thumbnail-icon"],"_links":{"self":[{"href":"https:\/\/www.fundacionsancebrian.com\/portal\/wp-json\/wp\/v2\/posts\/5654","targetHints":{"allow":["GET"]}}],"collection":[{"href":"https:\/\/www.fundacionsancebrian.com\/portal\/wp-json\/wp\/v2\/posts"}],"about":[{"href":"https:\/\/www.fundacionsancebrian.com\/portal\/wp-json\/wp\/v2\/types\/post"}],"author":[{"embeddable":true,"href":"https:\/\/www.fundacionsancebrian.com\/portal\/wp-json\/wp\/v2\/users\/2"}],"replies":[{"embeddable":true,"href":"https:\/\/www.fundacionsancebrian.com\/portal\/wp-json\/wp\/v2\/comments?post=5654"}],"version-history":[{"count":7,"href":"https:\/\/www.fundacionsancebrian.com\/portal\/wp-json\/wp\/v2\/posts\/5654\/revisions"}],"predecessor-version":[{"id":5675,"href":"https:\/\/www.fundacionsancebrian.com\/portal\/wp-json\/wp\/v2\/posts\/5654\/revisions\/5675"}],"wp:featuredmedia":[{"embeddable":true,"href":"https:\/\/www.fundacionsancebrian.com\/portal\/wp-json\/wp\/v2\/media\/5658"}],"wp:attachment":[{"href":"https:\/\/www.fundacionsancebrian.com\/portal\/wp-json\/wp\/v2\/media?parent=5654"}],"wp:term":[{"taxonomy":"category","embeddable":true,"href":"https:\/\/www.fundacionsancebrian.com\/portal\/wp-json\/wp\/v2\/categories?post=5654"},{"taxonomy":"post_tag","embeddable":true,"href":"https:\/\/www.fundacionsancebrian.com\/portal\/wp-json\/wp\/v2\/tags?post=5654"}],"curies":[{"name":"wp","href":"https:\/\/api.w.org\/{rel}","templated":true}]}}